{"id":17083,"date":"2025-02-13T15:45:07","date_gmt":"2025-02-13T12:45:07","guid":{"rendered":"https:\/\/kibrisayna.com\/index.php\/2025\/02\/13\/tirla-carpisan-otomobil-kagit-gibi-ezildi-1-olu-2-yarali\/"},"modified":"2025-02-13T15:45:07","modified_gmt":"2025-02-13T12:45:07","slug":"tirla-carpisan-otomobil-kagit-gibi-ezildi-1-olu-2-yarali","status":"publish","type":"post","link":"https:\/\/kibrisayna.com\/index.php\/2025\/02\/13\/tirla-carpisan-otomobil-kagit-gibi-ezildi-1-olu-2-yarali\/","title":{"rendered":"TIR&#8217;la \u00e7arp\u0131\u015fan otomobil ka\u011f\u0131t gibi ezildi: 1 \u00f6l\u00fc, 2 yaral\u0131"},"content":{"rendered":"<p> <br \/>\n<br \/><img decoding=\"async\" src=\"https:\/\/cdn1.ntv.com.tr\/gorsel\/N8e9y-O9HEu5pyGbUAS5Cg.jpg?width=1200&amp;ampmode=crop&amp;ampscale=both\" class=\"type:primaryImage\" alt=\"TIR'la \u00e7arp\u0131\u015fan otomobil ka\u011f\u0131t gibi ezildi: 1 \u00f6l\u00fc, 2 yaral\u0131\" \/><\/p>\n<p>Bitlis\u2019te TIR&#8217;la \u00e7arp\u0131\u015farak ka\u011f\u0131t gibi ezilen otomobildeki 1 ki\u015fi hayat\u0131n\u0131 kaybederken, 2 ki\u015fi de yaraland\u0131.<\/p>\n<section class=\"type:slideshow\">\n<figure><img decoding=\"async\" src=\"https:\/\/cdn1.ntv.com.tr\/gorsel\/dnRMOSfMj0exX--b2nuLsg.jpg?width=1200&amp;mode=crop&amp;scale=both\" width=\"1200\" \/><figcaption>Al\u0131nan bilgilere g\u00f6re kaza, Bitlis-Tatvan kara yolu \u00fczerinde meydana geldi. S\u00fcr\u00fcc\u00fcs\u00fcn\u00fcn ismi \u00f6\u011frenilemeyen 44 AEG 770 plakal\u0131 otomobil ile plakas\u0131 ve s\u00fcr\u00fcc\u00fcs\u00fcn\u00fcn ismi \u00f6\u011frenilemeyen bir TIR \u00e7arp\u0131\u015ft\u0131.<\/figcaption><\/figure>\n<figure><img decoding=\"async\" src=\"https:\/\/cdn1.ntv.com.tr\/gorsel\/NaYnflbDeEK4zii5b-lMgw.jpg?width=1200&amp;mode=crop&amp;scale=both\" width=\"1200\" \/><figcaption>Kazada ka\u011f\u0131t gibi ezilerek par\u00e7alara ayr\u0131lan otomobildeki \u015fah\u0131slardan biri hayat\u0131n\u0131 kaybederken, 2 ki\u015fi de yaraland\u0131.<\/figcaption><\/figure>\n<figure><img decoding=\"async\" src=\"https:\/\/cdn1.ntv.com.tr\/gorsel\/xSQB0yfTs06sSS5carT27Q.jpg?width=1200&amp;mode=crop&amp;scale=both\" width=\"1200\" \/><figcaption>B\u00f6lgeye gelen sa\u011fl\u0131k ekipleri taraf\u0131ndan ilk m\u00fcdahaleleri yap\u0131lan yaral\u0131lar, Bitlis-Tatvan Devlet Hastanesi&#8217;ne kald\u0131r\u0131ld\u0131. Kazayla ilgili soru\u015fturma ba\u015flat\u0131ld\u0131.<\/figcaption><\/figure>\n<\/section>\n<p><br \/>\n<br \/><a href=\"https:\/\/www.ntv.com.tr\/galeri\/turkiye\/tirla-carpisan-otomobil-kagit-gibi-ezildi-1-olu-2-yarali,dX5sbxIWZ0ibzw8Q24mcSw\"><\/a><\/p>\n","protected":false},"excerpt":{"rendered":"<p>Bitlis\u2019te TIR&#8217;la \u00e7arp\u0131\u015farak ka\u011f\u0131t gibi ezilen otomobildeki 1 ki\u015fi hayat\u0131n\u0131 kaybederken, 2 ki\u015fi de yaraland\u0131. Al\u0131nan bilgilere g\u00f6re kaza, Bitlis-Tatvan kara yolu \u00fczerinde meydana geldi. S\u00fcr\u00fcc\u00fcs\u00fcn\u00fcn ismi \u00f6\u011frenilemeyen 44 AEG 770 plakal\u0131 otomobil ile plakas\u0131 ve s\u00fcr\u00fcc\u00fcs\u00fcn\u00fcn ismi \u00f6\u011frenilemeyen bir TIR \u00e7arp\u0131\u015ft\u0131. Kazada ka\u011f\u0131t gibi ezilerek par\u00e7alara ayr\u0131lan otomobildeki \u015fah\u0131slardan biri hayat\u0131n\u0131 kaybederken, 2 ki\u015fi [&hellip;]<\/p>\n","protected":false},"author":908,"featured_media":17084,"comment_status":"open","ping_status":"open","sticky":false,"template":"","format":"standard","meta":{"_jetpack_memberships_contains_paid_content":false,"footnotes":"","jetpack_publicize_message":"","jetpack_publicize_feature_enabled":true,"jetpack_social_post_already_shared":true,"jetpack_social_options":{"image_generator_settings":{"template":"highway","default_image_id":0,"font":"","enabled":false},"version":2}},"categories":[13],"tags":[],"class_list":["post-17083","post","type-post","status-publish","format-standard","has-post-thumbnail","hentry","category-otomobil"],"jetpack_publicize_connections":[],"jetpack_featured_media_url":"https:\/\/kibrisayna.com\/wp-content\/uploads\/2025\/02\/N8e9y-O9HEu5pyGbUAS5Cg.jpg","jetpack_sharing_enabled":true,"_links":{"self":[{"href":"https:\/\/kibrisayna.com\/index.php\/wp-json\/wp\/v2\/posts\/17083","targetHints":{"allow":["GET"]}}],"collection":[{"href":"https:\/\/kibrisayna.com\/index.php\/wp-json\/wp\/v2\/posts"}],"about":[{"href":"https:\/\/kibrisayna.com\/index.php\/wp-json\/wp\/v2\/types\/post"}],"author":[{"embeddable":true,"href":"https:\/\/kibrisayna.com\/index.php\/wp-json\/wp\/v2\/users\/908"}],"replies":[{"embeddable":true,"href":"https:\/\/kibrisayna.com\/index.php\/wp-json\/wp\/v2\/comments?post=17083"}],"version-history":[{"count":0,"href":"https:\/\/kibrisayna.com\/index.php\/wp-json\/wp\/v2\/posts\/17083\/revisions"}],"wp:featuredmedia":[{"embeddable":true,"href":"https:\/\/kibrisayna.com\/index.php\/wp-json\/wp\/v2\/media\/17084"}],"wp:attachment":[{"href":"https:\/\/kibrisayna.com\/index.php\/wp-json\/wp\/v2\/media?parent=17083"}],"wp:term":[{"taxonomy":"category","embeddable":true,"href":"https:\/\/kibrisayna.com\/index.php\/wp-json\/wp\/v2\/categories?post=17083"},{"taxonomy":"post_tag","embeddable":true,"href":"https:\/\/kibrisayna.com\/index.php\/wp-json\/wp\/v2\/tags?post=17083"}],"curies":[{"name":"wp","href":"https:\/\/api.w.org\/{rel}","templated":true}]}}