{"id":17077,"date":"2025-02-13T15:13:53","date_gmt":"2025-02-13T12:13:53","guid":{"rendered":"https:\/\/kibrisayna.com\/index.php\/2025\/02\/13\/karamanda-otomobil-ile-minibus-carpisti-1-yarali-son-dakika-turkiye-haberleri\/"},"modified":"2025-02-13T15:13:53","modified_gmt":"2025-02-13T12:13:53","slug":"karamanda-otomobil-ile-minibus-carpisti-1-yarali-son-dakika-turkiye-haberleri","status":"publish","type":"post","link":"https:\/\/kibrisayna.com\/index.php\/2025\/02\/13\/karamanda-otomobil-ile-minibus-carpisti-1-yarali-son-dakika-turkiye-haberleri\/","title":{"rendered":"Karaman\u2019da otomobil ile minib\u00fcs \u00e7arp\u0131\u015ft\u0131: 1 yaral\u0131 &#8211; Son Dakika T\u00fcrkiye Haberleri"},"content":{"rendered":"<p> <br \/>\n<\/p>\n<div>\n<p>Kazada otomobilde bulunan 78 ya\u015f\u0131ndaki A.\u00d6. yaraland\u0131. \u0130hbar \u00fczerine olay yerine sa\u011fl\u0131k, polis ve itfaiye ekibi sevk edildi. Yaral\u0131 A.\u00d6., sa\u011fl\u0131k ekibinin olay yerinde yapt\u0131\u011f\u0131 ilk m\u00fcdahalenin ard\u0131ndan ambulansla kald\u0131r\u0131ld\u0131\u011f\u0131 Karaman E\u011fitim ve Ara\u015ft\u0131rma Hastanesi&#8217;nde tedavi alt\u0131na al\u0131nd\u0131.<\/p>\n<\/p><\/div>\n<p><br \/>\n<br \/><a href=\"https:\/\/www.ntv.com.tr\/galeri\/turkiye\/karamanda-otomobil-ile-minibus-carpisti-1-yarali,gR1Mzbe6L0iY-stg670Yag\"><\/a><\/p>\n","protected":false},"excerpt":{"rendered":"<p>Kazada otomobilde bulunan 78 ya\u015f\u0131ndaki A.\u00d6. yaraland\u0131. \u0130hbar \u00fczerine olay yerine sa\u011fl\u0131k, polis ve itfaiye ekibi sevk edildi. Yaral\u0131 A.\u00d6., sa\u011fl\u0131k ekibinin olay yerinde yapt\u0131\u011f\u0131 ilk m\u00fcdahalenin ard\u0131ndan ambulansla kald\u0131r\u0131ld\u0131\u011f\u0131 Karaman E\u011fitim ve Ara\u015ft\u0131rma Hastanesi&#8217;nde tedavi alt\u0131na al\u0131nd\u0131.<\/p>\n","protected":false},"author":908,"featured_media":17078,"comment_status":"open","ping_status":"open","sticky":false,"template":"","format":"standard","meta":{"_jetpack_memberships_contains_paid_content":false,"footnotes":"","jetpack_publicize_message":"","jetpack_publicize_feature_enabled":true,"jetpack_social_post_already_shared":true,"jetpack_social_options":{"image_generator_settings":{"template":"highway","default_image_id":0,"font":"","enabled":false},"version":2}},"categories":[13],"tags":[],"class_list":["post-17077","post","type-post","status-publish","format-standard","has-post-thumbnail","hentry","category-otomobil"],"jetpack_publicize_connections":[],"jetpack_featured_media_url":"https:\/\/kibrisayna.com\/wp-content\/uploads\/2025\/02\/k3ZvnkU0fk-B4k7A3HVAgQ.jpg","jetpack_sharing_enabled":true,"_links":{"self":[{"href":"https:\/\/kibrisayna.com\/index.php\/wp-json\/wp\/v2\/posts\/17077","targetHints":{"allow":["GET"]}}],"collection":[{"href":"https:\/\/kibrisayna.com\/index.php\/wp-json\/wp\/v2\/posts"}],"about":[{"href":"https:\/\/kibrisayna.com\/index.php\/wp-json\/wp\/v2\/types\/post"}],"author":[{"embeddable":true,"href":"https:\/\/kibrisayna.com\/index.php\/wp-json\/wp\/v2\/users\/908"}],"replies":[{"embeddable":true,"href":"https:\/\/kibrisayna.com\/index.php\/wp-json\/wp\/v2\/comments?post=17077"}],"version-history":[{"count":0,"href":"https:\/\/kibrisayna.com\/index.php\/wp-json\/wp\/v2\/posts\/17077\/revisions"}],"wp:featuredmedia":[{"embeddable":true,"href":"https:\/\/kibrisayna.com\/index.php\/wp-json\/wp\/v2\/media\/17078"}],"wp:attachment":[{"href":"https:\/\/kibrisayna.com\/index.php\/wp-json\/wp\/v2\/media?parent=17077"}],"wp:term":[{"taxonomy":"category","embeddable":true,"href":"https:\/\/kibrisayna.com\/index.php\/wp-json\/wp\/v2\/categories?post=17077"},{"taxonomy":"post_tag","embeddable":true,"href":"https:\/\/kibrisayna.com\/index.php\/wp-json\/wp\/v2\/tags?post=17077"}],"curies":[{"name":"wp","href":"https:\/\/api.w.org\/{rel}","templated":true}]}}