{"id":17067,"date":"2025-02-13T14:42:00","date_gmt":"2025-02-13T11:42:00","guid":{"rendered":"https:\/\/kibrisayna.com\/index.php\/2025\/02\/13\/ikinci-elde-talep-dusuyor-iste-ortalama-otomobil-fiyati\/"},"modified":"2025-02-13T14:42:00","modified_gmt":"2025-02-13T11:42:00","slug":"ikinci-elde-talep-dusuyor-iste-ortalama-otomobil-fiyati","status":"publish","type":"post","link":"https:\/\/kibrisayna.com\/index.php\/2025\/02\/13\/ikinci-elde-talep-dusuyor-iste-ortalama-otomobil-fiyati\/","title":{"rendered":"\u0130kinci elde talep d\u00fc\u015f\u00fcyor: \u0130\u015fte ortalama otomobil fiyat\u0131"},"content":{"rendered":"<p> <br \/>\n<\/p>\n<div>\n<p>\u0130kinci el otomobilde talep d\u00fc\u015ft\u00fc, fiyat art\u0131\u015f\u0131 s\u0131n\u0131rl\u0131 kald\u0131.<\/p>\n<p>Bah\u00e7e\u015fehir \u00dcniversitesi Ekonomik ve Toplumsal Ara\u015ft\u0131rmalar Merkezi (BETAM) ile Sahibinden ortakl\u0131\u011f\u0131 ile haz\u0131rlanan <a href=\"https:\/\/www.ntv.com.tr\/otomobil\" target=\"_blank\" rel=\"tag noopener\">Otomobil<\/a> Piyasas\u0131 G\u00f6r\u00fcn\u00fcm\u00fc raporu payla\u015f\u0131ld\u0131.<\/p>\n<p>Rapora g\u00f6re, aral\u0131k ay\u0131nda otomobil talep endeksi ge\u00e7en aya k\u0131yasla y\u00fczde 1,7 geriledi, bir \u00f6nceki y\u0131l\u0131n ayn\u0131 ay\u0131na g\u00f6re ise y\u00fczde 17,5 artt\u0131.<\/p>\n<p>Uzmanlar y\u0131l\u0131n son ay\u0131nda s\u0131f\u0131r otomobil kampanyalar\u0131n\u0131n h\u0131zland\u0131\u011f\u0131n\u0131 belirtiyor. \u0130kinci elde canl\u0131l\u0131\u011f\u0131n bu durum nedeniyle s\u0131n\u0131rl\u0131 kald\u0131\u011f\u0131n\u0131 ifade ediyorlar.<\/p>\n<p><strong>SATI\u015e S\u00dcRES\u0130 UZADI<\/strong><\/p>\n<p>Otomobilde sat\u0131\u015f s\u00fcresi de uzad\u0131. Kapat\u0131lan ilan ya\u015f\u0131 0,3 g\u00fcn uzayarak 20,2 g\u00fcne y\u00fckseldi.<\/p>\n<p>Yani ara\u00e7lar ortalama 20 g\u00fcnde al\u0131c\u0131 buluyor. Talebin y\u00fcksek olmamas\u0131 fiyatta art\u0131\u015f\u0131 s\u0131n\u0131rl\u0131yor.<\/p>\n<p>Enflasyondan ar\u0131nd\u0131r\u0131lan veriler fiyatta 18 ayd\u0131r reel d\u00fc\u015f\u00fc\u015fe i\u015faret ediyor. Ancak bu durum 2024&#8217;\u00fcn sonuna do\u011fru de\u011fi\u015fmeye ba\u015flad\u0131.<\/p>\n<p><strong>ORTALAMA OTOMOB\u0130L F\u0130YATI<\/strong><\/p>\n<p>Ortalama otomobil fiyat\u0131 Kas\u0131m 2024&#8217;te 899 bin 940 lira olarak belirlenmi\u015fti.<\/p>\n<p>Aral\u0131k ay\u0131nda 908 bin 588 liraya \u00e7\u0131kt\u0131. <\/p>\n<p>Ortalama fiyat bir \u00f6nceki aya g\u00f6re y\u00fczde 5,6 artt\u0131.<\/p>\n<\/div>\n<p><br \/>\n<br \/><a href=\"https:\/\/www.ntv.com.tr\/otomobil\/ikinci-elde-talep-dusuyor-iste-ortalama-otomobil-fiyati,s5oC3ivt60KwAYXHgXAalw\"><\/a><\/p>\n","protected":false},"excerpt":{"rendered":"<p>\u0130kinci el otomobilde talep d\u00fc\u015ft\u00fc, fiyat art\u0131\u015f\u0131 s\u0131n\u0131rl\u0131 kald\u0131. Bah\u00e7e\u015fehir \u00dcniversitesi Ekonomik ve Toplumsal Ara\u015ft\u0131rmalar Merkezi (BETAM) ile Sahibinden ortakl\u0131\u011f\u0131 ile haz\u0131rlanan Otomobil Piyasas\u0131 G\u00f6r\u00fcn\u00fcm\u00fc raporu payla\u015f\u0131ld\u0131. Rapora g\u00f6re, aral\u0131k ay\u0131nda otomobil talep endeksi ge\u00e7en aya k\u0131yasla y\u00fczde 1,7 geriledi, bir \u00f6nceki y\u0131l\u0131n ayn\u0131 ay\u0131na g\u00f6re ise y\u00fczde 17,5 artt\u0131. Uzmanlar y\u0131l\u0131n son ay\u0131nda s\u0131f\u0131r [&hellip;]<\/p>\n","protected":false},"author":908,"featured_media":1802,"comment_status":"open","ping_status":"open","sticky":false,"template":"","format":"standard","meta":{"_jetpack_memberships_contains_paid_content":false,"footnotes":"","jetpack_publicize_message":"","jetpack_publicize_feature_enabled":true,"jetpack_social_post_already_shared":true,"jetpack_social_options":{"image_generator_settings":{"template":"highway","default_image_id":0,"font":"","enabled":false},"version":2}},"categories":[13],"tags":[],"class_list":["post-17067","post","type-post","status-publish","format-standard","has-post-thumbnail","hentry","category-otomobil"],"jetpack_publicize_connections":[],"jetpack_featured_media_url":"https:\/\/kibrisayna.com\/wp-content\/uploads\/2024\/08\/ARWiT_Oihk-RIjY_EGd8Dg.jpg","jetpack_sharing_enabled":true,"_links":{"self":[{"href":"https:\/\/kibrisayna.com\/index.php\/wp-json\/wp\/v2\/posts\/17067","targetHints":{"allow":["GET"]}}],"collection":[{"href":"https:\/\/kibrisayna.com\/index.php\/wp-json\/wp\/v2\/posts"}],"about":[{"href":"https:\/\/kibrisayna.com\/index.php\/wp-json\/wp\/v2\/types\/post"}],"author":[{"embeddable":true,"href":"https:\/\/kibrisayna.com\/index.php\/wp-json\/wp\/v2\/users\/908"}],"replies":[{"embeddable":true,"href":"https:\/\/kibrisayna.com\/index.php\/wp-json\/wp\/v2\/comments?post=17067"}],"version-history":[{"count":0,"href":"https:\/\/kibrisayna.com\/index.php\/wp-json\/wp\/v2\/posts\/17067\/revisions"}],"wp:featuredmedia":[{"embeddable":true,"href":"https:\/\/kibrisayna.com\/index.php\/wp-json\/wp\/v2\/media\/1802"}],"wp:attachment":[{"href":"https:\/\/kibrisayna.com\/index.php\/wp-json\/wp\/v2\/media?parent=17067"}],"wp:term":[{"taxonomy":"category","embeddable":true,"href":"https:\/\/kibrisayna.com\/index.php\/wp-json\/wp\/v2\/categories?post=17067"},{"taxonomy":"post_tag","embeddable":true,"href":"https:\/\/kibrisayna.com\/index.php\/wp-json\/wp\/v2\/tags?post=17067"}],"curies":[{"name":"wp","href":"https:\/\/api.w.org\/{rel}","templated":true}]}}