{"id":17061,"date":"2025-02-13T14:36:58","date_gmt":"2025-02-13T11:36:58","guid":{"rendered":"https:\/\/kibrisayna.com\/index.php\/2025\/02\/13\/elon-musk-abdye-400-milyon-dolarlik-zirhli-tesla-satacak-son-dakika-ekonomi-haberleri\/"},"modified":"2025-02-13T14:36:58","modified_gmt":"2025-02-13T11:36:58","slug":"elon-musk-abdye-400-milyon-dolarlik-zirhli-tesla-satacak-son-dakika-ekonomi-haberleri","status":"publish","type":"post","link":"https:\/\/kibrisayna.com\/index.php\/2025\/02\/13\/elon-musk-abdye-400-milyon-dolarlik-zirhli-tesla-satacak-son-dakika-ekonomi-haberleri\/","title":{"rendered":"Elon Musk, ABD&#8217;ye 400 milyon dolarl\u0131k z\u0131rhl\u0131 Tesla satacak &#8211; Son Dakika Ekonomi Haberleri"},"content":{"rendered":"<p> <br \/>\n<\/p>\n<div>\n<p>D\u00fcnyan\u0131n en zengin insan\u0131 <a href=\"https:\/\/www.ntv.com.tr\/elon-musk\" target=\"_blank\" rel=\"tag noopener\">Elon Musk<\/a>, z\u0131rhl\u0131 Tesa \u00fcretmek i\u00e7in ABD D\u0131\u015fi\u015fleri Bakanl\u0131\u011f\u0131 ile 400 milyon dolarl\u0131k bir s\u00f6zle\u015fme imzalamaya haz\u0131r.<\/p>\n<p>Bakanl\u0131\u011f\u0131n 2025 b\u00fct\u00e7esinde yeni z\u0131rhl\u0131 <a href=\"https:\/\/www.ntv.com.tr\/tesla\" target=\"_blank\" rel=\"tag noopener\">Tesla<\/a> ara\u00e7 al\u0131m\u0131n\u0131n da yer ald\u0131\u011f\u0131 bildirildi. H\u00fck\u00fcmetin Tesla ile 5 y\u0131ll\u0131k bir anla\u015fma yapmay\u0131 planlad\u0131\u011f\u0131 da aktar\u0131ld\u0131.<\/p>\n<p>\u201cZ\u0131rhl\u0131\u201d Tesla modeline bir ayr\u0131nt\u0131 verilmezken \u00e7ar\u015famba g\u00fcn\u00fc belgede yap\u0131lan d\u00fczenlemeyle &#8220;Tesla&#8221; marka ad\u0131 da \u00e7\u0131kar\u0131ld\u0131.<\/p>\n<p><strong>B\u00dcT\u00c7EDEK\u0130 EN MAL\u0130YETL\u0130 HARCAMA<\/strong><\/p>\n<p>Tesla&#8217;n\u0131n h\u00fck\u00fcmete kur\u015fun ge\u00e7irmez Cybertruck satabilece\u011fi belirtilirken bu sat\u0131\u015f, D\u0131\u015fi\u015fleri Bakanl\u0131\u011f\u0131 b\u00fct\u00e7esindeki en maliyetli harcama olarak g\u00f6r\u00fcn\u00fcyor.<\/p>\n<p>Musk&#8217;\u0131n uzay \u015firketi SpaceX de y\u00f6netimle 22 milyar dolarl\u0131k bir anla\u015fma imzalam\u0131\u015ft\u0131.<\/p>\n<\/div>\n<p><br \/>\n<br \/><a href=\"https:\/\/www.ntv.com.tr\/ntvpara\/tekno-finans\/elon-musk-abdye-400-milyon-dolarlik-zirhli-tesla-satacak,JPwUpk4k7Eaew-621A6w1g\"><\/a><\/p>\n","protected":false},"excerpt":{"rendered":"<p>D\u00fcnyan\u0131n en zengin insan\u0131 Elon Musk, z\u0131rhl\u0131 Tesa \u00fcretmek i\u00e7in ABD D\u0131\u015fi\u015fleri Bakanl\u0131\u011f\u0131 ile 400 milyon dolarl\u0131k bir s\u00f6zle\u015fme imzalamaya haz\u0131r. Bakanl\u0131\u011f\u0131n 2025 b\u00fct\u00e7esinde yeni z\u0131rhl\u0131 Tesla ara\u00e7 al\u0131m\u0131n\u0131n da yer ald\u0131\u011f\u0131 bildirildi. H\u00fck\u00fcmetin Tesla ile 5 y\u0131ll\u0131k bir anla\u015fma yapmay\u0131 planlad\u0131\u011f\u0131 da aktar\u0131ld\u0131. \u201cZ\u0131rhl\u0131\u201d Tesla modeline bir ayr\u0131nt\u0131 verilmezken \u00e7ar\u015famba g\u00fcn\u00fc belgede yap\u0131lan d\u00fczenlemeyle [&hellip;]<\/p>\n","protected":false},"author":908,"featured_media":17062,"comment_status":"open","ping_status":"open","sticky":false,"template":"","format":"standard","meta":{"_jetpack_memberships_contains_paid_content":false,"footnotes":"","jetpack_publicize_message":"","jetpack_publicize_feature_enabled":true,"jetpack_social_post_already_shared":true,"jetpack_social_options":{"image_generator_settings":{"template":"highway","default_image_id":0,"font":"","enabled":false},"version":2}},"categories":[12],"tags":[],"class_list":["post-17061","post","type-post","status-publish","format-standard","has-post-thumbnail","hentry","category-teknoloji"],"jetpack_publicize_connections":[],"jetpack_featured_media_url":"https:\/\/kibrisayna.com\/wp-content\/uploads\/2025\/02\/gbQ0JwNx3Uqj0_8wZN11iA.jpg","jetpack_sharing_enabled":true,"_links":{"self":[{"href":"https:\/\/kibrisayna.com\/index.php\/wp-json\/wp\/v2\/posts\/17061","targetHints":{"allow":["GET"]}}],"collection":[{"href":"https:\/\/kibrisayna.com\/index.php\/wp-json\/wp\/v2\/posts"}],"about":[{"href":"https:\/\/kibrisayna.com\/index.php\/wp-json\/wp\/v2\/types\/post"}],"author":[{"embeddable":true,"href":"https:\/\/kibrisayna.com\/index.php\/wp-json\/wp\/v2\/users\/908"}],"replies":[{"embeddable":true,"href":"https:\/\/kibrisayna.com\/index.php\/wp-json\/wp\/v2\/comments?post=17061"}],"version-history":[{"count":0,"href":"https:\/\/kibrisayna.com\/index.php\/wp-json\/wp\/v2\/posts\/17061\/revisions"}],"wp:featuredmedia":[{"embeddable":true,"href":"https:\/\/kibrisayna.com\/index.php\/wp-json\/wp\/v2\/media\/17062"}],"wp:attachment":[{"href":"https:\/\/kibrisayna.com\/index.php\/wp-json\/wp\/v2\/media?parent=17061"}],"wp:term":[{"taxonomy":"category","embeddable":true,"href":"https:\/\/kibrisayna.com\/index.php\/wp-json\/wp\/v2\/categories?post=17061"},{"taxonomy":"post_tag","embeddable":true,"href":"https:\/\/kibrisayna.com\/index.php\/wp-json\/wp\/v2\/tags?post=17061"}],"curies":[{"name":"wp","href":"https:\/\/api.w.org\/{rel}","templated":true}]}}