{"id":17057,"date":"2025-02-13T14:32:55","date_gmt":"2025-02-13T11:32:55","guid":{"rendered":"https:\/\/kibrisayna.com\/index.php\/2025\/02\/13\/basbakan-ustelden-berat-kandili-mesaji-brtk\/"},"modified":"2025-02-13T14:32:55","modified_gmt":"2025-02-13T11:32:55","slug":"basbakan-ustelden-berat-kandili-mesaji-brtk","status":"publish","type":"post","link":"https:\/\/kibrisayna.com\/index.php\/2025\/02\/13\/basbakan-ustelden-berat-kandili-mesaji-brtk\/","title":{"rendered":"Ba\u015fbakan \u00dcstel\u2019den Berat Kandili mesaj\u0131 \u2013 BRTK"},"content":{"rendered":"<p> <br \/>\n<\/p>\n<div>\n<div class=\"mariselle-image-container center\">\n                <img loading=\"lazy\" decoding=\"async\" width=\"1816\" height=\"916\" class=\"lazy-image\" alt=\"\" sizes=\"auto, (max-width: 1816px) 100vw, 1816px\" src=\"https:\/\/brtk.net\/wp-content\/uploads\/2025\/02\/13\/321254966_673203387615299_1768161808980148214_n-tile.jpg?ver=14b86703ba62ca23dd8524409ad8d702\" srcset=\"https:\/\/brtk.net\/wp-content\/uploads\/2025\/02\/13\/321254966_673203387615299_1768161808980148214_n-tile.jpg?ver=14b86703ba62ca23dd8524409ad8d702 1816w, https:\/\/brtk.net\/wp-content\/uploads\/2025\/02\/13\/321254966_673203387615299_1768161808980148214_n-tile-300x151.jpg?ver=56758f3ee522e610e3d04be9c0f25760 300w, https:\/\/brtk.net\/wp-content\/uploads\/2025\/02\/13\/321254966_673203387615299_1768161808980148214_n-tile-1024x517.jpg?ver=7b202fefe9acb92ce477475c3467b4a7 1024w, https:\/\/brtk.net\/wp-content\/uploads\/2025\/02\/13\/321254966_673203387615299_1768161808980148214_n-tile-768x387.jpg?ver=7b202fefe9acb92ce477475c3467b4a7 768w, https:\/\/brtk.net\/wp-content\/uploads\/2025\/02\/13\/321254966_673203387615299_1768161808980148214_n-tile-1536x775.jpg?ver=5d2fef9a2cdd8885f0e121cb66d1fe55 1536w\"\/>                            <\/div>\n<p>Ba\u015fbakan \u00dcnal \u00dcstel Berat Kandili nedeniyle mesaj yay\u0131mlad\u0131.<\/p>\n<p>\u00dcnal \u00dcstel mesaj\u0131nda \u201cBerat Kandili\u2019nin \u00fclkemize, milletimize ve t\u00fcm \u0130slam alemine sa\u011fl\u0131k, huzur ve bereket getirmesini diliyorum. Bu m\u00fcbarek gecenin aff\u0131m\u0131za, dualar\u0131m\u0131z\u0131n kabul\u00fcne ve g\u00f6n\u00fcllerimize huzur getirmesine vesile olmas\u0131n\u0131 temenni ederim. Hay\u0131rl\u0131 kandiller\u201d ifadelerini kulland\u0131.<\/p>\n<\/p><\/div>\n<p><script async\n                    defer\n                    crossorigin=\"anonymous\"\n                    src=\"https:\/\/connect.facebook.net\/tr_TR\/sdk.js#xfbml=1&#038;version=v3.3\"\n            ><\/script><br \/>\n<br \/><br \/>\n<br \/><a href=\"https:\/\/brtk.net\/basbakan-ustelden-berat-kandili-mesaji\/\">Kaynak BRT <\/a><\/p>\n","protected":false},"excerpt":{"rendered":"<p>Ba\u015fbakan \u00dcnal \u00dcstel Berat Kandili nedeniyle mesaj yay\u0131mlad\u0131. \u00dcnal \u00dcstel mesaj\u0131nda \u201cBerat Kandili\u2019nin \u00fclkemize, milletimize ve t\u00fcm \u0130slam alemine sa\u011fl\u0131k, huzur ve bereket getirmesini diliyorum. Bu m\u00fcbarek gecenin aff\u0131m\u0131za, dualar\u0131m\u0131z\u0131n kabul\u00fcne ve g\u00f6n\u00fcllerimize huzur getirmesine vesile olmas\u0131n\u0131 temenni ederim. Hay\u0131rl\u0131 kandiller\u201d ifadelerini kulland\u0131. Kaynak BRT<\/p>\n","protected":false},"author":908,"featured_media":17058,"comment_status":"open","ping_status":"open","sticky":false,"template":"","format":"standard","meta":{"_jetpack_memberships_contains_paid_content":false,"footnotes":"","jetpack_publicize_message":"","jetpack_publicize_feature_enabled":true,"jetpack_social_post_already_shared":true,"jetpack_social_options":{"image_generator_settings":{"template":"highway","default_image_id":0,"font":"","enabled":false},"version":2}},"categories":[253],"tags":[],"class_list":["post-17057","post","type-post","status-publish","format-standard","has-post-thumbnail","hentry","category-gundem"],"jetpack_publicize_connections":[],"jetpack_featured_media_url":"https:\/\/kibrisayna.com\/wp-content\/uploads\/2025\/02\/321254966_673203387615299_1768161808980148214_n-tile.jpg","jetpack_sharing_enabled":true,"_links":{"self":[{"href":"https:\/\/kibrisayna.com\/index.php\/wp-json\/wp\/v2\/posts\/17057","targetHints":{"allow":["GET"]}}],"collection":[{"href":"https:\/\/kibrisayna.com\/index.php\/wp-json\/wp\/v2\/posts"}],"about":[{"href":"https:\/\/kibrisayna.com\/index.php\/wp-json\/wp\/v2\/types\/post"}],"author":[{"embeddable":true,"href":"https:\/\/kibrisayna.com\/index.php\/wp-json\/wp\/v2\/users\/908"}],"replies":[{"embeddable":true,"href":"https:\/\/kibrisayna.com\/index.php\/wp-json\/wp\/v2\/comments?post=17057"}],"version-history":[{"count":0,"href":"https:\/\/kibrisayna.com\/index.php\/wp-json\/wp\/v2\/posts\/17057\/revisions"}],"wp:featuredmedia":[{"embeddable":true,"href":"https:\/\/kibrisayna.com\/index.php\/wp-json\/wp\/v2\/media\/17058"}],"wp:attachment":[{"href":"https:\/\/kibrisayna.com\/index.php\/wp-json\/wp\/v2\/media?parent=17057"}],"wp:term":[{"taxonomy":"category","embeddable":true,"href":"https:\/\/kibrisayna.com\/index.php\/wp-json\/wp\/v2\/categories?post=17057"},{"taxonomy":"post_tag","embeddable":true,"href":"https:\/\/kibrisayna.com\/index.php\/wp-json\/wp\/v2\/tags?post=17057"}],"curies":[{"name":"wp","href":"https:\/\/api.w.org\/{rel}","templated":true}]}}