{"id":17055,"date":"2025-02-13T14:21:15","date_gmt":"2025-02-13T11:21:15","guid":{"rendered":"https:\/\/kibrisayna.com\/index.php\/2025\/02\/13\/berat-kandili-bu-gece-idrak-edilecek-brtk\/"},"modified":"2025-02-13T14:21:15","modified_gmt":"2025-02-13T11:21:15","slug":"berat-kandili-bu-gece-idrak-edilecek-brtk","status":"publish","type":"post","link":"https:\/\/kibrisayna.com\/index.php\/2025\/02\/13\/berat-kandili-bu-gece-idrak-edilecek-brtk\/","title":{"rendered":"Berat Kandili bu gece idrak edilecek \u2013 BRTK"},"content":{"rendered":"<p> <br \/>\n<\/p>\n<div>\n<div class=\"mariselle-image-container center\">\n                <img loading=\"lazy\" decoding=\"async\" width=\"836\" height=\"530\" class=\"lazy-image\" alt=\"\" sizes=\"auto, (max-width: 836px) 100vw, 836px\" src=\"https:\/\/brtk.net\/wp-content\/uploads\/2023\/03\/06\/beraat-kandili.jpeg?ver=6c804a5993f114b5d47f00a30ab5facd\" srcset=\"https:\/\/brtk.net\/wp-content\/uploads\/2023\/03\/06\/beraat-kandili.jpeg?ver=6c804a5993f114b5d47f00a30ab5facd 836w, https:\/\/brtk.net\/wp-content\/uploads\/2023\/03\/06\/beraat-kandili-300x190.jpeg?ver=6c804a5993f114b5d47f00a30ab5facd 300w, https:\/\/brtk.net\/wp-content\/uploads\/2023\/03\/06\/beraat-kandili-768x487.jpeg?ver=6c804a5993f114b5d47f00a30ab5facd 768w, https:\/\/brtk.net\/wp-content\/uploads\/2023\/03\/06\/beraat-kandili-566x360.jpeg?ver=b1ad23d226357f623ded2e0ffd7a1b57 566w\"\/>                            <\/div>\n<p>Ramazan ay\u0131n\u0131n m\u00fcjdecisi olan Berat Kandili, bu ak\u015fam idrak edilecek. <\/p>\n<p>Kandil vesilesiyle Hala Sultan Camii\u2019nde ve  Suat G\u00fcnsel Camiinde \u00f6zel program d\u00fczenlenecek.<br \/>Din \u0130\u015fleri Ba\u015fkan\u0131 Hakan Moral ve T.C. Diyanet \u0130\u015fleri Ba\u015fkan Yard\u0131mc\u0131s\u0131 Do\u00e7. Dr. Burhan \u0130\u015fliyen\u2019in de kat\u0131laca\u011f\u0131 program, saat 18.00\u2019de ba\u015flayacak ve BRT 2\u2019den canl\u0131 olarak yay\u0131nlanacak. <\/p>\n<p>Din \u0130\u015fleri Ba\u015fkan\u0131 Hakan Moral, Berat Kandili dolay\u0131s\u0131yla mesaj yay\u0131mlad\u0131.<\/p>\n<p>Moral, yay\u0131mlad\u0131\u011f\u0131 mesajda, Berat\u2019\u0131n, su\u00e7 ve cezadan, hastal\u0131ktan ve bor\u00e7tan kurtulma, berat etme, hatalardan ar\u0131nma, temize \u00e7\u0131kma, ilahi af ve rahmete nail olma anlam\u0131na geldi\u011fine dikkat \u00e7ekerek, Berat gecesinin de fikir, hat\u0131rlama ve yenilenme gecesi oldu\u011funu vurgulad\u0131.<\/p>\n<p>Berat\u2019\u0131n di\u011fer ifadeyle, k\u0131r\u0131lan kalpleri onarma, darg\u0131nl\u0131k duvarlar\u0131n\u0131 y\u0131kma, kin, nefret ve intikam duygular\u0131n\u0131 a\u015fma; Y\u00fcce Yaradan\u2019\u0131n aff\u0131na erebilmek i\u00e7in yarat\u0131lan\u0131 affetme g\u00fcn\u00fc oldu\u011funu kaydeden Moral, \u201cmilletimizin ve \u0130slam aleminin Berat Kandilini tebrik eder, hepimiz i\u00e7in hay\u0131r sa\u011fl\u0131k ve bereket getirmesini Y\u00fcce Mevla\u2019m\u0131zdan niyaz ederim\u201d dedi.<\/p>\n<\/p><\/div>\n<p><script async\n                    defer\n                    crossorigin=\"anonymous\"\n                    src=\"https:\/\/connect.facebook.net\/tr_TR\/sdk.js#xfbml=1&#038;version=v3.3\"\n            ><\/script><br \/>\n<br \/><br \/>\n<br \/><a href=\"https:\/\/brtk.net\/berat-kandili-bu-gece-idrak-edilecek\/\">Kaynak BRT <\/a><\/p>\n","protected":false},"excerpt":{"rendered":"<p>Ramazan ay\u0131n\u0131n m\u00fcjdecisi olan Berat Kandili, bu ak\u015fam idrak edilecek. Kandil vesilesiyle Hala Sultan Camii\u2019nde ve Suat G\u00fcnsel Camiinde \u00f6zel program d\u00fczenlenecek.Din \u0130\u015fleri Ba\u015fkan\u0131 Hakan Moral ve T.C. Diyanet \u0130\u015fleri Ba\u015fkan Yard\u0131mc\u0131s\u0131 Do\u00e7. Dr. Burhan \u0130\u015fliyen\u2019in de kat\u0131laca\u011f\u0131 program, saat 18.00\u2019de ba\u015flayacak ve BRT 2\u2019den canl\u0131 olarak yay\u0131nlanacak. Din \u0130\u015fleri Ba\u015fkan\u0131 Hakan Moral, Berat Kandili [&hellip;]<\/p>\n","protected":false},"author":908,"featured_media":17056,"comment_status":"open","ping_status":"open","sticky":false,"template":"","format":"standard","meta":{"_jetpack_memberships_contains_paid_content":false,"footnotes":"","jetpack_publicize_message":"","jetpack_publicize_feature_enabled":true,"jetpack_social_post_already_shared":true,"jetpack_social_options":{"image_generator_settings":{"template":"highway","default_image_id":0,"font":"","enabled":false},"version":2}},"categories":[253],"tags":[],"class_list":["post-17055","post","type-post","status-publish","format-standard","has-post-thumbnail","hentry","category-gundem"],"jetpack_publicize_connections":[],"jetpack_featured_media_url":"https:\/\/kibrisayna.com\/wp-content\/uploads\/2025\/02\/beraat-kandili.jpeg","jetpack_sharing_enabled":true,"_links":{"self":[{"href":"https:\/\/kibrisayna.com\/index.php\/wp-json\/wp\/v2\/posts\/17055","targetHints":{"allow":["GET"]}}],"collection":[{"href":"https:\/\/kibrisayna.com\/index.php\/wp-json\/wp\/v2\/posts"}],"about":[{"href":"https:\/\/kibrisayna.com\/index.php\/wp-json\/wp\/v2\/types\/post"}],"author":[{"embeddable":true,"href":"https:\/\/kibrisayna.com\/index.php\/wp-json\/wp\/v2\/users\/908"}],"replies":[{"embeddable":true,"href":"https:\/\/kibrisayna.com\/index.php\/wp-json\/wp\/v2\/comments?post=17055"}],"version-history":[{"count":0,"href":"https:\/\/kibrisayna.com\/index.php\/wp-json\/wp\/v2\/posts\/17055\/revisions"}],"wp:featuredmedia":[{"embeddable":true,"href":"https:\/\/kibrisayna.com\/index.php\/wp-json\/wp\/v2\/media\/17056"}],"wp:attachment":[{"href":"https:\/\/kibrisayna.com\/index.php\/wp-json\/wp\/v2\/media?parent=17055"}],"wp:term":[{"taxonomy":"category","embeddable":true,"href":"https:\/\/kibrisayna.com\/index.php\/wp-json\/wp\/v2\/categories?post=17055"},{"taxonomy":"post_tag","embeddable":true,"href":"https:\/\/kibrisayna.com\/index.php\/wp-json\/wp\/v2\/tags?post=17055"}],"curies":[{"name":"wp","href":"https:\/\/api.w.org\/{rel}","templated":true}]}}