{"id":17051,"date":"2025-02-13T14:10:16","date_gmt":"2025-02-13T11:10:16","guid":{"rendered":"https:\/\/kibrisayna.com\/index.php\/2025\/02\/13\/trafige-kaydolan-arac-sayisi-2024te-26-milyon-oldu-bir-milyon-kisi-ayni-rengi-secti\/"},"modified":"2025-02-13T14:10:16","modified_gmt":"2025-02-13T11:10:16","slug":"trafige-kaydolan-arac-sayisi-2024te-26-milyon-oldu-bir-milyon-kisi-ayni-rengi-secti","status":"publish","type":"post","link":"https:\/\/kibrisayna.com\/index.php\/2025\/02\/13\/trafige-kaydolan-arac-sayisi-2024te-26-milyon-oldu-bir-milyon-kisi-ayni-rengi-secti\/","title":{"rendered":"Trafi\u011fe kaydolan ara\u00e7 say\u0131s\u0131 2024\u2019te 2,6 milyon oldu: Bir milyon ki\u015fi ayn\u0131 rengi se\u00e7ti!"},"content":{"rendered":"<p> <br \/>\n<br \/><img decoding=\"async\" src=\"https:\/\/cdn1.ntv.com.tr\/gorsel\/fgbupFCt80iRCjecau4ksw.jpg?width=1200&amp;ampmode=crop&amp;ampscale=both\" class=\"type:primaryImage\" alt=\"Trafi\u011fe kaydolan ara\u00e7 say\u0131s\u0131 2024\u2019te 2,6 milyon oldu: Bir milyon ki\u015fi ayn\u0131 rengi se\u00e7ti!\" \/><\/p>\n<p>Trafi\u011fe kayd\u0131 yap\u0131lan ara\u00e7 say\u0131s\u0131 2024&#8217;te 2 milyon 599 bin oldu<br \/>\nT\u00fcrkiye&#8217;de 2024&#8217;te 2 milyon 598 bin 816 ta\u015f\u0131t\u0131n trafi\u011fe kayd\u0131 yap\u0131ld\u0131, 36 bin 657 ta\u015f\u0131t\u0131n kayd\u0131 silindi. Trafi\u011fe kayd\u0131 yap\u0131lan otomobillerden y\u00fczde 38,5&#8217;inin gri oldu\u011fu kay\u0131tlara ge\u00e7ti.<\/p>\n<section class=\"type:slideshow\">\n<figure><img decoding=\"async\" src=\"https:\/\/cdn1.ntv.com.tr\/gorsel\/N6GpshLC-k2-S12AdTQjFw.jpg?width=1200&amp;mode=crop&amp;scale=both\" width=\"1200\" \/><figcaption>T\u00fcrkiye \u0130statistik Kurumu (T\u00dc\u0130K), ge\u00e7en y\u0131l\u0131n aral\u0131k ay\u0131 ve 2024 y\u0131l\u0131na ili\u015fkin motorlu kara ta\u015f\u0131tlar\u0131 istatistiklerini a\u00e7\u0131klad\u0131.Ge\u00e7en y\u0131l, 2023&#8217;e k\u0131yasla trafi\u011fe kayd\u0131 yap\u0131lan ta\u015f\u0131t say\u0131s\u0131 y\u00fczde 13,5 artarak 2 milyon 598 bin 816, trafikten kayd\u0131 silinen ta\u015f\u0131t say\u0131s\u0131 y\u00fczde 15,6 y\u00fckselerek 36 bin 657 oldu. B\u00f6ylece 2024&#8217;te trafikteki ta\u015f\u0131t say\u0131s\u0131nda 2 milyon 562 bin 159 art\u0131\u015f ger\u00e7ekle\u015fti.<\/figcaption><\/figure>\n<figure><img decoding=\"async\" src=\"https:\/\/cdn1.ntv.com.tr\/gorsel\/kh0jW1xhb0ipOYOMlfhS6Q.jpg?width=1200&amp;mode=crop&amp;scale=both\" width=\"1200\" \/><figcaption>Bu d\u00f6nemde trafi\u011fe kayd\u0131 yap\u0131lan 1 milyon 14 bin 830 otomobilin y\u00fczde 60,8&#8217;inin benzin, y\u00fczde 16,7&#8217;sinin hibrit, y\u00fczde 11,3&#8217;\u00fcn\u00fcn dizel, y\u00fczde 10,2&#8217;sinin elektrikli, 1&#8217;inin LPG&#8217;li oldu\u011fu g\u00f6r\u00fcld\u00fc.<\/figcaption><\/figure>\n<figure><img decoding=\"async\" src=\"https:\/\/cdn1.ntv.com.tr\/gorsel\/19qU4Dtc8UylsiBV0Mkdbw.jpg?width=1200&amp;mode=crop&amp;scale=both\" width=\"1200\" \/><figcaption>Aral\u0131k 2024 sonu itibar\u0131yla trafi\u011fe kay\u0131tl\u0131 16 milyon 232 bin 458 otomobilin ise y\u00fczde 34,1&#8217;inin dizel, y\u00fczde 31,9&#8217;unun LPG, y\u00fczde 30,2&#8217;sinin benzin, y\u00fczde 2,4&#8217;\u00fcn\u00fcn hibrit ve y\u00fczde 1,1&#8217;inin elektrikli oldu\u011fu tespit edildi. Yak\u0131t t\u00fcr\u00fc bilinmeyen otomobillerin oran\u0131 ise y\u00fczde 0,2 oldu.<\/figcaption><\/figure>\n<figure><img decoding=\"async\" src=\"https:\/\/cdn1.ntv.com.tr\/gorsel\/H23RM4ZFTUK6ylQ_4cb7Ww.jpg?width=1200&amp;mode=crop&amp;scale=both\" width=\"1200\" \/><figcaption>Ge\u00e7en y\u0131l trafi\u011fe kayd\u0131 yap\u0131lan otomobillerin y\u00fczde 33,1&#8217;inin 1300 ve alt\u0131, y\u00fczde 22,3&#8217;\u00fcn\u00fcn 1401-1500, y\u00fczde 15,1&#8217;inin 1301-1400, y\u00fczde 12,4&#8217;\u00fcn\u00fcn 1501-1600, y\u00fczde 6,3&#8217;\u00fcn\u00fcn 1601-2000, y\u00fczde 0,6&#8217;s\u0131n\u0131n 2001 ve \u00fcst\u00fc motor silindir hacmine sahip oldu\u011fu belirlendi.<\/figcaption><\/figure>\n<figure><img decoding=\"async\" src=\"https:\/\/cdn1.ntv.com.tr\/gorsel\/z8Yv7pGxmkiKfzP1LaCLpw.jpg?width=1200&amp;mode=crop&amp;scale=both\" width=\"1200\" \/><figcaption>S\u00f6z konusu d\u00f6nemde trafi\u011fe kayd\u0131 yap\u0131lan otomobillerden y\u00fczde 38,5&#8217;inin gri oldu\u011fu kay\u0131tlara ge\u00e7ti.Ge\u00e7en y\u0131l sonu itibar\u0131yla trafi\u011fe kay\u0131tl\u0131 ta\u015f\u0131tlar\u0131n ortalama ya\u015f\u0131 14,3, devri yap\u0131lan ta\u015f\u0131tlar\u0131n ortalama ya\u015f\u0131 12,2 olarak hesapland\u0131.<\/figcaption><\/figure>\n<figure><img decoding=\"async\" src=\"https:\/\/cdn1.ntv.com.tr\/gorsel\/1Wt6FKd530K3xR8-BvMFyA.jpg?width=1200&amp;mode=crop&amp;scale=both\" width=\"1200\" \/><figcaption>2024 sonunda trafi\u011fe kay\u0131tl\u0131 ta\u015f\u0131t say\u0131s\u0131 31 milyon 301 bin 389 oldu.<\/figcaption><\/figure>\n<figure><img decoding=\"async\" src=\"https:\/\/cdn1.ntv.com.tr\/gorsel\/NSJlbVzBQkKgvZaGpmi4cw.jpg?width=1200&amp;mode=crop&amp;scale=both\" width=\"1200\" \/><figcaption>Bu ara\u00e7lar\u0131n y\u00fczde 51,9&#8217;unu otomobil, y\u00fczde 20&#8217;sini motosiklet, y\u00fczde 15&#8217;ini kamyonet, y\u00fczde 7,2&#8217;sini trakt\u00f6r, y\u00fczde 3,2&#8217;sini kamyon, y\u00fczde 1,7&#8217;sini minib\u00fcs, y\u00fczde 0,7&#8217;sini otob\u00fcs ve y\u00fczde 0,3&#8217;\u00fcn\u00fc \u00f6zel ama\u00e7l\u0131 ta\u015f\u0131tlar olu\u015fturdu.<\/figcaption><\/figure>\n<\/section>\n<p><br \/>\n<br \/><a href=\"https:\/\/www.ntv.com.tr\/galeri\/otomobil\/trafige-kaydolan-arac-sayisi-2024te-2-6-milyon-oldu-bir-milyon-kisi-ayni-rengi-secti,twDuKVzab0G1_F536taqlg\"><\/a><\/p>\n","protected":false},"excerpt":{"rendered":"<p>Trafi\u011fe kayd\u0131 yap\u0131lan ara\u00e7 say\u0131s\u0131 2024&#8217;te 2 milyon 599 bin oldu T\u00fcrkiye&#8217;de 2024&#8217;te 2 milyon 598 bin 816 ta\u015f\u0131t\u0131n trafi\u011fe kayd\u0131 yap\u0131ld\u0131, 36 bin 657 ta\u015f\u0131t\u0131n kayd\u0131 silindi. Trafi\u011fe kayd\u0131 yap\u0131lan otomobillerden y\u00fczde 38,5&#8217;inin gri oldu\u011fu kay\u0131tlara ge\u00e7ti. T\u00fcrkiye \u0130statistik Kurumu (T\u00dc\u0130K), ge\u00e7en y\u0131l\u0131n aral\u0131k ay\u0131 ve 2024 y\u0131l\u0131na ili\u015fkin motorlu kara ta\u015f\u0131tlar\u0131 istatistiklerini a\u00e7\u0131klad\u0131.Ge\u00e7en [&hellip;]<\/p>\n","protected":false},"author":908,"featured_media":17052,"comment_status":"open","ping_status":"open","sticky":false,"template":"","format":"standard","meta":{"_jetpack_memberships_contains_paid_content":false,"footnotes":"","jetpack_publicize_message":"","jetpack_publicize_feature_enabled":true,"jetpack_social_post_already_shared":true,"jetpack_social_options":{"image_generator_settings":{"template":"highway","default_image_id":0,"font":"","enabled":false},"version":2}},"categories":[13],"tags":[],"class_list":["post-17051","post","type-post","status-publish","format-standard","has-post-thumbnail","hentry","category-otomobil"],"jetpack_publicize_connections":[],"jetpack_featured_media_url":"https:\/\/kibrisayna.com\/wp-content\/uploads\/2025\/02\/fgbupFCt80iRCjecau4ksw.jpg","jetpack_sharing_enabled":true,"_links":{"self":[{"href":"https:\/\/kibrisayna.com\/index.php\/wp-json\/wp\/v2\/posts\/17051","targetHints":{"allow":["GET"]}}],"collection":[{"href":"https:\/\/kibrisayna.com\/index.php\/wp-json\/wp\/v2\/posts"}],"about":[{"href":"https:\/\/kibrisayna.com\/index.php\/wp-json\/wp\/v2\/types\/post"}],"author":[{"embeddable":true,"href":"https:\/\/kibrisayna.com\/index.php\/wp-json\/wp\/v2\/users\/908"}],"replies":[{"embeddable":true,"href":"https:\/\/kibrisayna.com\/index.php\/wp-json\/wp\/v2\/comments?post=17051"}],"version-history":[{"count":0,"href":"https:\/\/kibrisayna.com\/index.php\/wp-json\/wp\/v2\/posts\/17051\/revisions"}],"wp:featuredmedia":[{"embeddable":true,"href":"https:\/\/kibrisayna.com\/index.php\/wp-json\/wp\/v2\/media\/17052"}],"wp:attachment":[{"href":"https:\/\/kibrisayna.com\/index.php\/wp-json\/wp\/v2\/media?parent=17051"}],"wp:term":[{"taxonomy":"category","embeddable":true,"href":"https:\/\/kibrisayna.com\/index.php\/wp-json\/wp\/v2\/categories?post=17051"},{"taxonomy":"post_tag","embeddable":true,"href":"https:\/\/kibrisayna.com\/index.php\/wp-json\/wp\/v2\/tags?post=17051"}],"curies":[{"name":"wp","href":"https:\/\/api.w.org\/{rel}","templated":true}]}}