{"id":17049,"date":"2025-02-13T14:04:56","date_gmt":"2025-02-13T11:04:56","guid":{"rendered":"https:\/\/kibrisayna.com\/index.php\/2025\/02\/13\/levent-ve-ydk-gruptan-cikti-brtk\/"},"modified":"2025-02-13T14:04:56","modified_gmt":"2025-02-13T11:04:56","slug":"levent-ve-ydk-gruptan-cikti-brtk","status":"publish","type":"post","link":"https:\/\/kibrisayna.com\/index.php\/2025\/02\/13\/levent-ve-ydk-gruptan-cikti-brtk\/","title":{"rendered":"Levent ve YDK gruptan \u00e7\u0131kt\u0131 \u2013 BRTK"},"content":{"rendered":"<p> <br \/>\n<\/p>\n<div>\n<div class=\"mariselle-image-container center\">\n                <img loading=\"lazy\" decoding=\"async\" width=\"1600\" height=\"1200\" class=\"lazy-image\" alt=\"\" sizes=\"auto, (max-width: 1600px) 100vw, 1600px\" src=\"https:\/\/brtk.net\/wp-content\/uploads\/2025\/02\/13\/LISE-BASKET-2.jpeg?ver=670864a633662de219d8ae490538d5ef\" srcset=\"https:\/\/brtk.net\/wp-content\/uploads\/2025\/02\/13\/LISE-BASKET-2.jpeg?ver=670864a633662de219d8ae490538d5ef 1600w, https:\/\/brtk.net\/wp-content\/uploads\/2025\/02\/13\/LISE-BASKET-2-300x225.jpeg?ver=755536c7ee00f4e21664818abb79ac31 300w, https:\/\/brtk.net\/wp-content\/uploads\/2025\/02\/13\/LISE-BASKET-2-1024x768.jpeg?ver=755536c7ee00f4e21664818abb79ac31 1024w, https:\/\/brtk.net\/wp-content\/uploads\/2025\/02\/13\/LISE-BASKET-2-768x576.jpeg?ver=755536c7ee00f4e21664818abb79ac31 768w, https:\/\/brtk.net\/wp-content\/uploads\/2025\/02\/13\/LISE-BASKET-2-1536x1152.jpeg?ver=988a796b52ac05fa2a1699ff6caf40b9 1536w\"\/>                            <\/div>\n<p>T\u00fcrkiye Liseleraras\u0131 Basketbol Yar\u0131 final Birincili\u011finde m\u00fccadele eden Levent Kolej k\u0131z ve Yak\u0131n do\u011fu Koleji erkek tak\u0131mlar\u0131 Mardin\u2019de gruplar\u0131n\u0131 ikinci bitirerek yar\u0131n \u00e7apraz e\u015fle\u015fmede m\u00fccadele edecek.<br \/>Levent Kolej A Grubu son ma\u00e7\u0131nda kar\u015f\u0131la\u015ft\u0131\u011f\u0131 \u00d6zel Adana Do\u011fa Fen Lisesi\u2019ne 88-53 ma\u011flup olarak ikinci s\u0131rada turu ge\u00e7ti.<br \/>Tak\u0131m yar\u0131n yar\u0131 finalde m\u00fccadele edecek.<\/p>\n<div class=\"mariselle-image-container center\">\n                <img loading=\"lazy\" decoding=\"async\" width=\"2048\" height=\"1536\" class=\"lazy-image\" alt=\"\" sizes=\"auto, (max-width: 2048px) 100vw, 2048px\" src=\"https:\/\/brtk.net\/wp-content\/uploads\/2025\/02\/13\/LISE-BASKET-1.jpeg?ver=181e9aea5c248223ccdb5b13994189f9\" srcset=\"https:\/\/brtk.net\/wp-content\/uploads\/2025\/02\/13\/LISE-BASKET-1.jpeg?ver=181e9aea5c248223ccdb5b13994189f9 2048w, https:\/\/brtk.net\/wp-content\/uploads\/2025\/02\/13\/LISE-BASKET-1-300x225.jpeg?ver=181e9aea5c248223ccdb5b13994189f9 300w, https:\/\/brtk.net\/wp-content\/uploads\/2025\/02\/13\/LISE-BASKET-1-1024x768.jpeg?ver=c165834e4eb09e52718be0be9594d214 1024w, https:\/\/brtk.net\/wp-content\/uploads\/2025\/02\/13\/LISE-BASKET-1-768x576.jpeg?ver=c165834e4eb09e52718be0be9594d214 768w, https:\/\/brtk.net\/wp-content\/uploads\/2025\/02\/13\/LISE-BASKET-1-1536x1152.jpeg?ver=771805f0143485d25593272239473396 1536w\"\/>                            <\/div>\n<p>\nErkeklerde Yak\u0131n Do\u011fu Koleji son ma\u00e7\u0131nda Mu\u015fspor Lisesi\u2019ni 68-27 yenerek ikinci s\u0131rada yer alarak yar\u0131n oynanacak yar\u0131 final e\u015fle\u015fmesine y\u00fckseldi<br \/>\nHer iki tak\u0131m yar\u0131n ma\u00e7lar\u0131n\u0131 kazanmalar\u0131 halinde T\u00fcrkiye Liseleraras\u0131 Basketbol \u015eampiyonas\u0131 finallerine y\u00fckselecek.\n                    <\/div>\n<p><script async\n                    defer\n                    crossorigin=\"anonymous\"\n                    src=\"https:\/\/connect.facebook.net\/tr_TR\/sdk.js#xfbml=1&#038;version=v3.3\"\n            ><\/script><br \/>\n<br \/><br \/>\n<br \/><a href=\"https:\/\/brtk.net\/levent-ve-ydk-gruptan-cikti\/\">Kaynak BRT <\/a><\/p>\n","protected":false},"excerpt":{"rendered":"<p>T\u00fcrkiye Liseleraras\u0131 Basketbol Yar\u0131 final Birincili\u011finde m\u00fccadele eden Levent Kolej k\u0131z ve Yak\u0131n do\u011fu Koleji erkek tak\u0131mlar\u0131 Mardin\u2019de gruplar\u0131n\u0131 ikinci bitirerek yar\u0131n \u00e7apraz e\u015fle\u015fmede m\u00fccadele edecek.Levent Kolej A Grubu son ma\u00e7\u0131nda kar\u015f\u0131la\u015ft\u0131\u011f\u0131 \u00d6zel Adana Do\u011fa Fen Lisesi\u2019ne 88-53 ma\u011flup olarak ikinci s\u0131rada turu ge\u00e7ti.Tak\u0131m yar\u0131n yar\u0131 finalde m\u00fccadele edecek. Erkeklerde Yak\u0131n Do\u011fu Koleji son ma\u00e7\u0131nda [&hellip;]<\/p>\n","protected":false},"author":908,"featured_media":17050,"comment_status":"open","ping_status":"open","sticky":false,"template":"","format":"standard","meta":{"_jetpack_memberships_contains_paid_content":false,"footnotes":"","jetpack_publicize_message":"","jetpack_publicize_feature_enabled":true,"jetpack_social_post_already_shared":true,"jetpack_social_options":{"image_generator_settings":{"template":"highway","default_image_id":0,"font":"","enabled":false},"version":2}},"categories":[9],"tags":[],"class_list":["post-17049","post","type-post","status-publish","format-standard","has-post-thumbnail","hentry","category-spor"],"jetpack_publicize_connections":[],"jetpack_featured_media_url":"https:\/\/kibrisayna.com\/wp-content\/uploads\/2025\/02\/LISE-BASKET-2.jpeg","jetpack_sharing_enabled":true,"_links":{"self":[{"href":"https:\/\/kibrisayna.com\/index.php\/wp-json\/wp\/v2\/posts\/17049","targetHints":{"allow":["GET"]}}],"collection":[{"href":"https:\/\/kibrisayna.com\/index.php\/wp-json\/wp\/v2\/posts"}],"about":[{"href":"https:\/\/kibrisayna.com\/index.php\/wp-json\/wp\/v2\/types\/post"}],"author":[{"embeddable":true,"href":"https:\/\/kibrisayna.com\/index.php\/wp-json\/wp\/v2\/users\/908"}],"replies":[{"embeddable":true,"href":"https:\/\/kibrisayna.com\/index.php\/wp-json\/wp\/v2\/comments?post=17049"}],"version-history":[{"count":0,"href":"https:\/\/kibrisayna.com\/index.php\/wp-json\/wp\/v2\/posts\/17049\/revisions"}],"wp:featuredmedia":[{"embeddable":true,"href":"https:\/\/kibrisayna.com\/index.php\/wp-json\/wp\/v2\/media\/17050"}],"wp:attachment":[{"href":"https:\/\/kibrisayna.com\/index.php\/wp-json\/wp\/v2\/media?parent=17049"}],"wp:term":[{"taxonomy":"category","embeddable":true,"href":"https:\/\/kibrisayna.com\/index.php\/wp-json\/wp\/v2\/categories?post=17049"},{"taxonomy":"post_tag","embeddable":true,"href":"https:\/\/kibrisayna.com\/index.php\/wp-json\/wp\/v2\/tags?post=17049"}],"curies":[{"name":"wp","href":"https:\/\/api.w.org\/{rel}","templated":true}]}}