{"id":17039,"date":"2025-02-13T13:07:57","date_gmt":"2025-02-13T10:07:57","guid":{"rendered":"https:\/\/kibrisayna.com\/index.php\/2025\/02\/13\/otomobile-carpip-kaldirima-devrilen-aractaki-cift-yaralandi-son-dakika-turkiye-haberleri\/"},"modified":"2025-02-13T13:07:57","modified_gmt":"2025-02-13T10:07:57","slug":"otomobile-carpip-kaldirima-devrilen-aractaki-cift-yaralandi-son-dakika-turkiye-haberleri","status":"publish","type":"post","link":"https:\/\/kibrisayna.com\/index.php\/2025\/02\/13\/otomobile-carpip-kaldirima-devrilen-aractaki-cift-yaralandi-son-dakika-turkiye-haberleri\/","title":{"rendered":"Otomobile \u00e7arp\u0131p kald\u0131r\u0131ma devrilen ara\u00e7taki \u00e7ift yaraland\u0131 &#8211; Son Dakika T\u00fcrkiye Haberleri"},"content":{"rendered":"<p> <br \/>\n<\/p>\n<div>\n<p>Olay, saat 15.00 s\u0131ralar\u0131nda \u00c7\u0131r\u00e7\u0131r Mahallesi Derei\u00e7i Sokak&#8217;ta meydana geldi. Edinilen bilgiye g\u00f6re, bir ara\u00e7, s\u00fcr\u00fcc\u00fcs\u00fcn\u00fcn kontrol\u00fcnden \u00e7\u0131karak \u00f6nce park halindeki otomobile sonra da kald\u0131r\u0131ma \u00e7\u0131karak bir s\u00fcre ilerleyip devrildi. <\/p>\n<p>Ara\u00e7ta s\u0131k\u0131\u015fan s\u00fcr\u00fcc\u00fc ile yan\u0131ndaki e\u015fine vatanda\u015flar yard\u0131ma ko\u015ftu. \u0130hbar \u00fczerine olay yerine \u00e7ok say\u0131da polis, sa\u011fl\u0131k ve itfaiye ekibi sevk edildi. <\/p>\n<p>Ara\u00e7tan \u00e7\u0131kar\u0131lan \u00e7ift, sa\u011fl\u0131k ekiplerinin ilk m\u00fcdahalesinin ard\u0131ndan hastaneye sevk edildi. Polis ekipleri kaza ile ilgili inceleme ba\u015flatt\u0131.<\/p>\n<\/div>\n<p><br \/>\n<br \/><a href=\"https:\/\/www.ntv.com.tr\/turkiye\/otomobile-carpip-kaldirima-devrilen-aractaki-cift-yaralandi,VOiHFM8OwkO44FWATQXYLA\"><\/a><\/p>\n","protected":false},"excerpt":{"rendered":"<p>Olay, saat 15.00 s\u0131ralar\u0131nda \u00c7\u0131r\u00e7\u0131r Mahallesi Derei\u00e7i Sokak&#8217;ta meydana geldi. Edinilen bilgiye g\u00f6re, bir ara\u00e7, s\u00fcr\u00fcc\u00fcs\u00fcn\u00fcn kontrol\u00fcnden \u00e7\u0131karak \u00f6nce park halindeki otomobile sonra da kald\u0131r\u0131ma \u00e7\u0131karak bir s\u00fcre ilerleyip devrildi. Ara\u00e7ta s\u0131k\u0131\u015fan s\u00fcr\u00fcc\u00fc ile yan\u0131ndaki e\u015fine vatanda\u015flar yard\u0131ma ko\u015ftu. \u0130hbar \u00fczerine olay yerine \u00e7ok say\u0131da polis, sa\u011fl\u0131k ve itfaiye ekibi sevk edildi. Ara\u00e7tan \u00e7\u0131kar\u0131lan \u00e7ift, [&hellip;]<\/p>\n","protected":false},"author":908,"featured_media":17040,"comment_status":"open","ping_status":"open","sticky":false,"template":"","format":"standard","meta":{"_jetpack_memberships_contains_paid_content":false,"footnotes":"","jetpack_publicize_message":"","jetpack_publicize_feature_enabled":true,"jetpack_social_post_already_shared":true,"jetpack_social_options":{"image_generator_settings":{"template":"highway","default_image_id":0,"font":"","enabled":false},"version":2}},"categories":[13],"tags":[],"class_list":["post-17039","post","type-post","status-publish","format-standard","has-post-thumbnail","hentry","category-otomobil"],"jetpack_publicize_connections":[],"jetpack_featured_media_url":"https:\/\/kibrisayna.com\/wp-content\/uploads\/2025\/02\/I05yCxeTVUKE2CjXCUd6kA.jpg","jetpack_sharing_enabled":true,"_links":{"self":[{"href":"https:\/\/kibrisayna.com\/index.php\/wp-json\/wp\/v2\/posts\/17039","targetHints":{"allow":["GET"]}}],"collection":[{"href":"https:\/\/kibrisayna.com\/index.php\/wp-json\/wp\/v2\/posts"}],"about":[{"href":"https:\/\/kibrisayna.com\/index.php\/wp-json\/wp\/v2\/types\/post"}],"author":[{"embeddable":true,"href":"https:\/\/kibrisayna.com\/index.php\/wp-json\/wp\/v2\/users\/908"}],"replies":[{"embeddable":true,"href":"https:\/\/kibrisayna.com\/index.php\/wp-json\/wp\/v2\/comments?post=17039"}],"version-history":[{"count":0,"href":"https:\/\/kibrisayna.com\/index.php\/wp-json\/wp\/v2\/posts\/17039\/revisions"}],"wp:featuredmedia":[{"embeddable":true,"href":"https:\/\/kibrisayna.com\/index.php\/wp-json\/wp\/v2\/media\/17040"}],"wp:attachment":[{"href":"https:\/\/kibrisayna.com\/index.php\/wp-json\/wp\/v2\/media?parent=17039"}],"wp:term":[{"taxonomy":"category","embeddable":true,"href":"https:\/\/kibrisayna.com\/index.php\/wp-json\/wp\/v2\/categories?post=17039"},{"taxonomy":"post_tag","embeddable":true,"href":"https:\/\/kibrisayna.com\/index.php\/wp-json\/wp\/v2\/tags?post=17039"}],"curies":[{"name":"wp","href":"https:\/\/api.w.org\/{rel}","templated":true}]}}