{"id":17031,"date":"2025-02-13T12:04:02","date_gmt":"2025-02-13T09:04:02","guid":{"rendered":"https:\/\/kibrisayna.com\/index.php\/2025\/02\/13\/su-urunleri-donemsel-av-yasaklari-konusunda-bilgilendirme-yapildi-brtk\/"},"modified":"2025-02-13T12:04:02","modified_gmt":"2025-02-13T09:04:02","slug":"su-urunleri-donemsel-av-yasaklari-konusunda-bilgilendirme-yapildi-brtk","status":"publish","type":"post","link":"https:\/\/kibrisayna.com\/index.php\/2025\/02\/13\/su-urunleri-donemsel-av-yasaklari-konusunda-bilgilendirme-yapildi-brtk\/","title":{"rendered":"Su \u00fcr\u00fcnleri d\u00f6nemsel av yasaklar\u0131 konusunda bilgilendirme yap\u0131ld\u0131 \u2013 BRTK"},"content":{"rendered":"<p> <br \/>\n<\/p>\n<div>\n<div class=\"mariselle-image-container center\">\n                <img loading=\"lazy\" decoding=\"async\" width=\"6000\" height=\"3375\" class=\"lazy-image\" alt=\"\" sizes=\"auto, (max-width: 6000px) 100vw, 6000px\" src=\"https:\/\/brtk.net\/wp-content\/uploads\/2025\/02\/13\/qrqrq.png?ver=49699f235dd6cc3c10188d1411877009\" srcset=\"https:\/\/brtk.net\/wp-content\/uploads\/2025\/02\/13\/qrqrq.png?ver=49699f235dd6cc3c10188d1411877009 6000w, https:\/\/brtk.net\/wp-content\/uploads\/2025\/02\/13\/qrqrq-300x169.png?ver=3d4e1632fcc495be2713e1792f5c650c 300w, https:\/\/brtk.net\/wp-content\/uploads\/2025\/02\/13\/qrqrq-1024x576.png?ver=b69eb60995a48e86e8676473e35f79ae 1024w, https:\/\/brtk.net\/wp-content\/uploads\/2025\/02\/13\/qrqrq-768x432.png?ver=8918a861bc022fe269ef4af2c34f4fc8 768w, https:\/\/brtk.net\/wp-content\/uploads\/2025\/02\/13\/qrqrq-1536x864.png?ver=27bdafd65b92d45a67e1beb530a3f985 1536w, https:\/\/brtk.net\/wp-content\/uploads\/2025\/02\/13\/qrqrq-2048x1152.png?ver=d417d1ea03f3694a01cdd1a0329e73db 2048w\"\/>                            <\/div>\n<p> Tar\u0131m ve Do\u011fal Kaynaklar Bakanl\u0131\u011f\u0131, Hayvanc\u0131l\u0131k Dairesi, Su \u00dcr\u00fcnleri \u015eubesi, amat\u00f6r (sportif) ve\/veya mesleki olarak su \u00fcr\u00fcnleri avc\u0131l\u0131\u011f\u0131 yapan ki\u015fileri yak\u0131n d\u00f6nemdeki av yasaklar\u0131 hakk\u0131nda bilgilendirdi.   <\/p>\n<p>Tar\u0131m ve Do\u011fal Kaynaklar Bakanl\u0131\u011f\u0131\u2019ndan yap\u0131lan yaz\u0131l\u0131 a\u00e7\u0131klamada, bal\u0131klar\u0131n ve di\u011fer su \u00fcr\u00fcnlerinin \u00fcreme d\u00f6nemlerinde avlan\u0131lmas\u0131n\u0131n yeni nesillerin ortaya \u00e7\u0131kmas\u0131n\u0131 engelledi\u011fi hat\u0131rlat\u0131larak, \u201cAv yasaklar\u0131, t\u00fcrlerin \u00e7o\u011falmas\u0131na ve stoklar\u0131n kendini yenilemesine olanak sa\u011flar. Baz\u0131 t\u00fcrler ekosistemin dengede olmas\u0131n\u0131 sa\u011flamaktad\u0131r. Bu nedenle av yasaklar\u0131 farkl\u0131 t\u00fcrlerin varl\u0131\u011f\u0131n\u0131 korumas\u0131na yard\u0131mc\u0131 olur.\u201d ifadesi kullan\u0131ld\u0131.  <\/p>\n<p>A\u00e7\u0131klamada, \u201cBal\u0131k\u00e7\u0131l\u0131k \u0130zinleri ve Bal\u0131k\u00e7\u0131l\u0131k Kaynaklar\u0131n\u0131n S\u00fcrd\u00fcr\u00fclebilir Kullan\u0131m\u0131 T\u00fcz\u00fc\u011f\u00fc\u201d kapsam\u0131nda avlan\u0131lmas\u0131 yasak t\u00fcrler ve tarihleri \u015f\u00f6yle kaydedildi: \u201cMavi y\u00fczge\u00e7li orkinos bal\u0131\u011f\u0131 1 Kas\u0131m- 15 May\u0131s; k\u0131l\u0131\u00e7 bal\u0131\u011f\u0131 1 Ekim \u2013 30 Kas\u0131m ve 1 Ocak \u2013 31 Mart; orfoz ve lagos 15 May\u0131s \u2013 15 Temmuz ve ahtapot 1 \u015eubat \u2013 1 Mart.\u201d          <\/p>\n<p>Bakanl\u0131ktan yap\u0131lan a\u00e7\u0131klamada, ahtapotlar\u0131n gece veya g\u00fcnd\u00fcz k\u0131y\u0131lardan kanca veya elle toplanmas\u0131n\u0131n yasak oldu\u011fu da vurguland\u0131.<\/p>\n<p><strong>-Av yasaklar\u0131 uzun vadede ekosistem sa\u011fl\u0131\u011f\u0131 a\u00e7\u0131s\u0131ndan \u00e7ok \u00f6nemli<\/strong><\/p>\n<p>Yasak d\u00f6nemler sayesinde bal\u0131klar\u0131n b\u00fcy\u00fcy\u00fcp geli\u015febildi\u011fi ve besin kalitelerinin art\u0131\u011f\u0131 da belirtilen a\u00e7\u0131klamada, av yasaklar\u0131n\u0131n k\u0131sa vadede bal\u0131k\u00e7\u0131lar\u0131 ekonomik zarara u\u011frat\u0131yor gibi g\u00f6z\u00fckse de uzun vadede bal\u0131k\u00e7\u0131l\u0131\u011f\u0131n ekonomik s\u00fcrd\u00fcr\u00fclebilirli\u011fi ve ekosistem sa\u011fl\u0131\u011f\u0131 a\u00e7\u0131s\u0131ndan \u00e7ok \u00f6nemli oldu\u011fu belirtildi.<\/p>\n<p>A\u00e7\u0131klamada, belirtilen t\u00fcrlerin avlanmas\u0131, g\u00fcvertede bulundurulmas\u0131, ba\u015fka bir gemiye aktar\u0131lmas\u0131, sevkiyat\u0131, karaya \u00e7\u0131kar\u0131lmas\u0131, sat\u0131lmas\u0131, sat\u0131\u015f amac\u0131yla te\u015fhir edilmesi veya sat\u0131\u015fa sunulmas\u0131n\u0131n yasak oldu\u011fu bildirilerek, s\u00f6z konusu yasaklara uyulmamas\u0131 halinde, Su \u00dcr\u00fcnleri Yasas\u0131 32 (A), 10 (A)\u2019da belirtilen bir asgari \u00fccret kar\u015f\u0131l\u0131\u011f\u0131 idari ceza uygulanaca\u011f\u0131 a\u00e7\u0131kland\u0131.<\/p>\n<p>T\u00fcm bal\u0131k\u00e7\u0131lar\u0131n, restoran sahiplerinin, perakendecilerin ve \u00f6zellikle t\u00fcketicilerin bu d\u00f6nemlerde hassasiyet g\u00f6stermelerinin belirtildi\u011fi a\u00e7\u0131klamada, \u201cDengeli bir ekosistem i\u00e7in duyarl\u0131, sorumlu olmaya davet ediyoruz.\u201d denildi.<\/p>\n<\/p><\/div>\n<p><script async\n                    defer\n                    crossorigin=\"anonymous\"\n                    src=\"https:\/\/connect.facebook.net\/tr_TR\/sdk.js#xfbml=1&#038;version=v3.3\"\n            ><\/script><br \/>\n<br \/><br \/>\n<br \/><a href=\"https:\/\/brtk.net\/su-urunleri-donemsel-av-yasaklari-konusunda-bilgilendirme-yapildi\/\">Kaynak BRT <\/a><\/p>\n","protected":false},"excerpt":{"rendered":"<p>Tar\u0131m ve Do\u011fal Kaynaklar Bakanl\u0131\u011f\u0131, Hayvanc\u0131l\u0131k Dairesi, Su \u00dcr\u00fcnleri \u015eubesi, amat\u00f6r (sportif) ve\/veya mesleki olarak su \u00fcr\u00fcnleri avc\u0131l\u0131\u011f\u0131 yapan ki\u015fileri yak\u0131n d\u00f6nemdeki av yasaklar\u0131 hakk\u0131nda bilgilendirdi. Tar\u0131m ve Do\u011fal Kaynaklar Bakanl\u0131\u011f\u0131\u2019ndan yap\u0131lan yaz\u0131l\u0131 a\u00e7\u0131klamada, bal\u0131klar\u0131n ve di\u011fer su \u00fcr\u00fcnlerinin \u00fcreme d\u00f6nemlerinde avlan\u0131lmas\u0131n\u0131n yeni nesillerin ortaya \u00e7\u0131kmas\u0131n\u0131 engelledi\u011fi hat\u0131rlat\u0131larak, \u201cAv yasaklar\u0131, t\u00fcrlerin \u00e7o\u011falmas\u0131na ve stoklar\u0131n kendini [&hellip;]<\/p>\n","protected":false},"author":908,"featured_media":17032,"comment_status":"open","ping_status":"open","sticky":false,"template":"","format":"standard","meta":{"_jetpack_memberships_contains_paid_content":false,"footnotes":"","jetpack_publicize_message":"","jetpack_publicize_feature_enabled":true,"jetpack_social_post_already_shared":true,"jetpack_social_options":{"image_generator_settings":{"template":"highway","default_image_id":0,"font":"","enabled":false},"version":2}},"categories":[253],"tags":[],"class_list":["post-17031","post","type-post","status-publish","format-standard","has-post-thumbnail","hentry","category-gundem"],"jetpack_publicize_connections":[],"jetpack_featured_media_url":"https:\/\/kibrisayna.com\/wp-content\/uploads\/2025\/02\/qrqrq.png","jetpack_sharing_enabled":true,"_links":{"self":[{"href":"https:\/\/kibrisayna.com\/index.php\/wp-json\/wp\/v2\/posts\/17031","targetHints":{"allow":["GET"]}}],"collection":[{"href":"https:\/\/kibrisayna.com\/index.php\/wp-json\/wp\/v2\/posts"}],"about":[{"href":"https:\/\/kibrisayna.com\/index.php\/wp-json\/wp\/v2\/types\/post"}],"author":[{"embeddable":true,"href":"https:\/\/kibrisayna.com\/index.php\/wp-json\/wp\/v2\/users\/908"}],"replies":[{"embeddable":true,"href":"https:\/\/kibrisayna.com\/index.php\/wp-json\/wp\/v2\/comments?post=17031"}],"version-history":[{"count":0,"href":"https:\/\/kibrisayna.com\/index.php\/wp-json\/wp\/v2\/posts\/17031\/revisions"}],"wp:featuredmedia":[{"embeddable":true,"href":"https:\/\/kibrisayna.com\/index.php\/wp-json\/wp\/v2\/media\/17032"}],"wp:attachment":[{"href":"https:\/\/kibrisayna.com\/index.php\/wp-json\/wp\/v2\/media?parent=17031"}],"wp:term":[{"taxonomy":"category","embeddable":true,"href":"https:\/\/kibrisayna.com\/index.php\/wp-json\/wp\/v2\/categories?post=17031"},{"taxonomy":"post_tag","embeddable":true,"href":"https:\/\/kibrisayna.com\/index.php\/wp-json\/wp\/v2\/tags?post=17031"}],"curies":[{"name":"wp","href":"https:\/\/api.w.org\/{rel}","templated":true}]}}