{"id":17014,"date":"2025-02-13T11:06:54","date_gmt":"2025-02-13T08:06:54","guid":{"rendered":"https:\/\/kibrisayna.com\/index.php\/2025\/02\/13\/ozturkler-berat-kandili-dolayisiyla-mesaj-yayimladi-brtk\/"},"modified":"2025-02-13T11:06:54","modified_gmt":"2025-02-13T08:06:54","slug":"ozturkler-berat-kandili-dolayisiyla-mesaj-yayimladi-brtk","status":"publish","type":"post","link":"https:\/\/kibrisayna.com\/index.php\/2025\/02\/13\/ozturkler-berat-kandili-dolayisiyla-mesaj-yayimladi-brtk\/","title":{"rendered":"\u00d6zt\u00fcrkler, Berat Kandili dolay\u0131s\u0131yla mesaj yay\u0131mlad\u0131 \u2013 BRTK"},"content":{"rendered":"<p> <br \/>\n<\/p>\n<div>\n<div class=\"mariselle-image-container center\">\n                <img loading=\"lazy\" decoding=\"async\" width=\"1600\" height=\"1066\" class=\"lazy-image\" alt=\"\" sizes=\"auto, (max-width: 1600px) 100vw, 1600px\" src=\"https:\/\/brtk.net\/wp-content\/uploads\/2024\/11\/23\/ozturkler13.jpeg?ver=b27392cd9bbf3f6a163492f9457f10d2\" srcset=\"https:\/\/brtk.net\/wp-content\/uploads\/2024\/11\/23\/ozturkler13.jpeg?ver=b27392cd9bbf3f6a163492f9457f10d2 1600w, https:\/\/brtk.net\/wp-content\/uploads\/2024\/11\/23\/ozturkler13-300x200.jpeg?ver=c60254a24b05956544d2e43470f95714 300w, https:\/\/brtk.net\/wp-content\/uploads\/2024\/11\/23\/ozturkler13-1024x682.jpeg?ver=c60254a24b05956544d2e43470f95714 1024w, https:\/\/brtk.net\/wp-content\/uploads\/2024\/11\/23\/ozturkler13-768x512.jpeg?ver=c60254a24b05956544d2e43470f95714 768w, https:\/\/brtk.net\/wp-content\/uploads\/2024\/11\/23\/ozturkler13-1536x1023.jpeg?ver=31c494c2d0f438f8a885c1dab3da1d1b 1536w\"\/>                            <\/div>\n<p> Cumhuriyet Meclisi Ba\u015fkan\u0131 Ziya \u00d6zt\u00fcrkler, bu gece kutlanacak Berat Kandili dolay\u0131s\u0131yla mesaj yay\u0131mlad\u0131.<\/p>\n<p>\u00d6zt\u00fcrkler, mesaj\u0131nda, bug\u00fcn, af ve ma\u011ffiretin kap\u0131lar\u0131n\u0131n ard\u0131na kadar a\u00e7\u0131ld\u0131\u011f\u0131, rahmet ve bereketin yery\u00fcz\u00fcne yay\u0131ld\u0131\u011f\u0131 m\u00fcbarek Berat Kandili\u2019ni idrak etmenin huzurunu ya\u015fad\u0131klar\u0131n\u0131 kaydetti.<\/p>\n<p>Berat\u2019\u0131n, bireysel ar\u0131nma i\u00e7in bir vesile olmas\u0131n\u0131n \u00f6tesinde, toplumsal dayan\u0131\u015fman\u0131n ve karde\u015fli\u011fin de peki\u015fti\u011fi \u00f6zel bir gece oldu\u011funa dikkat \u00e7eken \u00d6zt\u00fcrkler, mesaj\u0131nda \u015funlar\u0131 kaydetti:<\/p>\n<p>\u201cBu vesileyle, birlik ve beraberli\u011fimizin g\u00fc\u00e7lenmesini, \u00fclkemizin daha ayd\u0131nl\u0131k yar\u0131nlara ula\u015fmas\u0131n\u0131 diliyorum. Bu m\u00fcbarek gecenin, halk\u0131m\u0131za, Anavatan T\u00fcrkiye Cumhuriyeti  ve t\u00fcm \u0130slam alemine bar\u0131\u015f, huzur ve refah getirmesini Y\u00fcce Allah\u2019tan niyaz ediyorum.  Bu anlaml\u0131 gecede dualar\u0131m\u0131z\u0131n kabul olmas\u0131n\u0131 diler, Berat Kandili\u2019nin hay\u0131rlara vesile olmas\u0131n\u0131 temenni ederim.\u201d<\/p>\n<\/p><\/div>\n<p><script async\n                    defer\n                    crossorigin=\"anonymous\"\n                    src=\"https:\/\/connect.facebook.net\/tr_TR\/sdk.js#xfbml=1&#038;version=v3.3\"\n            ><\/script><br \/>\n<br \/><br \/>\n<br \/><a href=\"https:\/\/brtk.net\/ozturkler-berat-kandili-dolayisiyla-mesaj-yayimladi\/\">Kaynak BRT <\/a><\/p>\n","protected":false},"excerpt":{"rendered":"<p>Cumhuriyet Meclisi Ba\u015fkan\u0131 Ziya \u00d6zt\u00fcrkler, bu gece kutlanacak Berat Kandili dolay\u0131s\u0131yla mesaj yay\u0131mlad\u0131. \u00d6zt\u00fcrkler, mesaj\u0131nda, bug\u00fcn, af ve ma\u011ffiretin kap\u0131lar\u0131n\u0131n ard\u0131na kadar a\u00e7\u0131ld\u0131\u011f\u0131, rahmet ve bereketin yery\u00fcz\u00fcne yay\u0131ld\u0131\u011f\u0131 m\u00fcbarek Berat Kandili\u2019ni idrak etmenin huzurunu ya\u015fad\u0131klar\u0131n\u0131 kaydetti. Berat\u2019\u0131n, bireysel ar\u0131nma i\u00e7in bir vesile olmas\u0131n\u0131n \u00f6tesinde, toplumsal dayan\u0131\u015fman\u0131n ve karde\u015fli\u011fin de peki\u015fti\u011fi \u00f6zel bir gece oldu\u011funa dikkat [&hellip;]<\/p>\n","protected":false},"author":908,"featured_media":11791,"comment_status":"open","ping_status":"open","sticky":false,"template":"","format":"standard","meta":{"_jetpack_memberships_contains_paid_content":false,"footnotes":"","jetpack_publicize_message":"","jetpack_publicize_feature_enabled":true,"jetpack_social_post_already_shared":true,"jetpack_social_options":{"image_generator_settings":{"template":"highway","default_image_id":0,"font":"","enabled":false},"version":2}},"categories":[253],"tags":[],"class_list":["post-17014","post","type-post","status-publish","format-standard","has-post-thumbnail","hentry","category-gundem"],"jetpack_publicize_connections":[],"jetpack_featured_media_url":"https:\/\/kibrisayna.com\/wp-content\/uploads\/2024\/11\/ozturkler13.jpeg","jetpack_sharing_enabled":true,"_links":{"self":[{"href":"https:\/\/kibrisayna.com\/index.php\/wp-json\/wp\/v2\/posts\/17014","targetHints":{"allow":["GET"]}}],"collection":[{"href":"https:\/\/kibrisayna.com\/index.php\/wp-json\/wp\/v2\/posts"}],"about":[{"href":"https:\/\/kibrisayna.com\/index.php\/wp-json\/wp\/v2\/types\/post"}],"author":[{"embeddable":true,"href":"https:\/\/kibrisayna.com\/index.php\/wp-json\/wp\/v2\/users\/908"}],"replies":[{"embeddable":true,"href":"https:\/\/kibrisayna.com\/index.php\/wp-json\/wp\/v2\/comments?post=17014"}],"version-history":[{"count":0,"href":"https:\/\/kibrisayna.com\/index.php\/wp-json\/wp\/v2\/posts\/17014\/revisions"}],"wp:featuredmedia":[{"embeddable":true,"href":"https:\/\/kibrisayna.com\/index.php\/wp-json\/wp\/v2\/media\/11791"}],"wp:attachment":[{"href":"https:\/\/kibrisayna.com\/index.php\/wp-json\/wp\/v2\/media?parent=17014"}],"wp:term":[{"taxonomy":"category","embeddable":true,"href":"https:\/\/kibrisayna.com\/index.php\/wp-json\/wp\/v2\/categories?post=17014"},{"taxonomy":"post_tag","embeddable":true,"href":"https:\/\/kibrisayna.com\/index.php\/wp-json\/wp\/v2\/tags?post=17014"}],"curies":[{"name":"wp","href":"https:\/\/api.w.org\/{rel}","templated":true}]}}