{"id":17013,"date":"2025-02-13T11:01:01","date_gmt":"2025-02-13T08:01:01","guid":{"rendered":"https:\/\/kibrisayna.com\/index.php\/2025\/02\/13\/denizlerde-firtinamsi-ruzgar-etkili-oluyor-brtk\/"},"modified":"2025-02-13T11:01:01","modified_gmt":"2025-02-13T08:01:01","slug":"denizlerde-firtinamsi-ruzgar-etkili-oluyor-brtk","status":"publish","type":"post","link":"https:\/\/kibrisayna.com\/index.php\/2025\/02\/13\/denizlerde-firtinamsi-ruzgar-etkili-oluyor-brtk\/","title":{"rendered":"Denizlerde f\u0131rt\u0131nams\u0131 r\u00fczgar etkili oluyor \u2013 BRTK"},"content":{"rendered":"<p> <br \/>\n<\/p>\n<div>\n<div class=\"mariselle-image-container center\">\n                <img loading=\"lazy\" decoding=\"async\" width=\"753\" height=\"399\" class=\"lazy-image\" alt=\"\" sizes=\"auto, (max-width: 753px) 100vw, 753px\" src=\"https:\/\/brtk.net\/wp-content\/uploads\/2024\/12\/30\/firtinaaaaaaaaaaaaaaaaaaaaaaa.jpg?ver=09700479326ee995280a4707a394281c\" srcset=\"https:\/\/brtk.net\/wp-content\/uploads\/2024\/12\/30\/firtinaaaaaaaaaaaaaaaaaaaaaaa.jpg?ver=09700479326ee995280a4707a394281c 753w, https:\/\/brtk.net\/wp-content\/uploads\/2024\/12\/30\/firtinaaaaaaaaaaaaaaaaaaaaaaa-300x159.jpg?ver=2b4449a2bc66ddc21938c018376490c4 300w\"\/>                            <\/div>\n<p> Meteoroloji Dairesi, b\u00f6lge denizlerinde bug\u00fcn f\u0131rt\u0131nams\u0131 r\u00fczgar\u0131n etkili oldu\u011funu duyurdu.<\/p>\n<p>Gece yar\u0131s\u0131 bat\u0131 Taurus\u2019ta kuzey ve bat\u0131 y\u00f6nlerden esen kuvvetli r\u00fczgar\u0131n zamanla kuvvetlenerek 7 kuvvetinde ve f\u0131rt\u0131nams\u0131 r\u00fczgar \u015feklinde esmesinin beklendi\u011fini kaydeden Meteoroloji Dairesi, f\u0131rt\u0131nams\u0131 r\u00fczgar\u0131n \u00f6\u011fle saatlerine kadar s\u00fcrece\u011fini bildirdi.<\/p>\n<\/p><\/div>\n<p><script async\n                    defer\n                    crossorigin=\"anonymous\"\n                    src=\"https:\/\/connect.facebook.net\/tr_TR\/sdk.js#xfbml=1&#038;version=v3.3\"\n            ><\/script><br \/>\n<br \/><br \/>\n<br \/><a href=\"https:\/\/brtk.net\/denizlerde-firtinamsi-ruzgar-etkili-oluyor-2\/\">Kaynak BRT <\/a><\/p>\n","protected":false},"excerpt":{"rendered":"<p>Meteoroloji Dairesi, b\u00f6lge denizlerinde bug\u00fcn f\u0131rt\u0131nams\u0131 r\u00fczgar\u0131n etkili oldu\u011funu duyurdu. Gece yar\u0131s\u0131 bat\u0131 Taurus\u2019ta kuzey ve bat\u0131 y\u00f6nlerden esen kuvvetli r\u00fczgar\u0131n zamanla kuvvetlenerek 7 kuvvetinde ve f\u0131rt\u0131nams\u0131 r\u00fczgar \u015feklinde esmesinin beklendi\u011fini kaydeden Meteoroloji Dairesi, f\u0131rt\u0131nams\u0131 r\u00fczgar\u0131n \u00f6\u011fle saatlerine kadar s\u00fcrece\u011fini bildirdi. Kaynak BRT<\/p>\n","protected":false},"author":908,"featured_media":15400,"comment_status":"open","ping_status":"open","sticky":false,"template":"","format":"standard","meta":{"_jetpack_memberships_contains_paid_content":false,"footnotes":"","jetpack_publicize_message":"","jetpack_publicize_feature_enabled":true,"jetpack_social_post_already_shared":true,"jetpack_social_options":{"image_generator_settings":{"template":"highway","default_image_id":0,"font":"","enabled":false},"version":2}},"categories":[253],"tags":[],"class_list":["post-17013","post","type-post","status-publish","format-standard","has-post-thumbnail","hentry","category-gundem"],"jetpack_publicize_connections":[],"jetpack_featured_media_url":"https:\/\/kibrisayna.com\/wp-content\/uploads\/2024\/12\/firtinaaaaaaaaaaaaaaaaaaaaaaa.jpg","jetpack_sharing_enabled":true,"_links":{"self":[{"href":"https:\/\/kibrisayna.com\/index.php\/wp-json\/wp\/v2\/posts\/17013","targetHints":{"allow":["GET"]}}],"collection":[{"href":"https:\/\/kibrisayna.com\/index.php\/wp-json\/wp\/v2\/posts"}],"about":[{"href":"https:\/\/kibrisayna.com\/index.php\/wp-json\/wp\/v2\/types\/post"}],"author":[{"embeddable":true,"href":"https:\/\/kibrisayna.com\/index.php\/wp-json\/wp\/v2\/users\/908"}],"replies":[{"embeddable":true,"href":"https:\/\/kibrisayna.com\/index.php\/wp-json\/wp\/v2\/comments?post=17013"}],"version-history":[{"count":0,"href":"https:\/\/kibrisayna.com\/index.php\/wp-json\/wp\/v2\/posts\/17013\/revisions"}],"wp:featuredmedia":[{"embeddable":true,"href":"https:\/\/kibrisayna.com\/index.php\/wp-json\/wp\/v2\/media\/15400"}],"wp:attachment":[{"href":"https:\/\/kibrisayna.com\/index.php\/wp-json\/wp\/v2\/media?parent=17013"}],"wp:term":[{"taxonomy":"category","embeddable":true,"href":"https:\/\/kibrisayna.com\/index.php\/wp-json\/wp\/v2\/categories?post=17013"},{"taxonomy":"post_tag","embeddable":true,"href":"https:\/\/kibrisayna.com\/index.php\/wp-json\/wp\/v2\/tags?post=17013"}],"curies":[{"name":"wp","href":"https:\/\/api.w.org\/{rel}","templated":true}]}}