{"id":16910,"date":"2025-02-12T23:48:32","date_gmt":"2025-02-12T20:48:32","guid":{"rendered":"https:\/\/kibrisayna.com\/index.php\/2025\/02\/12\/sirbistan-cumhurbaskani-vucic-olumden-dondu-seyir-halindeyken-aracinin-lastigi-cikti\/"},"modified":"2025-02-12T23:48:32","modified_gmt":"2025-02-12T20:48:32","slug":"sirbistan-cumhurbaskani-vucic-olumden-dondu-seyir-halindeyken-aracinin-lastigi-cikti","status":"publish","type":"post","link":"https:\/\/kibrisayna.com\/index.php\/2025\/02\/12\/sirbistan-cumhurbaskani-vucic-olumden-dondu-seyir-halindeyken-aracinin-lastigi-cikti\/","title":{"rendered":"S\u0131rbistan Cumhurba\u015fkan\u0131 Vucic \u00f6l\u00fcmden d\u00f6nd\u00fc: Seyir halindeyken arac\u0131n\u0131n lasti\u011fi \u00e7\u0131kt\u0131"},"content":{"rendered":"<p> <br \/>\n<br \/><img decoding=\"async\" src=\"https:\/\/cdn1.ntv.com.tr\/gorsel\/waoVEhcpyEeFnD-484A1QA.jpg?width=1200&amp;ampmode=crop&amp;ampscale=both\" class=\"type:primaryImage\" alt=\"S\u0131rbistan Cumhurba\u015fkan\u0131 Vucic \u00f6l\u00fcmden d\u00f6nd\u00fc: Seyir halindeyken arac\u0131n\u0131n lasti\u011fi \u00e7\u0131kt\u0131\" \/><\/p>\n<p>S\u0131rbistan Cumhurba\u015fkan\u0131 Aleksandar Vucic, bir k\u00f6y\u00fc ziyaret amac\u0131yla yolculuk ederken hayati tehlike atlatt\u0131.Vucic&#8217;in seyir halindeki z\u0131rhl\u0131 makam arac\u0131n\u0131n lasti\u011fi yerinden \u00e7\u0131kt\u0131. O anlar kameralara yans\u0131d\u0131.<\/p>\n<p><br \/>\n<br \/><a href=\"https:\/\/www.ntv.com.tr\/video\/dunya\/sirbistan-cumhurbaskani-vucic-olumden-dondu-seyir-halindeyken-aracinin-lastigi-cikti,4tejLAdKEkii4TG0AIyV8A\"><\/a><\/p>\n","protected":false},"excerpt":{"rendered":"<p>S\u0131rbistan Cumhurba\u015fkan\u0131 Aleksandar Vucic, bir k\u00f6y\u00fc ziyaret amac\u0131yla yolculuk ederken hayati tehlike atlatt\u0131.Vucic&#8217;in seyir halindeki z\u0131rhl\u0131 makam arac\u0131n\u0131n lasti\u011fi yerinden \u00e7\u0131kt\u0131. O anlar kameralara yans\u0131d\u0131.<\/p>\n","protected":false},"author":908,"featured_media":16911,"comment_status":"open","ping_status":"open","sticky":false,"template":"","format":"standard","meta":{"_jetpack_memberships_contains_paid_content":false,"footnotes":"","jetpack_publicize_message":"","jetpack_publicize_feature_enabled":true,"jetpack_social_post_already_shared":true,"jetpack_social_options":{"image_generator_settings":{"template":"highway","default_image_id":0,"font":"","enabled":false},"version":2}},"categories":[13],"tags":[],"class_list":["post-16910","post","type-post","status-publish","format-standard","has-post-thumbnail","hentry","category-otomobil"],"jetpack_publicize_connections":[],"jetpack_featured_media_url":"https:\/\/kibrisayna.com\/wp-content\/uploads\/2025\/02\/waoVEhcpyEeFnD-484A1QA.jpg","jetpack_sharing_enabled":true,"_links":{"self":[{"href":"https:\/\/kibrisayna.com\/index.php\/wp-json\/wp\/v2\/posts\/16910","targetHints":{"allow":["GET"]}}],"collection":[{"href":"https:\/\/kibrisayna.com\/index.php\/wp-json\/wp\/v2\/posts"}],"about":[{"href":"https:\/\/kibrisayna.com\/index.php\/wp-json\/wp\/v2\/types\/post"}],"author":[{"embeddable":true,"href":"https:\/\/kibrisayna.com\/index.php\/wp-json\/wp\/v2\/users\/908"}],"replies":[{"embeddable":true,"href":"https:\/\/kibrisayna.com\/index.php\/wp-json\/wp\/v2\/comments?post=16910"}],"version-history":[{"count":0,"href":"https:\/\/kibrisayna.com\/index.php\/wp-json\/wp\/v2\/posts\/16910\/revisions"}],"wp:featuredmedia":[{"embeddable":true,"href":"https:\/\/kibrisayna.com\/index.php\/wp-json\/wp\/v2\/media\/16911"}],"wp:attachment":[{"href":"https:\/\/kibrisayna.com\/index.php\/wp-json\/wp\/v2\/media?parent=16910"}],"wp:term":[{"taxonomy":"category","embeddable":true,"href":"https:\/\/kibrisayna.com\/index.php\/wp-json\/wp\/v2\/categories?post=16910"},{"taxonomy":"post_tag","embeddable":true,"href":"https:\/\/kibrisayna.com\/index.php\/wp-json\/wp\/v2\/tags?post=16910"}],"curies":[{"name":"wp","href":"https:\/\/api.w.org\/{rel}","templated":true}]}}