{"id":16904,"date":"2025-02-12T23:17:59","date_gmt":"2025-02-12T20:17:59","guid":{"rendered":"https:\/\/kibrisayna.com\/index.php\/2025\/02\/12\/denktas-kupasi-finali-brt-2de-brtk\/"},"modified":"2025-02-12T23:17:59","modified_gmt":"2025-02-12T20:17:59","slug":"denktas-kupasi-finali-brt-2de-brtk","status":"publish","type":"post","link":"https:\/\/kibrisayna.com\/index.php\/2025\/02\/12\/denktas-kupasi-finali-brt-2de-brtk\/","title":{"rendered":"Denkta\u015f Kupas\u0131 finali BRT 2\u2019de \u2013 BRTK"},"content":{"rendered":"<p> <br \/>\n<\/p>\n<div>\n<div class=\"mariselle-image-container center\">\n                <img loading=\"lazy\" decoding=\"async\" width=\"1610\" height=\"2048\" class=\"lazy-image\" alt=\"\" sizes=\"auto, (max-width: 1610px) 100vw, 1610px\" src=\"https:\/\/brtk.net\/wp-content\/uploads\/2025\/02\/11\/VOL.jpg?ver=527610bd1ce7254ce9c967e3eb848571\" srcset=\"https:\/\/brtk.net\/wp-content\/uploads\/2025\/02\/11\/VOL.jpg?ver=527610bd1ce7254ce9c967e3eb848571 1610w, https:\/\/brtk.net\/wp-content\/uploads\/2025\/02\/11\/VOL-236x300.jpg?ver=6190d86ecaefc5591bf5b1fa2d072312 236w, https:\/\/brtk.net\/wp-content\/uploads\/2025\/02\/11\/VOL-805x1024.jpg?ver=6190d86ecaefc5591bf5b1fa2d072312 805w, https:\/\/brtk.net\/wp-content\/uploads\/2025\/02\/11\/VOL-768x977.jpg?ver=01b84adb62077d067e7585e514f48175 768w, https:\/\/brtk.net\/wp-content\/uploads\/2025\/02\/11\/VOL-1208x1536.jpg?ver=bb2e4f18d72a548a3ea07c60872cdb0a 1208w\"\/>                            <\/div>\n<p>\u201c13. Rauf Raif Denkta\u015f Kupas\u0131\u201dn\u0131n kad\u0131nlar finali yar\u0131n oynanacak.<br \/>\u015eampiyonan\u0131n kad\u0131nlar finalinde Do\u011fu Akdeniz \u00dcniversitesi ile Royal Boyal Lefko\u015fa Voleybol Akademi, Lefko\u015fa Atat\u00fcrk Spor Salonu\u2019nda kar\u015f\u0131 kar\u015f\u0131ya gelecek.<br \/>Saat 18.30 da ba\u015flayacak ma\u00e7 BRT 2\u2019den \u2018canl\u0131\u2019 ekranda olacak.<br \/>Kupa\u2019n\u0131n Do\u011fu Akdeniz \u00dcniversitesi ile Karpaz Gate Marina aras\u0131nda oynanacak erkekler finali ise 15 \u015eubat Cumartesi yap\u0131lacak.<\/p>\n<\/p><\/div>\n<p><script async\n                    defer\n                    crossorigin=\"anonymous\"\n                    src=\"https:\/\/connect.facebook.net\/tr_TR\/sdk.js#xfbml=1&#038;version=v3.3\"\n            ><\/script><br \/>\n<br \/><br \/>\n<br \/><a href=\"https:\/\/brtk.net\/denktas-kupasi-finali-brt-2de\/\">Kaynak BRT <\/a><\/p>\n","protected":false},"excerpt":{"rendered":"<p>\u201c13. Rauf Raif Denkta\u015f Kupas\u0131\u201dn\u0131n kad\u0131nlar finali yar\u0131n oynanacak.\u015eampiyonan\u0131n kad\u0131nlar finalinde Do\u011fu Akdeniz \u00dcniversitesi ile Royal Boyal Lefko\u015fa Voleybol Akademi, Lefko\u015fa Atat\u00fcrk Spor Salonu\u2019nda kar\u015f\u0131 kar\u015f\u0131ya gelecek.Saat 18.30 da ba\u015flayacak ma\u00e7 BRT 2\u2019den \u2018canl\u0131\u2019 ekranda olacak.Kupa\u2019n\u0131n Do\u011fu Akdeniz \u00dcniversitesi ile Karpaz Gate Marina aras\u0131nda oynanacak erkekler finali ise 15 \u015eubat Cumartesi yap\u0131lacak. Kaynak BRT<\/p>\n","protected":false},"author":908,"featured_media":16905,"comment_status":"open","ping_status":"open","sticky":false,"template":"","format":"standard","meta":{"_jetpack_memberships_contains_paid_content":false,"footnotes":"","jetpack_publicize_message":"","jetpack_publicize_feature_enabled":true,"jetpack_social_post_already_shared":true,"jetpack_social_options":{"image_generator_settings":{"template":"highway","default_image_id":0,"font":"","enabled":false},"version":2}},"categories":[9],"tags":[],"class_list":["post-16904","post","type-post","status-publish","format-standard","has-post-thumbnail","hentry","category-spor"],"jetpack_publicize_connections":[],"jetpack_featured_media_url":"https:\/\/kibrisayna.com\/wp-content\/uploads\/2025\/02\/VOL.jpg","jetpack_sharing_enabled":true,"_links":{"self":[{"href":"https:\/\/kibrisayna.com\/index.php\/wp-json\/wp\/v2\/posts\/16904","targetHints":{"allow":["GET"]}}],"collection":[{"href":"https:\/\/kibrisayna.com\/index.php\/wp-json\/wp\/v2\/posts"}],"about":[{"href":"https:\/\/kibrisayna.com\/index.php\/wp-json\/wp\/v2\/types\/post"}],"author":[{"embeddable":true,"href":"https:\/\/kibrisayna.com\/index.php\/wp-json\/wp\/v2\/users\/908"}],"replies":[{"embeddable":true,"href":"https:\/\/kibrisayna.com\/index.php\/wp-json\/wp\/v2\/comments?post=16904"}],"version-history":[{"count":0,"href":"https:\/\/kibrisayna.com\/index.php\/wp-json\/wp\/v2\/posts\/16904\/revisions"}],"wp:featuredmedia":[{"embeddable":true,"href":"https:\/\/kibrisayna.com\/index.php\/wp-json\/wp\/v2\/media\/16905"}],"wp:attachment":[{"href":"https:\/\/kibrisayna.com\/index.php\/wp-json\/wp\/v2\/media?parent=16904"}],"wp:term":[{"taxonomy":"category","embeddable":true,"href":"https:\/\/kibrisayna.com\/index.php\/wp-json\/wp\/v2\/categories?post=16904"},{"taxonomy":"post_tag","embeddable":true,"href":"https:\/\/kibrisayna.com\/index.php\/wp-json\/wp\/v2\/tags?post=16904"}],"curies":[{"name":"wp","href":"https:\/\/api.w.org\/{rel}","templated":true}]}}