{"id":16903,"date":"2025-02-12T23:16:47","date_gmt":"2025-02-12T20:16:47","guid":{"rendered":"https:\/\/kibrisayna.com\/index.php\/2025\/02\/12\/cocukluk-yillarinda-baslayan-otomobil-tutkusunu-koleksiyona-donusturdu-unluler-bu-araclarin-pesinde-son-dakika-turkiye-haberleri\/"},"modified":"2025-02-12T23:16:47","modified_gmt":"2025-02-12T20:16:47","slug":"cocukluk-yillarinda-baslayan-otomobil-tutkusunu-koleksiyona-donusturdu-unluler-bu-araclarin-pesinde-son-dakika-turkiye-haberleri","status":"publish","type":"post","link":"https:\/\/kibrisayna.com\/index.php\/2025\/02\/12\/cocukluk-yillarinda-baslayan-otomobil-tutkusunu-koleksiyona-donusturdu-unluler-bu-araclarin-pesinde-son-dakika-turkiye-haberleri\/","title":{"rendered":"\u00c7ocukluk y\u0131llar\u0131nda ba\u015flayan otomobil tutkusunu koleksiyona d\u00f6n\u00fc\u015ft\u00fcrd\u00fc: \u00dcnl\u00fcler bu ara\u00e7lar\u0131n pe\u015finde &#8211; Son Dakika T\u00fcrkiye Haberleri"},"content":{"rendered":"<p> <br \/>\n<\/p>\n<div>\n<p>Garaj\u0131ndaki otomobillere g\u00f6z\u00fc gibi bakt\u0131\u011f\u0131n\u0131 ifade eden Emre Y\u0131lmaz, \u015funlar\u0131 s\u00f6yledi:<\/p>\n<p>&#8220;Mercedes a\u015fk\u0131 bende \u00e7ocukluktan geliyor. K\u00fc\u00e7\u00fckken oynad\u0131\u011f\u0131m\u0131z demir metal ara\u00e7larla Mercedes sevgisi kazand\u0131k. \u015eimdiye kadar 12 tane klasik ara\u00e7 toparlad\u0131m. \u00c7ok k\u0131ymetli isimlere bu arabalardan verdik.<\/p>\n<p>Ufak \u00e7apl\u0131 ticari giri\u015fim gibi olmas\u0131n\u0131n yan\u0131 s\u0131ra hobimiz de oldu. \u015eu anda garaj\u0131mda nadir bulunan ve T\u00fcrkiye\u2019de y\u00fcr\u00fcr vaziyette s\u0131n\u0131rl\u0131 say\u0131da olan 1963 model Mercedes 220s, 1982 model Mercedes 280 ce Amerikan Coupe, Formula1 pilotlar\u0131n\u0131n pistte kulland\u0131\u011f\u0131 ve nadir olan 190e 2.3 1987 model Mercedes ve \u00fcst\u00fc a\u00e7\u0131k 1992 model 129r 300sl Mercedes cabriolet convertible bir arac\u0131m\u0131z var.<\/p>\n<p>Garaj\u0131mdaki ara\u00e7lar\u0131n hepsi, k\u0131ymetli ve koleksiyon de\u011ferini sahip ara\u00e7lardan olu\u015fuyor. Bir tane de garajda olmayan evde saklad\u0131\u011f\u0131m 1994 model 124 coupe var. Onu da m\u00fcsait bir zamanda garaj\u0131ma alaca\u011f\u0131m.&#8221;<\/p>\n<\/p><\/div>\n<p><br \/>\n<br \/><a href=\"https:\/\/www.ntv.com.tr\/galeri\/turkiye\/cocukluk-yillarinda-baslayan-otomobil-tutkusunu-koleksiyona-donusturdu-unluler-bu-araclarin-pesinde,viBSBUHV_UmXmyjP3g0kHg\"><\/a><\/p>\n","protected":false},"excerpt":{"rendered":"<p>Garaj\u0131ndaki otomobillere g\u00f6z\u00fc gibi bakt\u0131\u011f\u0131n\u0131 ifade eden Emre Y\u0131lmaz, \u015funlar\u0131 s\u00f6yledi: &#8220;Mercedes a\u015fk\u0131 bende \u00e7ocukluktan geliyor. K\u00fc\u00e7\u00fckken oynad\u0131\u011f\u0131m\u0131z demir metal ara\u00e7larla Mercedes sevgisi kazand\u0131k. \u015eimdiye kadar 12 tane klasik ara\u00e7 toparlad\u0131m. \u00c7ok k\u0131ymetli isimlere bu arabalardan verdik. Ufak \u00e7apl\u0131 ticari giri\u015fim gibi olmas\u0131n\u0131n yan\u0131 s\u0131ra hobimiz de oldu. \u015eu anda garaj\u0131mda nadir bulunan ve T\u00fcrkiye\u2019de [&hellip;]<\/p>\n","protected":false},"author":908,"featured_media":0,"comment_status":"open","ping_status":"open","sticky":false,"template":"","format":"standard","meta":{"_jetpack_memberships_contains_paid_content":false,"footnotes":"","jetpack_publicize_message":"","jetpack_publicize_feature_enabled":true,"jetpack_social_post_already_shared":true,"jetpack_social_options":{"image_generator_settings":{"template":"highway","default_image_id":0,"font":"","enabled":false},"version":2}},"categories":[13],"tags":[],"class_list":["post-16903","post","type-post","status-publish","format-standard","hentry","category-otomobil"],"jetpack_publicize_connections":[],"jetpack_featured_media_url":"","jetpack_sharing_enabled":true,"_links":{"self":[{"href":"https:\/\/kibrisayna.com\/index.php\/wp-json\/wp\/v2\/posts\/16903","targetHints":{"allow":["GET"]}}],"collection":[{"href":"https:\/\/kibrisayna.com\/index.php\/wp-json\/wp\/v2\/posts"}],"about":[{"href":"https:\/\/kibrisayna.com\/index.php\/wp-json\/wp\/v2\/types\/post"}],"author":[{"embeddable":true,"href":"https:\/\/kibrisayna.com\/index.php\/wp-json\/wp\/v2\/users\/908"}],"replies":[{"embeddable":true,"href":"https:\/\/kibrisayna.com\/index.php\/wp-json\/wp\/v2\/comments?post=16903"}],"version-history":[{"count":0,"href":"https:\/\/kibrisayna.com\/index.php\/wp-json\/wp\/v2\/posts\/16903\/revisions"}],"wp:attachment":[{"href":"https:\/\/kibrisayna.com\/index.php\/wp-json\/wp\/v2\/media?parent=16903"}],"wp:term":[{"taxonomy":"category","embeddable":true,"href":"https:\/\/kibrisayna.com\/index.php\/wp-json\/wp\/v2\/categories?post=16903"},{"taxonomy":"post_tag","embeddable":true,"href":"https:\/\/kibrisayna.com\/index.php\/wp-json\/wp\/v2\/tags?post=16903"}],"curies":[{"name":"wp","href":"https:\/\/api.w.org\/{rel}","templated":true}]}}