{"id":16879,"date":"2025-02-12T22:02:35","date_gmt":"2025-02-12T19:02:35","guid":{"rendered":"https:\/\/kibrisayna.com\/index.php\/2025\/02\/12\/leonardo-da-vincinin-cizdigi-gizemli-tuneller-500-yil-sonra-kesfedildi\/"},"modified":"2025-02-12T22:02:35","modified_gmt":"2025-02-12T19:02:35","slug":"leonardo-da-vincinin-cizdigi-gizemli-tuneller-500-yil-sonra-kesfedildi","status":"publish","type":"post","link":"https:\/\/kibrisayna.com\/index.php\/2025\/02\/12\/leonardo-da-vincinin-cizdigi-gizemli-tuneller-500-yil-sonra-kesfedildi\/","title":{"rendered":"Leonardo da Vinci&#8217;nin \u00e7izdi\u011fi gizemli t\u00fcneller 500 y\u0131l sonra ke\u015ffedildi"},"content":{"rendered":"<p> <br \/>\n<br \/><img decoding=\"async\" src=\"https:\/\/cdn1.ntv.com.tr\/gorsel\/UokqJk3ui0CCoXSxEFkcMA.jpg?width=1200&amp;ampmode=crop&amp;ampscale=both\" class=\"type:primaryImage\" alt=\"Leonardo da Vinci'nin \u00e7izdi\u011fi gizemli t\u00fcneller 500 y\u0131l sonra ke\u015ffedildi\" \/><\/p>\n<p>Leonardo da Vinci&#8217;nin 500 y\u0131l \u00f6nce defterlerinde yer alan \u00e7izimler g\u00fcn\u00fcm\u00fcze \u0131\u015f\u0131k tutuyor. Milano Politeknik \u00dcniversitesi\u2019nden ara\u015ft\u0131rmac\u0131lar, teknoloji sayesinde Sforza Kalesi\u2019nin alt\u0131nda yer alan \u00fcnl\u00fc ressam\u0131n defterine \u00e7izdi\u011fi gizemli t\u00fcnelleri ke\u015ffetti. \u00dcniveriste taraf\u0131ndan yap\u0131lan a\u00e7\u0131klamada ke\u015ffedilmesi gereken daha bir\u00e7ok gizli ge\u00e7it olabilece\u011fi ifade edildi.<\/p>\n<section class=\"type:slideshow\">\n<figure><img decoding=\"async\" src=\"https:\/\/cdn1.ntv.com.tr\/gorsel\/m7O-OlJgpEW076o3woSQAQ.jpg?width=1200&amp;mode=crop&amp;scale=both\" width=\"1200\" \/><figcaption>Kodlarla yaz\u0131lm\u0131\u015f ve kafa kar\u0131\u015ft\u0131r\u0131c\u0131 \u00e7izimlerle dolu olan Leonardo da Vinci\u2019nin defterleri, birbirinden ilgin\u00e7 gizemlerle dolup ta\u015f\u0131yor.<br \/>\nAncak bilim insanlar\u0131, b\u00fcy\u00fck sanat\u00e7\u0131n\u0131n en merak uyand\u0131ran \u00e7izimlerinden birinin ard\u0131ndaki ger\u00e7e\u011fi ortaya \u00e7\u0131kard\u0131.<\/figcaption><\/figure>\n<figure><img decoding=\"async\" src=\"https:\/\/cdn1.ntv.com.tr\/gorsel\/pTWUH4elH0aQXPhTglGKXQ.jpg?width=1200&amp;mode=crop&amp;scale=both\" width=\"1200\" \/><figcaption>Da Vinci\u2019nin yakla\u015f\u0131k 1495 y\u0131l\u0131nda \u00e7izdi\u011fi gizemli t\u00fcneller, Milano\u2019daki Sforza Kalesi\u2019nin alt\u0131nda ke\u015ffedildi.<br \/>\nBu gizli ge\u00e7itlerin neden 13. y\u00fczy\u0131lda in\u015fa edilen kalenin alt\u0131na yap\u0131ld\u0131\u011f\u0131 tam olarak bilinmiyor, ancak uzmanlar hala ke\u015ffedilecek daha fazla t\u00fcnel olabilece\u011fini d\u00fc\u015f\u00fcn\u00fcyor.<br \/>\nSakl\u0131 t\u00fcneller a\u011f\u0131, Milano Politeknik \u00dcniversitesi\u2019nden ara\u015ft\u0131rmac\u0131lar, kale yetkilileri ve m\u00fchendislik firmas\u0131 Codevintec Italiana taraf\u0131ndan ke\u015ffedildi.<\/figcaption><\/figure>\n<figure><img decoding=\"async\" src=\"https:\/\/cdn1.ntv.com.tr\/gorsel\/D_yGnZS4R0G5Tafbcsc9Zw.jpg?width=1200&amp;mode=crop&amp;scale=both\" width=\"1200\" \/><figcaption>Bu ekip, kalenin tamam\u0131n\u0131 dijital olarak taramak ve kay\u0131t alt\u0131na almak i\u00e7in yeni bir y\u00f6ntem geli\u015ftirdi. Bu y\u00f6ntem, 500 y\u0131ldan uzun s\u00fcredir gizli kalm\u0131\u015f b\u00f6l\u00fcmleri de i\u00e7eriyordu.<br \/>\nLazer tarama, GPS ve yer alt\u0131 radarlar\u0131yla yap\u0131lan incelemeler sonucunda, ara\u015ft\u0131rmac\u0131lar da Vinci\u2019nin orijinal \u00e7izimlerine neredeyse birebir uyan t\u00fcnelleri ortaya \u00e7\u0131kard\u0131.<br \/>\n\u00c7al\u0131\u015fman\u0131n ba\u015f ara\u015ft\u0131rmac\u0131s\u0131 ve Milano Politeknik \u00dcniversitesi\u2019nden Francesca Biolo, &#8220;Sforza Kalesi bug\u00fcn ge\u00e7mi\u015fe k\u0131yasla \u00e7ok daha k\u00fc\u00e7\u00fck. Bu da demek oluyor ki \u015fehrin alt\u0131nda ke\u015ffedilmemi\u015f bir\u00e7ok kal\u0131nt\u0131 olabilir.&#8221; dedi.<\/figcaption><\/figure>\n<figure><img decoding=\"async\" src=\"https:\/\/cdn1.ntv.com.tr\/gorsel\/vRFXjH2vvECnJbmCQPThRg.jpg?width=1200&amp;mode=crop&amp;scale=both\" width=\"1200\" \/><figcaption>Sforza Kalesi\u2019nin in\u015fas\u0131 1358\u2019de ba\u015flad\u0131, ancak kale o zamandan beri bir\u00e7ok kez y\u0131k\u0131l\u0131p yeniden in\u015fa edildi. G\u00fcn\u00fcm\u00fczde orijinal yap\u0131n\u0131n yaln\u0131zca alt\u0131da biri ayakta kalm\u0131\u015f durumda.<br \/>\n1400\u2019lerde orijinal kale y\u0131k\u0131ld\u0131ktan sonra, Milano D\u00fck\u00fc Francesco Sforza kalenin harabeleri \u00fczerine yeni bir yap\u0131 in\u015fa edilmesini emretti.<br \/>\nFrancesco\u2019nun 1466\u2019daki \u00f6l\u00fcm\u00fcn\u00fcn ard\u0131ndan, o\u011flu Ludovico Sforza projeyi devrald\u0131 ve Leonardo da Vinci de dahil olmak \u00fczere d\u00f6nemin \u00f6nde gelen sanat\u00e7\u0131lar\u0131n\u0131 kalenin i\u00e7ini s\u00fcslemeye davet etti.<\/figcaption><\/figure>\n<figure><img decoding=\"async\" src=\"https:\/\/cdn1.ntv.com.tr\/gorsel\/SmAvOq2u90aBRsH3Qnarbw.jpg?width=1200&amp;mode=crop&amp;scale=both\" width=\"1200\" \/><figcaption>Da Vinci\u2019nin eserleri hala kalenin &#8220;Sala delle Asse&#8221; yani &#8220;Ah\u015fap Levhalar Odas\u0131&#8221; olarak bilinen b\u00f6l\u00fcm\u00fcnde g\u00f6r\u00fclebiliyor. Ancak en \u00f6nemli katk\u0131s\u0131 belki de ki\u015fisel defterinde sakl\u0131yd\u0131.<br \/>\nMilano Politeknik \u00dcniversitesi yapt\u0131\u011f\u0131 a\u00e7\u0131klamada, &#8220;Leonardo\u2019nun \u00e7izimlerinde \u00f6l\u00fcms\u00fczle\u015ftirilen bu ge\u00e7it uzun s\u00fcredir efsanelere ve spek\u00fclasyonlara konu olmu\u015ftu. \u015eimdi ise teknoloji sayesinde varl\u0131\u011f\u0131 do\u011frulanm\u0131\u015f g\u00f6r\u00fcn\u00fcyor. \u00dcstelik ke\u015ffedilmesi gereken daha bir\u00e7ok gizli ge\u00e7it olabilir.&#8221; ifadelerine yer verdi.<br \/>\nAra\u015ft\u0131rmac\u0131lar, farkl\u0131 y\u00f6ntemleri birle\u015ftirerek kalenin ikinci bir yeralt\u0131 kat\u0131nda odalar ve bilinen t\u00fcnelin paralelinde uzanan ek bir ge\u00e7it ke\u015ffetti.<\/figcaption><\/figure>\n<figure><img decoding=\"async\" src=\"https:\/\/cdn1.ntv.com.tr\/gorsel\/fhrRWKEZ4USC7QrQl5-spw.jpg?width=1200&amp;mode=crop&amp;scale=both\" width=\"1200\" \/><figcaption>Ancak tarihi kay\u0131tlara g\u00f6re, kalenin gizli ge\u00e7itlerinden en az biri askeri ama\u00e7lardan ziyade daha ki\u015fisel bir nedenle in\u015fa edilmi\u015f olabilir.<br \/>\n\u00d6rne\u011fin, t\u00fcnellerden biri, kaleyi Sforza ailesi taraf\u0131ndan yapt\u0131r\u0131lan ve Ludovico Sforza\u2019n\u0131n e\u015fi Beatrice d\u2019Este\u2019nin g\u00f6m\u00fcld\u00fc\u011f\u00fc Santa Maria delle Grazie Bazilikas\u0131\u2019na ba\u011fl\u0131yor.<br \/>\nBu ge\u00e7idin, yas tutan ailenin sevdiklerini huzur ve g\u00fcven i\u00e7inde ziyaret edebilmesi i\u00e7in in\u015fa edildi\u011fi d\u00fc\u015f\u00fcn\u00fcl\u00fcyor.Ara\u015ft\u0131rmac\u0131lar, bu t\u00fcnellerin da Vinci\u2019nin 1495\u2019te yapt\u0131\u011f\u0131 \u00e7izimlerdekilerle b\u00fcy\u00fck ihtimalle \u00f6rt\u00fc\u015ft\u00fc\u011f\u00fcn\u00fc s\u00f6yl\u00fcyor.<br \/>\nAncak bunlar\u0131n tasar\u0131m\u0131nda da Vinci\u2019nin do\u011frudan bir rol oynay\u0131p oynamad\u0131\u011f\u0131 belirsizli\u011fini koruyor.<\/figcaption><\/figure>\n<\/section>\n<p><br \/>\n<br \/><a href=\"https:\/\/www.ntv.com.tr\/galeri\/teknoloji\/leonardo-da-vincinin-cizdigi-gizemli-tuneller-500-yil-sonra-kesfedildi,hh9FVIQ88EaF1kZ_Nf1W5Q\"><\/a><\/p>\n","protected":false},"excerpt":{"rendered":"<p>Leonardo da Vinci&#8217;nin 500 y\u0131l \u00f6nce defterlerinde yer alan \u00e7izimler g\u00fcn\u00fcm\u00fcze \u0131\u015f\u0131k tutuyor. Milano Politeknik \u00dcniversitesi\u2019nden ara\u015ft\u0131rmac\u0131lar, teknoloji sayesinde Sforza Kalesi\u2019nin alt\u0131nda yer alan \u00fcnl\u00fc ressam\u0131n defterine \u00e7izdi\u011fi gizemli t\u00fcnelleri ke\u015ffetti. \u00dcniveriste taraf\u0131ndan yap\u0131lan a\u00e7\u0131klamada ke\u015ffedilmesi gereken daha bir\u00e7ok gizli ge\u00e7it olabilece\u011fi ifade edildi. Kodlarla yaz\u0131lm\u0131\u015f ve kafa kar\u0131\u015ft\u0131r\u0131c\u0131 \u00e7izimlerle dolu olan Leonardo da Vinci\u2019nin [&hellip;]<\/p>\n","protected":false},"author":908,"featured_media":16880,"comment_status":"open","ping_status":"open","sticky":false,"template":"","format":"standard","meta":{"_jetpack_memberships_contains_paid_content":false,"footnotes":"","jetpack_publicize_message":"","jetpack_publicize_feature_enabled":true,"jetpack_social_post_already_shared":true,"jetpack_social_options":{"image_generator_settings":{"template":"highway","default_image_id":0,"font":"","enabled":false},"version":2}},"categories":[12],"tags":[],"class_list":["post-16879","post","type-post","status-publish","format-standard","has-post-thumbnail","hentry","category-teknoloji"],"jetpack_publicize_connections":[],"jetpack_featured_media_url":"https:\/\/kibrisayna.com\/wp-content\/uploads\/2025\/02\/UokqJk3ui0CCoXSxEFkcMA.jpg","jetpack_sharing_enabled":true,"_links":{"self":[{"href":"https:\/\/kibrisayna.com\/index.php\/wp-json\/wp\/v2\/posts\/16879","targetHints":{"allow":["GET"]}}],"collection":[{"href":"https:\/\/kibrisayna.com\/index.php\/wp-json\/wp\/v2\/posts"}],"about":[{"href":"https:\/\/kibrisayna.com\/index.php\/wp-json\/wp\/v2\/types\/post"}],"author":[{"embeddable":true,"href":"https:\/\/kibrisayna.com\/index.php\/wp-json\/wp\/v2\/users\/908"}],"replies":[{"embeddable":true,"href":"https:\/\/kibrisayna.com\/index.php\/wp-json\/wp\/v2\/comments?post=16879"}],"version-history":[{"count":0,"href":"https:\/\/kibrisayna.com\/index.php\/wp-json\/wp\/v2\/posts\/16879\/revisions"}],"wp:featuredmedia":[{"embeddable":true,"href":"https:\/\/kibrisayna.com\/index.php\/wp-json\/wp\/v2\/media\/16880"}],"wp:attachment":[{"href":"https:\/\/kibrisayna.com\/index.php\/wp-json\/wp\/v2\/media?parent=16879"}],"wp:term":[{"taxonomy":"category","embeddable":true,"href":"https:\/\/kibrisayna.com\/index.php\/wp-json\/wp\/v2\/categories?post=16879"},{"taxonomy":"post_tag","embeddable":true,"href":"https:\/\/kibrisayna.com\/index.php\/wp-json\/wp\/v2\/tags?post=16879"}],"curies":[{"name":"wp","href":"https:\/\/api.w.org\/{rel}","templated":true}]}}