{"id":16839,"date":"2025-02-12T20:39:52","date_gmt":"2025-02-12T17:39:52","guid":{"rendered":"https:\/\/kibrisayna.com\/index.php\/2025\/02\/12\/kktf-2025-secimli-genel-kurulu-gerceklesiyor-brtk\/"},"modified":"2025-02-12T20:39:52","modified_gmt":"2025-02-12T17:39:52","slug":"kktf-2025-secimli-genel-kurulu-gerceklesiyor-brtk","status":"publish","type":"post","link":"https:\/\/kibrisayna.com\/index.php\/2025\/02\/12\/kktf-2025-secimli-genel-kurulu-gerceklesiyor-brtk\/","title":{"rendered":"KKTF 2025 Se\u00e7imli Genel Kurulu ger\u00e7ekle\u015fiyor \u2013 BRTK"},"content":{"rendered":"<p> <br \/>\n<\/p>\n<div>\n<div class=\"mariselle-image-container center\">\n                <img loading=\"lazy\" decoding=\"async\" width=\"993\" height=\"399\" class=\"lazy-image\" alt=\"\" sizes=\"auto, (max-width: 993px) 100vw, 993px\" src=\"https:\/\/brtk.net\/wp-content\/uploads\/2025\/02\/12\/Kuzey-Kibris-Tenis-Federasyonu-KKTF.png?ver=31dcb0c04e7daacd74fa5329b36510f3\" srcset=\"https:\/\/brtk.net\/wp-content\/uploads\/2025\/02\/12\/Kuzey-Kibris-Tenis-Federasyonu-KKTF.png?ver=31dcb0c04e7daacd74fa5329b36510f3 993w, https:\/\/brtk.net\/wp-content\/uploads\/2025\/02\/12\/Kuzey-Kibris-Tenis-Federasyonu-KKTF-300x121.png?ver=961895f60758b55d0d468a8ab3bf815f 300w, https:\/\/brtk.net\/wp-content\/uploads\/2025\/02\/12\/Kuzey-Kibris-Tenis-Federasyonu-KKTF-768x309.png?ver=961895f60758b55d0d468a8ab3bf815f 768w\"\/>                            <\/div>\n<p>Kuzey K\u0131br\u0131s Tenis Federasyonu (KKTF) Se\u00e7imli Ola\u011fan Genel Kurulu 22 \u015eubat 2025 Cumartesi g\u00fcn\u00fc saat 16.00 da KKTF idari binas\u0131nda ger\u00e7ekle\u015fecek.<br \/>KKTF Ba\u015fkan adaylar\u0131n\u0131n gerekli evraklar\u0131 ile KKTF\u2019 ye son ba\u015fvuru tarihi 19 \u015eubat 2025 \u00c7ar\u015famba g\u00fcn\u00fc saat 17.00 de sona erecek.  <\/p>\n<p>KKTF 2025 Ola\u011fan Genel Kurul toplant\u0131s\u0131na kul\u00fcp ba\u015fkan\u0131 d\u0131\u015f\u0131nda kat\u0131lacak temsilcilerin kul\u00fcp ba\u015fkan\u0131n\u0131n onayl\u0131 yaz\u0131s\u0131n\u0131 genel kurul ba\u015fkanl\u0131k divan\u0131na sunmas\u0131 gerekmektedir.<\/p>\n<p>Kuzey K\u0131br\u0131s Tenis Federasyonu 2025 y\u0131l\u0131 Se\u00e7imli Ola\u011fan Genel Kurulu Federasyona ba\u011fl\u0131 11 kul\u00fcb\u00fcn oy kullan\u0131m\u0131 ile ger\u00e7ekle\u015fecek, Genel Kurul ard\u0131ndan ba\u015fkan ve y\u00f6netim kurulunun g\u00f6rev s\u00fcreleri ba\u015flayacakt\u0131r.<\/p>\n<\/p><\/div>\n<p><script async\n                    defer\n                    crossorigin=\"anonymous\"\n                    src=\"https:\/\/connect.facebook.net\/tr_TR\/sdk.js#xfbml=1&#038;version=v3.3\"\n            ><\/script><br \/>\n<br \/><br \/>\n<br \/><a href=\"https:\/\/brtk.net\/kktf-2025-secimli-genel-kurulu-gerceklesiyor\/\">Kaynak BRT <\/a><\/p>\n","protected":false},"excerpt":{"rendered":"<p>Kuzey K\u0131br\u0131s Tenis Federasyonu (KKTF) Se\u00e7imli Ola\u011fan Genel Kurulu 22 \u015eubat 2025 Cumartesi g\u00fcn\u00fc saat 16.00 da KKTF idari binas\u0131nda ger\u00e7ekle\u015fecek.KKTF Ba\u015fkan adaylar\u0131n\u0131n gerekli evraklar\u0131 ile KKTF\u2019 ye son ba\u015fvuru tarihi 19 \u015eubat 2025 \u00c7ar\u015famba g\u00fcn\u00fc saat 17.00 de sona erecek. KKTF 2025 Ola\u011fan Genel Kurul toplant\u0131s\u0131na kul\u00fcp ba\u015fkan\u0131 d\u0131\u015f\u0131nda kat\u0131lacak temsilcilerin kul\u00fcp ba\u015fkan\u0131n\u0131n onayl\u0131 [&hellip;]<\/p>\n","protected":false},"author":908,"featured_media":16840,"comment_status":"open","ping_status":"open","sticky":false,"template":"","format":"standard","meta":{"_jetpack_memberships_contains_paid_content":false,"footnotes":"","jetpack_publicize_message":"","jetpack_publicize_feature_enabled":true,"jetpack_social_post_already_shared":true,"jetpack_social_options":{"image_generator_settings":{"template":"highway","default_image_id":0,"font":"","enabled":false},"version":2}},"categories":[9],"tags":[],"class_list":["post-16839","post","type-post","status-publish","format-standard","has-post-thumbnail","hentry","category-spor"],"jetpack_publicize_connections":[],"jetpack_featured_media_url":"https:\/\/kibrisayna.com\/wp-content\/uploads\/2025\/02\/Kuzey-Kibris-Tenis-Federasyonu-KKTF.png","jetpack_sharing_enabled":true,"_links":{"self":[{"href":"https:\/\/kibrisayna.com\/index.php\/wp-json\/wp\/v2\/posts\/16839","targetHints":{"allow":["GET"]}}],"collection":[{"href":"https:\/\/kibrisayna.com\/index.php\/wp-json\/wp\/v2\/posts"}],"about":[{"href":"https:\/\/kibrisayna.com\/index.php\/wp-json\/wp\/v2\/types\/post"}],"author":[{"embeddable":true,"href":"https:\/\/kibrisayna.com\/index.php\/wp-json\/wp\/v2\/users\/908"}],"replies":[{"embeddable":true,"href":"https:\/\/kibrisayna.com\/index.php\/wp-json\/wp\/v2\/comments?post=16839"}],"version-history":[{"count":0,"href":"https:\/\/kibrisayna.com\/index.php\/wp-json\/wp\/v2\/posts\/16839\/revisions"}],"wp:featuredmedia":[{"embeddable":true,"href":"https:\/\/kibrisayna.com\/index.php\/wp-json\/wp\/v2\/media\/16840"}],"wp:attachment":[{"href":"https:\/\/kibrisayna.com\/index.php\/wp-json\/wp\/v2\/media?parent=16839"}],"wp:term":[{"taxonomy":"category","embeddable":true,"href":"https:\/\/kibrisayna.com\/index.php\/wp-json\/wp\/v2\/categories?post=16839"},{"taxonomy":"post_tag","embeddable":true,"href":"https:\/\/kibrisayna.com\/index.php\/wp-json\/wp\/v2\/tags?post=16839"}],"curies":[{"name":"wp","href":"https:\/\/api.w.org\/{rel}","templated":true}]}}