{"id":16831,"date":"2025-02-12T20:34:09","date_gmt":"2025-02-12T17:34:09","guid":{"rendered":"https:\/\/kibrisayna.com\/index.php\/2025\/02\/12\/balikesirdeki-kazada-hayatini-kaybeden-sahsin-kimligi-belli-oldu\/"},"modified":"2025-02-12T20:34:09","modified_gmt":"2025-02-12T17:34:09","slug":"balikesirdeki-kazada-hayatini-kaybeden-sahsin-kimligi-belli-oldu","status":"publish","type":"post","link":"https:\/\/kibrisayna.com\/index.php\/2025\/02\/12\/balikesirdeki-kazada-hayatini-kaybeden-sahsin-kimligi-belli-oldu\/","title":{"rendered":"Bal\u0131kesir\u2019deki kazada hayat\u0131n\u0131 kaybeden \u015fahs\u0131n kimli\u011fi belli oldu"},"content":{"rendered":"<p> <br \/>\n<\/p>\n<div class=\"mariselle-image-container center\">\n                <img width=\"1069\" height=\"539\" class=\"lazy-image\" alt=\"\" data-src=\"https:\/\/brtk.net\/wp-content\/uploads\/2025\/02\/12\/aslkjda.jpg?ver=0c7419d67381ce484526a44cf0b57a10\" data-srcset=\"https:\/\/brtk.net\/wp-content\/uploads\/2025\/02\/12\/aslkjda.jpg?ver=0c7419d67381ce484526a44cf0b57a10 1069w, https:\/\/brtk.net\/wp-content\/uploads\/2025\/02\/12\/aslkjda-300x151.jpg?ver=0c7419d67381ce484526a44cf0b57a10 300w, https:\/\/brtk.net\/wp-content\/uploads\/2025\/02\/12\/aslkjda-1024x516.jpg?ver=21450f5a53aade075bf986d454cae340 1024w, https:\/\/brtk.net\/wp-content\/uploads\/2025\/02\/12\/aslkjda-768x387.jpg?ver=21450f5a53aade075bf986d454cae340 768w\" \/>                            <\/div>\n<p>Polis Bas\u0131n Subayl\u0131\u011f\u0131&#8217;ndan verilen bilgiye g\u00f6re bug\u00fcn saat 17.00 s\u0131ralar\u0131nda, Bal\u0131kesir&#8217;de H\u00fcseyin \u00d6zyi\u011fit Caddesi \u00fczerinde, Hamiyet G\u00d6RG\u00dc (K-65), y\u00f6netimindeki GK 713 plakal\u0131 ara\u00e7 ile kuzey istikametine do\u011fru seyretti\u011fi esnada dikkatsizli\u011fi sonucu direksiyon hakimiyetini kaybederek yolun solundan  \u00e7\u0131k\u0131p arac\u0131n\u0131n sa\u011f yan k\u0131sm\u0131 ile yol kenar\u0131nda bulunan servi a\u011fac\u0131na \u00e7arp\u0131p sol yan k\u0131sm\u0131 \u00fczerine devrilmi\u015ftir. Ara\u00e7 s\u00fcr\u00fcc\u00fcs\u00fc olay yerinde ya\u015fam\u0131n\u0131 yitirmi\u015ftir.<\/p>\n<p>Polisin kazayla ilgili soru\u015fturmas\u0131 devam etmektedir.<\/p>\n<p>BRT\/PGM<\/p>\n<p><br \/>\n<br \/><a href=\"https:\/\/brtk.net\/balikesirdeki-kazada-hayatini-kaybeden-sahsin-kimligi-belli-oldu\/\">Kaynak BRT <\/a><\/p>\n","protected":false},"excerpt":{"rendered":"<p>Polis Bas\u0131n Subayl\u0131\u011f\u0131&#8217;ndan verilen bilgiye g\u00f6re bug\u00fcn saat 17.00 s\u0131ralar\u0131nda, Bal\u0131kesir&#8217;de H\u00fcseyin \u00d6zyi\u011fit Caddesi \u00fczerinde, Hamiyet G\u00d6RG\u00dc (K-65), y\u00f6netimindeki GK 713 plakal\u0131 ara\u00e7 ile kuzey istikametine do\u011fru seyretti\u011fi esnada dikkatsizli\u011fi sonucu direksiyon hakimiyetini kaybederek yolun solundan \u00e7\u0131k\u0131p arac\u0131n\u0131n sa\u011f yan k\u0131sm\u0131 ile yol kenar\u0131nda bulunan servi a\u011fac\u0131na \u00e7arp\u0131p sol yan k\u0131sm\u0131 \u00fczerine devrilmi\u015ftir. Ara\u00e7 s\u00fcr\u00fcc\u00fcs\u00fc [&hellip;]<\/p>\n","protected":false},"author":908,"featured_media":16832,"comment_status":"open","ping_status":"open","sticky":false,"template":"","format":"standard","meta":{"_jetpack_memberships_contains_paid_content":false,"footnotes":"","jetpack_publicize_message":"","jetpack_publicize_feature_enabled":true,"jetpack_social_post_already_shared":true,"jetpack_social_options":{"image_generator_settings":{"template":"highway","default_image_id":0,"font":"","enabled":false},"version":2}},"categories":[253],"tags":[],"class_list":["post-16831","post","type-post","status-publish","format-standard","has-post-thumbnail","hentry","category-gundem"],"jetpack_publicize_connections":[],"jetpack_featured_media_url":"https:\/\/kibrisayna.com\/wp-content\/uploads\/2025\/02\/aslkjda.jpg","jetpack_sharing_enabled":true,"_links":{"self":[{"href":"https:\/\/kibrisayna.com\/index.php\/wp-json\/wp\/v2\/posts\/16831","targetHints":{"allow":["GET"]}}],"collection":[{"href":"https:\/\/kibrisayna.com\/index.php\/wp-json\/wp\/v2\/posts"}],"about":[{"href":"https:\/\/kibrisayna.com\/index.php\/wp-json\/wp\/v2\/types\/post"}],"author":[{"embeddable":true,"href":"https:\/\/kibrisayna.com\/index.php\/wp-json\/wp\/v2\/users\/908"}],"replies":[{"embeddable":true,"href":"https:\/\/kibrisayna.com\/index.php\/wp-json\/wp\/v2\/comments?post=16831"}],"version-history":[{"count":0,"href":"https:\/\/kibrisayna.com\/index.php\/wp-json\/wp\/v2\/posts\/16831\/revisions"}],"wp:featuredmedia":[{"embeddable":true,"href":"https:\/\/kibrisayna.com\/index.php\/wp-json\/wp\/v2\/media\/16832"}],"wp:attachment":[{"href":"https:\/\/kibrisayna.com\/index.php\/wp-json\/wp\/v2\/media?parent=16831"}],"wp:term":[{"taxonomy":"category","embeddable":true,"href":"https:\/\/kibrisayna.com\/index.php\/wp-json\/wp\/v2\/categories?post=16831"},{"taxonomy":"post_tag","embeddable":true,"href":"https:\/\/kibrisayna.com\/index.php\/wp-json\/wp\/v2\/tags?post=16831"}],"curies":[{"name":"wp","href":"https:\/\/api.w.org\/{rel}","templated":true}]}}