{"id":16829,"date":"2025-02-12T20:32:28","date_gmt":"2025-02-12T17:32:28","guid":{"rendered":"https:\/\/kibrisayna.com\/index.php\/2025\/02\/12\/kitsab-yetkilileri-turkiye-seyahat-acenteleri-birligi-tursab-yonetimi-ile-gorustu-brtk\/"},"modified":"2025-02-12T20:32:28","modified_gmt":"2025-02-12T17:32:28","slug":"kitsab-yetkilileri-turkiye-seyahat-acenteleri-birligi-tursab-yonetimi-ile-gorustu-brtk","status":"publish","type":"post","link":"https:\/\/kibrisayna.com\/index.php\/2025\/02\/12\/kitsab-yetkilileri-turkiye-seyahat-acenteleri-birligi-tursab-yonetimi-ile-gorustu-brtk\/","title":{"rendered":"KITSAB yetkilileri, T\u00fcrkiye Seyahat Acenteleri Birli\u011fi (T\u00dcRSAB) y\u00f6netimi ile g\u00f6r\u00fc\u015ft\u00fc \u2013 BRTK"},"content":{"rendered":"<p> <br \/>\n<\/p>\n<div>\n<div class=\"mariselle-image-container center\">\n                <img loading=\"lazy\" decoding=\"async\" width=\"2048\" height=\"868\" class=\"lazy-image\" alt=\"\" sizes=\"auto, (max-width: 2048px) 100vw, 2048px\" src=\"https:\/\/brtk.net\/wp-content\/uploads\/2025\/02\/09\/klkl.jpg?ver=3edb009563ba4255af185bc9e90ec5bd\" srcset=\"https:\/\/brtk.net\/wp-content\/uploads\/2025\/02\/09\/klkl.jpg?ver=3edb009563ba4255af185bc9e90ec5bd 2048w, https:\/\/brtk.net\/wp-content\/uploads\/2025\/02\/09\/klkl-300x127.jpg?ver=3934683101f4946a70f9b4e724622b94 300w, https:\/\/brtk.net\/wp-content\/uploads\/2025\/02\/09\/klkl-1024x434.jpg?ver=3934683101f4946a70f9b4e724622b94 1024w, https:\/\/brtk.net\/wp-content\/uploads\/2025\/02\/09\/klkl-768x326.jpg?ver=3934683101f4946a70f9b4e724622b94 768w, https:\/\/brtk.net\/wp-content\/uploads\/2025\/02\/09\/klkl-1536x651.jpg?ver=c8ed96bbf728a55500f41d7c92723e2a 1536w\"\/>                            <\/div>\n<p> K\u0131br\u0131s T\u00fcrk Turizm ve Seyahat Acenteleri Birli\u011fi (KITSAB) yetkilileri, T\u00fcrkiye Seyahat Acenteleri Birli\u011fi (T\u00dcRSAB) y\u00f6netimi ile g\u00f6r\u00fc\u015ft\u00fc.<\/p>\n<p>Birlikten yap\u0131lan a\u00e7\u0131klamaya g\u00f6re g\u00f6r\u00fc\u015fme, \u0130stanbul\u2019daki T\u00dcRSAB Genel Merkezinde ger\u00e7ekle\u015ftirildi.<\/p>\n<p>Kuzey K\u0131br\u0131s turizminin geli\u015ftirilmesi \u00e7er\u00e7evesinde daha \u00f6nce yap\u0131lan toplant\u0131lar\u0131n devam\u0131 niteli\u011finde yap\u0131lan g\u00f6r\u00fc\u015fmede, T\u00dcRSAB\u2019a ba\u011fl\u0131 acentelerin KKTC\u2019nin tan\u0131t\u0131m\u0131na katk\u0131 sa\u011flama amac\u0131yla Kuzey K\u0131br\u0131s\u2019a yapacaklar\u0131 gezi haz\u0131rl\u0131klar\u0131 ele al\u0131nd\u0131.<\/p>\n<p>KITSAB Asba\u015fkan\u0131 O\u011fuz Akan\u00e7ay, toplant\u0131 hakk\u0131nda yapt\u0131\u011f\u0131 a\u00e7\u0131klamada, iki \u00fclke aras\u0131ndaki turizm hareketlili\u011fini art\u0131rmaya y\u00f6nelik g\u00f6r\u00fc\u015f ve \u00f6neriler payla\u015f\u0131ld\u0131\u011f\u0131n\u0131 kaydederek, \u201cT\u00dcRSAB \u00fcyelerinin \u00fclkemizi ziyaret etmesi daha \u00f6nce ald\u0131\u011f\u0131m\u0131z bir karard\u0131. \u015eimdi bu karar\u0131n hayata ge\u00e7mesiyle ilgili \u00e7al\u0131\u015fmalar\u0131 tamamlama a\u015famas\u0131nday\u0131z\u201d dedi.<\/p>\n<p>\u0130ki \u00f6rg\u00fct\u00fcn bir s\u00fcredir kar\u015f\u0131l\u0131kl\u0131 i\u015f birli\u011finin geli\u015ftirilmesi \u00e7er\u00e7evesinde \u00e7al\u0131\u015fmalar yapt\u0131\u011f\u0131n\u0131 an\u0131msatan Akan\u00e7ay, \u00f6zellikle T\u00dcRSAB \u00fcyelerinin KKTC\u2019de konuk edilmesi ve Kuzey K\u0131br\u0131s\u2019\u0131n T\u00fcrkiye\u2019de hem daha \u00e7ok tan\u0131t\u0131lmas\u0131 hem de buradan KKTC\u2019ye daha fazla turist gelmesi i\u00e7in \u00e7al\u0131\u015ft\u0131klar\u0131n\u0131 vurgulad\u0131.<\/p>\n<p>Akan\u00e7ay, T\u00dcRSAB y\u00f6netimine te\u015fekk\u00fcr ederek, iki \u00f6rg\u00fct\u00fcn i\u015f birliklerini g\u00fc\u00e7lendirmek ad\u0131na y\u00fcr\u00fct\u00fclen \u00e7al\u0131\u015fmalara devam edeceklerini vurgulad\u0131.<\/p>\n<p>Toplant\u0131da, KITSAB ad\u0131na KITSAB Y\u00f6netim Kurulu Asba\u015fkan\u0131 O\u011fuz Akan\u00e7ay, Y\u00f6netim Kurulu \u00dcyesi Fethi \u00d6zbo\u011fa\u00e7 ve KKTC Turizm Tan\u0131tma ve Pazarlama \u015eube Amiri Mustafa K\u00f6pr\u00fcl\u00fc ve KKTC Turizm Tan\u0131tma ve Pazarlama Dairesi E\u011fitim B\u00f6l\u00fcm\u00fc Sorumlusu \u0130lden Kaya Kasap yer ald\u0131. T\u00dcRSAB ad\u0131na ise T\u00dcRSAB Ba\u015fkan Yard\u0131mc\u0131s\u0131 Davut G\u00fcnayd\u0131n beraberindeki T\u00dcRSAB heyeti kat\u0131l\u0131m sa\u011flad\u0131.<\/p>\n<\/p><\/div>\n<p><script async\n                    defer\n                    crossorigin=\"anonymous\"\n                    src=\"https:\/\/connect.facebook.net\/tr_TR\/sdk.js#xfbml=1&#038;version=v3.3\"\n            ><\/script><br \/>\n<br \/><br \/>\n<br \/><a href=\"https:\/\/brtk.net\/kitsab-yetkilileri-turkiye-seyahat-acenteleri-birligi-tursab-yonetimi-ile-gorustu\/\"><\/a><\/p>\n","protected":false},"excerpt":{"rendered":"<p>K\u0131br\u0131s T\u00fcrk Turizm ve Seyahat Acenteleri Birli\u011fi (KITSAB) yetkilileri, T\u00fcrkiye Seyahat Acenteleri Birli\u011fi (T\u00dcRSAB) y\u00f6netimi ile g\u00f6r\u00fc\u015ft\u00fc. Birlikten yap\u0131lan a\u00e7\u0131klamaya g\u00f6re g\u00f6r\u00fc\u015fme, \u0130stanbul\u2019daki T\u00dcRSAB Genel Merkezinde ger\u00e7ekle\u015ftirildi. Kuzey K\u0131br\u0131s turizminin geli\u015ftirilmesi \u00e7er\u00e7evesinde daha \u00f6nce yap\u0131lan toplant\u0131lar\u0131n devam\u0131 niteli\u011finde yap\u0131lan g\u00f6r\u00fc\u015fmede, T\u00dcRSAB\u2019a ba\u011fl\u0131 acentelerin KKTC\u2019nin tan\u0131t\u0131m\u0131na katk\u0131 sa\u011flama amac\u0131yla Kuzey K\u0131br\u0131s\u2019a yapacaklar\u0131 gezi haz\u0131rl\u0131klar\u0131 ele al\u0131nd\u0131. [&hellip;]<\/p>\n","protected":false},"author":908,"featured_media":16830,"comment_status":"open","ping_status":"open","sticky":false,"template":"","format":"standard","meta":{"_jetpack_memberships_contains_paid_content":false,"footnotes":"","jetpack_publicize_message":"","jetpack_publicize_feature_enabled":true,"jetpack_social_post_already_shared":true,"jetpack_social_options":{"image_generator_settings":{"template":"highway","default_image_id":0,"font":"","enabled":false},"version":2}},"categories":[587],"tags":[],"class_list":["post-16829","post","type-post","status-publish","format-standard","has-post-thumbnail","hentry","category-dunya"],"jetpack_publicize_connections":[],"jetpack_featured_media_url":"https:\/\/kibrisayna.com\/wp-content\/uploads\/2025\/02\/klkl.jpg","jetpack_sharing_enabled":true,"_links":{"self":[{"href":"https:\/\/kibrisayna.com\/index.php\/wp-json\/wp\/v2\/posts\/16829","targetHints":{"allow":["GET"]}}],"collection":[{"href":"https:\/\/kibrisayna.com\/index.php\/wp-json\/wp\/v2\/posts"}],"about":[{"href":"https:\/\/kibrisayna.com\/index.php\/wp-json\/wp\/v2\/types\/post"}],"author":[{"embeddable":true,"href":"https:\/\/kibrisayna.com\/index.php\/wp-json\/wp\/v2\/users\/908"}],"replies":[{"embeddable":true,"href":"https:\/\/kibrisayna.com\/index.php\/wp-json\/wp\/v2\/comments?post=16829"}],"version-history":[{"count":0,"href":"https:\/\/kibrisayna.com\/index.php\/wp-json\/wp\/v2\/posts\/16829\/revisions"}],"wp:featuredmedia":[{"embeddable":true,"href":"https:\/\/kibrisayna.com\/index.php\/wp-json\/wp\/v2\/media\/16830"}],"wp:attachment":[{"href":"https:\/\/kibrisayna.com\/index.php\/wp-json\/wp\/v2\/media?parent=16829"}],"wp:term":[{"taxonomy":"category","embeddable":true,"href":"https:\/\/kibrisayna.com\/index.php\/wp-json\/wp\/v2\/categories?post=16829"},{"taxonomy":"post_tag","embeddable":true,"href":"https:\/\/kibrisayna.com\/index.php\/wp-json\/wp\/v2\/tags?post=16829"}],"curies":[{"name":"wp","href":"https:\/\/api.w.org\/{rel}","templated":true}]}}