{"id":16797,"date":"2025-02-12T19:47:46","date_gmt":"2025-02-12T16:47:46","guid":{"rendered":"https:\/\/kibrisayna.com\/index.php\/2025\/02\/12\/berova-berat-kandili-dolayisiyla-mesaj-yayimladi-brtk\/"},"modified":"2025-02-12T19:47:46","modified_gmt":"2025-02-12T16:47:46","slug":"berova-berat-kandili-dolayisiyla-mesaj-yayimladi-brtk","status":"publish","type":"post","link":"https:\/\/kibrisayna.com\/index.php\/2025\/02\/12\/berova-berat-kandili-dolayisiyla-mesaj-yayimladi-brtk\/","title":{"rendered":"Berova, Berat Kandili dolay\u0131s\u0131yla mesaj yay\u0131mlad\u0131 \u2013 BRTK"},"content":{"rendered":"<p> <br \/>\n<\/p>\n<div>\n<div class=\"mariselle-image-container none\">\n                <img loading=\"lazy\" decoding=\"async\" width=\"1024\" height=\"726\" class=\"lazy-image\" alt=\"\" sizes=\"auto, (max-width: 1024px) 100vw, 1024px\" src=\"https:\/\/brtk.net\/wp-content\/uploads\/2025\/02\/12\/BEROVA-KANDIL.jpg?ver=bb756bce24f9f29f84dea5b081f70063\" srcset=\"https:\/\/brtk.net\/wp-content\/uploads\/2025\/02\/12\/BEROVA-KANDIL.jpg?ver=bb756bce24f9f29f84dea5b081f70063 1024w, https:\/\/brtk.net\/wp-content\/uploads\/2025\/02\/12\/BEROVA-KANDIL-300x213.jpg?ver=93168a9bef5ea6e3b9da20ede12a234c 300w, https:\/\/brtk.net\/wp-content\/uploads\/2025\/02\/12\/BEROVA-KANDIL-768x545.jpg?ver=93168a9bef5ea6e3b9da20ede12a234c 768w\"\/>                            <\/div>\n<p>Maliye Bakan\u0131 \u00d6zdemir Berova, yar\u0131n gece idrak edilecek Berat Kandili vesilesiyle mesaj yay\u0131mlayarak, Berat Kandili\u2019nin t\u00fcm insanl\u0131\u011fa hay\u0131rlar getirmesini diledi.<\/p>\n<p>Ramazan ay\u0131n\u0131n m\u00fcjdecisi olan Berat Kandili\u2019ne kavu\u015fman\u0131n huzur ve mutlulu\u011funu ya\u015fad\u0131klar\u0131n\u0131 belirten Berova, \u201cYar\u0131n gece idrak edece\u011fimiz Berat gecesi, ilahi rahmetin, r\u0131z\u0131k ve \u015fifa kap\u0131lar\u0131n\u0131n sonuna kadar a\u00e7\u0131k oldu\u011fu, iman, ibadet ve d\u00fc\u015f\u00fcnce hayat\u0131m\u0131z bak\u0131m\u0131ndan kendimizi yenilememiz, \u00fcmitlerimizi tazelememiz i\u00e7in b\u00fcy\u00fck bir f\u0131rsatt\u0131r.\u201d ifadelerine yer verdi.<\/p>\n<p>Manevi duygular\u0131n kuvvetlendi\u011fi; sevgi, sayg\u0131, ho\u015fg\u00f6r\u00fc ve karde\u015fli\u011fin en i\u00e7ten \u015fekilde hissedildi\u011fi bu m\u00fcstesna gecenin, \u00fclkeye, millete, \u0130slam \u00e2lemine ve t\u00fcm insanl\u0131\u011fa bar\u0131\u015f, huzur ve sa\u011fl\u0131k getirmesini temenni eden Berova, Berat Kandili\u2019ni en kalbi duygularla tebrik etti\u011fini belirtti.<\/p>\n<\/p><\/div>\n<p><script async\n                    defer\n                    crossorigin=\"anonymous\"\n                    src=\"https:\/\/connect.facebook.net\/tr_TR\/sdk.js#xfbml=1&#038;version=v3.3\"\n            ><\/script><br \/>\n<br \/><br \/>\n<br \/><a href=\"https:\/\/brtk.net\/berova-berat-kandili-dolayisiyla-mesaj-yayimladi\/\">Kaynak BRT <\/a><\/p>\n","protected":false},"excerpt":{"rendered":"<p>Maliye Bakan\u0131 \u00d6zdemir Berova, yar\u0131n gece idrak edilecek Berat Kandili vesilesiyle mesaj yay\u0131mlayarak, Berat Kandili\u2019nin t\u00fcm insanl\u0131\u011fa hay\u0131rlar getirmesini diledi. Ramazan ay\u0131n\u0131n m\u00fcjdecisi olan Berat Kandili\u2019ne kavu\u015fman\u0131n huzur ve mutlulu\u011funu ya\u015fad\u0131klar\u0131n\u0131 belirten Berova, \u201cYar\u0131n gece idrak edece\u011fimiz Berat gecesi, ilahi rahmetin, r\u0131z\u0131k ve \u015fifa kap\u0131lar\u0131n\u0131n sonuna kadar a\u00e7\u0131k oldu\u011fu, iman, ibadet ve d\u00fc\u015f\u00fcnce hayat\u0131m\u0131z bak\u0131m\u0131ndan [&hellip;]<\/p>\n","protected":false},"author":908,"featured_media":16798,"comment_status":"open","ping_status":"open","sticky":false,"template":"","format":"standard","meta":{"_jetpack_memberships_contains_paid_content":false,"footnotes":"","jetpack_publicize_message":"","jetpack_publicize_feature_enabled":true,"jetpack_social_post_already_shared":true,"jetpack_social_options":{"image_generator_settings":{"template":"highway","default_image_id":0,"font":"","enabled":false},"version":2}},"categories":[253],"tags":[],"class_list":["post-16797","post","type-post","status-publish","format-standard","has-post-thumbnail","hentry","category-gundem"],"jetpack_publicize_connections":[],"jetpack_featured_media_url":"https:\/\/kibrisayna.com\/wp-content\/uploads\/2025\/02\/BEROVA-KANDIL.jpg","jetpack_sharing_enabled":true,"_links":{"self":[{"href":"https:\/\/kibrisayna.com\/index.php\/wp-json\/wp\/v2\/posts\/16797","targetHints":{"allow":["GET"]}}],"collection":[{"href":"https:\/\/kibrisayna.com\/index.php\/wp-json\/wp\/v2\/posts"}],"about":[{"href":"https:\/\/kibrisayna.com\/index.php\/wp-json\/wp\/v2\/types\/post"}],"author":[{"embeddable":true,"href":"https:\/\/kibrisayna.com\/index.php\/wp-json\/wp\/v2\/users\/908"}],"replies":[{"embeddable":true,"href":"https:\/\/kibrisayna.com\/index.php\/wp-json\/wp\/v2\/comments?post=16797"}],"version-history":[{"count":0,"href":"https:\/\/kibrisayna.com\/index.php\/wp-json\/wp\/v2\/posts\/16797\/revisions"}],"wp:featuredmedia":[{"embeddable":true,"href":"https:\/\/kibrisayna.com\/index.php\/wp-json\/wp\/v2\/media\/16798"}],"wp:attachment":[{"href":"https:\/\/kibrisayna.com\/index.php\/wp-json\/wp\/v2\/media?parent=16797"}],"wp:term":[{"taxonomy":"category","embeddable":true,"href":"https:\/\/kibrisayna.com\/index.php\/wp-json\/wp\/v2\/categories?post=16797"},{"taxonomy":"post_tag","embeddable":true,"href":"https:\/\/kibrisayna.com\/index.php\/wp-json\/wp\/v2\/tags?post=16797"}],"curies":[{"name":"wp","href":"https:\/\/api.w.org\/{rel}","templated":true}]}}