{"id":16788,"date":"2025-02-12T19:35:46","date_gmt":"2025-02-12T16:35:46","guid":{"rendered":"https:\/\/kibrisayna.com\/index.php\/2025\/02\/12\/basbakan-ustel-dolu-afeti-nedeniyle-erenkoy-karpaz-belediyesini-ziyaret-etti-brtk\/"},"modified":"2025-02-12T19:35:46","modified_gmt":"2025-02-12T16:35:46","slug":"basbakan-ustel-dolu-afeti-nedeniyle-erenkoy-karpaz-belediyesini-ziyaret-etti-brtk","status":"publish","type":"post","link":"https:\/\/kibrisayna.com\/index.php\/2025\/02\/12\/basbakan-ustel-dolu-afeti-nedeniyle-erenkoy-karpaz-belediyesini-ziyaret-etti-brtk\/","title":{"rendered":"Ba\u015fbakan \u00dcstel, dolu afeti nedeniyle Erenk\u00f6y-Karpaz Belediyesi\u2019ni ziyaret etti \u2013 BRTK"},"content":{"rendered":"<p> <br \/>\n<\/p>\n<div>\n<div class=\"mariselle-image-container center\">\n                <img loading=\"lazy\" decoding=\"async\" width=\"1920\" height=\"1087\" class=\"lazy-image\" alt=\"\" sizes=\"auto, (max-width: 1920px) 100vw, 1920px\" src=\"https:\/\/brtk.net\/wp-content\/uploads\/2025\/02\/12\/23908402.jpeg?ver=9b8a4e5042e86ad763665eead11224f7\" srcset=\"https:\/\/brtk.net\/wp-content\/uploads\/2025\/02\/12\/23908402.jpeg?ver=9b8a4e5042e86ad763665eead11224f7 1920w, https:\/\/brtk.net\/wp-content\/uploads\/2025\/02\/12\/23908402-300x170.jpeg?ver=9b8a4e5042e86ad763665eead11224f7 300w, https:\/\/brtk.net\/wp-content\/uploads\/2025\/02\/12\/23908402-1024x580.jpeg?ver=1520ea7a45f128be135407b983907bb3 1024w, https:\/\/brtk.net\/wp-content\/uploads\/2025\/02\/12\/23908402-768x435.jpeg?ver=1520ea7a45f128be135407b983907bb3 768w, https:\/\/brtk.net\/wp-content\/uploads\/2025\/02\/12\/23908402-1536x870.jpeg?ver=1520ea7a45f128be135407b983907bb3 1536w\"\/>                            <\/div>\n<p> Ba\u015fbakan \u00dcnal \u00dcstel bu sabah etkili olan dolu ya\u011f\u0131\u015f\u0131n\u0131n Karpaz\u2019da hasara yol a\u00e7mas\u0131 nedeniyle, Erenk\u00f6y- Karpaz Belediyesi\u2019ni ziyaret etti.<\/p>\n<p>Ba\u015fbakan \u00dcstel, Belediye binas\u0131nda Erenk\u00f6y-Karpaz ve \u0130skele belediye ba\u015fkanlar\u0131, doludan zarar g\u00f6ren k\u00f6ylerin muhtarlar\u0131 ile bir araya gelerek g\u00f6r\u00fc\u015ft\u00fc, \u00e7al\u0131\u015fmalar ve hasarlar hakk\u0131nda bilgi ald\u0131.<\/p>\n<div class=\"mariselle-image-container center\">\n                <img loading=\"lazy\" decoding=\"async\" width=\"1920\" height=\"1126\" class=\"lazy-image\" alt=\"\" sizes=\"auto, (max-width: 1920px) 100vw, 1920px\" src=\"https:\/\/brtk.net\/wp-content\/uploads\/2025\/02\/12\/149810.jpeg?ver=8d662deb0d623d392f1bf15db53d7d49\" srcset=\"https:\/\/brtk.net\/wp-content\/uploads\/2025\/02\/12\/149810.jpeg?ver=8d662deb0d623d392f1bf15db53d7d49 1920w, https:\/\/brtk.net\/wp-content\/uploads\/2025\/02\/12\/149810-300x176.jpeg?ver=8d662deb0d623d392f1bf15db53d7d49 300w, https:\/\/brtk.net\/wp-content\/uploads\/2025\/02\/12\/149810-1024x601.jpeg?ver=8f7f8b77c3d0ae62f8f72d8d5373dd79 1024w, https:\/\/brtk.net\/wp-content\/uploads\/2025\/02\/12\/149810-768x450.jpeg?ver=8f7f8b77c3d0ae62f8f72d8d5373dd79 768w, https:\/\/brtk.net\/wp-content\/uploads\/2025\/02\/12\/149810-1536x901.jpeg?ver=5b4014bee28d8c402824f7fcbfd2d490 1536w, https:\/\/brtk.net\/wp-content\/uploads\/2025\/02\/12\/149810-379x222.jpeg?ver=5b4014bee28d8c402824f7fcbfd2d490 379w\"\/>                            <\/div>\n<p>Toplant\u0131da \u0130\u00e7i\u015fleri, Bakan\u0131 Dursun O\u011fuz ile Afet Acil Durum Komitesi Ba\u015fkan\u0131, Ba\u015fbakanl\u0131k M\u00fcste\u015far\u0131 H\u00fcseyin Cahito\u011flu da haz\u0131r bulundu.<\/p>\n<p>Ba\u015fbakan \u00dcstel toplant\u0131 \u00f6ncesi yapt\u0131\u011f\u0131 a\u00e7\u0131klamada, b\u00f6lge halk\u0131na ge\u00e7mi\u015f olsun dileklerini ileterek, beklenmedik bir zamanda sabaha kar\u015f\u0131 saat 06.30\u2019da merkezi Yenierenk\u00f6y olan ve \u00e7evresindeki k\u00f6yleri de etkileyen dolu ya\u011f\u0131\u015f\u0131n\u0131n ger\u00e7ekle\u015fti\u011fini ifade etti.<\/p>\n<div class=\"mariselle-image-container center\">\n                <img loading=\"lazy\" decoding=\"async\" width=\"1500\" height=\"798\" class=\"lazy-image\" alt=\"\" sizes=\"auto, (max-width: 1500px) 100vw, 1500px\" src=\"https:\/\/brtk.net\/wp-content\/uploads\/2025\/02\/12\/kar-buz-1.jpeg?ver=1ded4c9d6c64f470685a8364bf1d381f\" srcset=\"https:\/\/brtk.net\/wp-content\/uploads\/2025\/02\/12\/kar-buz-1.jpeg?ver=1ded4c9d6c64f470685a8364bf1d381f 1500w, https:\/\/brtk.net\/wp-content\/uploads\/2025\/02\/12\/kar-buz-1-300x160.jpeg?ver=0279e82ed601b3b4d41bfa5f2a633cba 300w, https:\/\/brtk.net\/wp-content\/uploads\/2025\/02\/12\/kar-buz-1-1024x545.jpeg?ver=0279e82ed601b3b4d41bfa5f2a633cba 1024w, https:\/\/brtk.net\/wp-content\/uploads\/2025\/02\/12\/kar-buz-1-768x409.jpeg?ver=0279e82ed601b3b4d41bfa5f2a633cba 768w\"\/>                            <\/div>\n<p><strong>-Dolu kal\u0131nl\u0131\u011f\u0131 50 cm\u2019ye kadar ula\u015ft\u0131<\/strong><\/p>\n<p>Ba\u015fbakan \u00dcstel dolu kal\u0131nl\u0131\u011f\u0131n\u0131n baz\u0131 b\u00f6lgelerde 20, baz\u0131 b\u00f6lgelerde ise 50 cm\u2019ye kadar ula\u015ft\u0131\u011f\u0131n\u0131, Yenierenk\u00f6y\u2019\u00fcn i\u00e7inden ve civar\u0131ndan ge\u00e7en yollar\u0131n tamamen ara\u00e7 trafi\u011fine kapand\u0131\u011f\u0131n\u0131, sabah\u0131n erken saatlerinde Erenk\u00f6y-Karpaz ve \u0130skele belediye ba\u015fkanlar\u0131 ve \u0130skele Kaymakam\u0131 ile isti\u015fare edilerek b\u00f6lgeye ara\u00e7 gere\u00e7lerin g\u00f6nderildi\u011fini, yollar\u0131n a\u00e7\u0131ld\u0131\u011f\u0131n\u0131, ard\u0131ndan Tar\u0131m ve Do\u011fal Kaynaklar Bakanl\u0131\u011f\u0131, kaymakaml\u0131k ve muhtarlarla i\u015f birli\u011fi i\u00e7erisinde hasar tespit \u00e7al\u0131\u015fmalar\u0131n\u0131n ba\u015flat\u0131ld\u0131\u011f\u0131n\u0131 s\u00f6yledi.<\/p>\n<div class=\"mariselle-image-container center\">\n                <img loading=\"lazy\" decoding=\"async\" width=\"928\" height=\"366\" class=\"lazy-image\" alt=\"\" sizes=\"auto, (max-width: 928px) 100vw, 928px\" src=\"https:\/\/brtk.net\/wp-content\/uploads\/2025\/02\/12\/ustellll.jpeg?ver=a836628b091764f8389900d9f1869ad4\" srcset=\"https:\/\/brtk.net\/wp-content\/uploads\/2025\/02\/12\/ustellll.jpeg?ver=a836628b091764f8389900d9f1869ad4 928w, https:\/\/brtk.net\/wp-content\/uploads\/2025\/02\/12\/ustellll-300x118.jpeg?ver=205b1aff144b2c98f476ab87ddf1338f 300w, https:\/\/brtk.net\/wp-content\/uploads\/2025\/02\/12\/ustellll-768x303.jpeg?ver=205b1aff144b2c98f476ab87ddf1338f 768w\"\/>                            <\/div>\n<p>\u00d6zellikle Yenierenk\u00f6y\u2019de b\u00fcy\u00fck bir dolu ya\u011f\u0131\u015f\u0131 ya\u015fand\u0131\u011f\u0131n\u0131, \u00f6\u011fle olmas\u0131na ra\u011fmen dolu \u00f6rt\u00fcs\u00fcn\u00fcn kalkmad\u0131\u011f\u0131n\u0131 kaydeden \u00dcstel, belediye kaymakaml\u0131k ve Sivil Savunma\u2019dan bilgi ald\u0131\u011f\u0131n\u0131,  \u00e7al\u0131\u015fmalar\u0131n devam etti\u011fini, konu ile ilgili tekrar bilgi al\u0131\u015fveri\u015finde bulunulaca\u011f\u0131n\u0131 ifade etti.<\/p>\n<p>Ba\u015fbakan \u00dcstel, doludan zarar g\u00f6ren Yenierenk\u00f6y, Sipahi ve Ada\u00e7ay\u2019a ge\u00e7mi\u015f olsun dileklerini yineledi.<\/p>\n<\/p><\/div>\n<p><script async\n                    defer\n                    crossorigin=\"anonymous\"\n                    src=\"https:\/\/connect.facebook.net\/tr_TR\/sdk.js#xfbml=1&#038;version=v3.3\"\n            ><\/script><br \/>\n<br \/><br \/>\n<br \/><a href=\"https:\/\/brtk.net\/basbakan-ustel-dolu-afeti-nedeniyle-erenkoy-karpaz-belediyesini-ziyaret-etti\/\">Kaynak BRT <\/a><\/p>\n","protected":false},"excerpt":{"rendered":"<p>Ba\u015fbakan \u00dcnal \u00dcstel bu sabah etkili olan dolu ya\u011f\u0131\u015f\u0131n\u0131n Karpaz\u2019da hasara yol a\u00e7mas\u0131 nedeniyle, Erenk\u00f6y- Karpaz Belediyesi\u2019ni ziyaret etti. Ba\u015fbakan \u00dcstel, Belediye binas\u0131nda Erenk\u00f6y-Karpaz ve \u0130skele belediye ba\u015fkanlar\u0131, doludan zarar g\u00f6ren k\u00f6ylerin muhtarlar\u0131 ile bir araya gelerek g\u00f6r\u00fc\u015ft\u00fc, \u00e7al\u0131\u015fmalar ve hasarlar hakk\u0131nda bilgi ald\u0131. Toplant\u0131da \u0130\u00e7i\u015fleri, Bakan\u0131 Dursun O\u011fuz ile Afet Acil Durum Komitesi Ba\u015fkan\u0131, [&hellip;]<\/p>\n","protected":false},"author":908,"featured_media":16789,"comment_status":"open","ping_status":"open","sticky":false,"template":"","format":"standard","meta":{"_jetpack_memberships_contains_paid_content":false,"footnotes":"","jetpack_publicize_message":"","jetpack_publicize_feature_enabled":true,"jetpack_social_post_already_shared":true,"jetpack_social_options":{"image_generator_settings":{"template":"highway","default_image_id":0,"font":"","enabled":false},"version":2}},"categories":[253],"tags":[],"class_list":["post-16788","post","type-post","status-publish","format-standard","has-post-thumbnail","hentry","category-gundem"],"jetpack_publicize_connections":[],"jetpack_featured_media_url":"https:\/\/kibrisayna.com\/wp-content\/uploads\/2025\/02\/23908402.jpeg","jetpack_sharing_enabled":true,"_links":{"self":[{"href":"https:\/\/kibrisayna.com\/index.php\/wp-json\/wp\/v2\/posts\/16788","targetHints":{"allow":["GET"]}}],"collection":[{"href":"https:\/\/kibrisayna.com\/index.php\/wp-json\/wp\/v2\/posts"}],"about":[{"href":"https:\/\/kibrisayna.com\/index.php\/wp-json\/wp\/v2\/types\/post"}],"author":[{"embeddable":true,"href":"https:\/\/kibrisayna.com\/index.php\/wp-json\/wp\/v2\/users\/908"}],"replies":[{"embeddable":true,"href":"https:\/\/kibrisayna.com\/index.php\/wp-json\/wp\/v2\/comments?post=16788"}],"version-history":[{"count":0,"href":"https:\/\/kibrisayna.com\/index.php\/wp-json\/wp\/v2\/posts\/16788\/revisions"}],"wp:featuredmedia":[{"embeddable":true,"href":"https:\/\/kibrisayna.com\/index.php\/wp-json\/wp\/v2\/media\/16789"}],"wp:attachment":[{"href":"https:\/\/kibrisayna.com\/index.php\/wp-json\/wp\/v2\/media?parent=16788"}],"wp:term":[{"taxonomy":"category","embeddable":true,"href":"https:\/\/kibrisayna.com\/index.php\/wp-json\/wp\/v2\/categories?post=16788"},{"taxonomy":"post_tag","embeddable":true,"href":"https:\/\/kibrisayna.com\/index.php\/wp-json\/wp\/v2\/tags?post=16788"}],"curies":[{"name":"wp","href":"https:\/\/api.w.org\/{rel}","templated":true}]}}