{"id":16752,"date":"2025-01-16T19:22:13","date_gmt":"2025-01-16T16:22:13","guid":{"rendered":"https:\/\/kibrisayna.com\/index.php\/2025\/01\/16\/dikmen-bogazkoy-ana-yolundaki-kazada-3-kisi-yaralandi-brtk\/"},"modified":"2025-01-16T19:22:13","modified_gmt":"2025-01-16T16:22:13","slug":"dikmen-bogazkoy-ana-yolundaki-kazada-3-kisi-yaralandi-brtk","status":"publish","type":"post","link":"https:\/\/kibrisayna.com\/index.php\/2025\/01\/16\/dikmen-bogazkoy-ana-yolundaki-kazada-3-kisi-yaralandi-brtk\/","title":{"rendered":"Dikmen \u2013 Bo\u011fazk\u00f6y ana yolundaki kazada 3 ki\u015fi yaraland\u0131 \u2013 BRTK"},"content":{"rendered":"<p> <br \/>\n<\/p>\n<div>\n<div class=\"mariselle-image-container none\">\n                <img loading=\"lazy\" decoding=\"async\" width=\"1280\" height=\"914\" class=\"lazy-image\" alt=\"\" sizes=\"auto, (max-width: 1280px) 100vw, 1280px\" src=\"https:\/\/brtk.net\/wp-content\/uploads\/2025\/01\/16\/1737039685428Trafik-kazasi.jpg?ver=8dca0b3abd03dc3fac75b530f5428025\" srcset=\"https:\/\/brtk.net\/wp-content\/uploads\/2025\/01\/16\/1737039685428Trafik-kazasi.jpg?ver=8dca0b3abd03dc3fac75b530f5428025 1280w, https:\/\/brtk.net\/wp-content\/uploads\/2025\/01\/16\/1737039685428Trafik-kazasi-300x214.jpg?ver=9ecd10361da83594357e8c0b0db4f206 300w, https:\/\/brtk.net\/wp-content\/uploads\/2025\/01\/16\/1737039685428Trafik-kazasi-1024x731.jpg?ver=9ecd10361da83594357e8c0b0db4f206 1024w, https:\/\/brtk.net\/wp-content\/uploads\/2025\/01\/16\/1737039685428Trafik-kazasi-768x548.jpg?ver=9ecd10361da83594357e8c0b0db4f206 768w\"\/>                            <\/div>\n<p>Dikmen-Bo\u011fazk\u00f6y ana yolunda meydana gelen kazada 3 ki\u015fi yaraland\u0131.<\/p>\n<p>Polisten verilen bilgiye g\u00f6re, bug\u00fcn 10.15 s\u0131ralar\u0131nda, Salih \u00d6zenalp (E-22), y\u00f6netimindeki FT 910 plakal\u0131 salon ara\u00e7 ile Dikmen istikametinden Bo\u011fazk\u00f6y istikametine do\u011fru seyrederken\u00a0 Arpal\u0131kl\u0131 Ta\u015f K\u0131rma Tesisleri yak\u0131nlar\u0131nda\u00a0 sola meyilli viraja girdi\u011finde\u00a0 direksiyon h\u00e2kimiyetini kaybetti. Yolun solunda \u00e7\u0131kan ara\u00e7\u00a0 9 metrelik u\u00e7uruma d\u00fc\u015ferek sa\u011f yan k\u0131sm\u0131 \u00fczerine devrildi.<\/p>\n<p>Yaralanan ara\u00e7 s\u00fcr\u00fcc\u00fcs\u00fc\u00a0 \u00d6zenalp ve ara\u00e7ta yolcu olarak bulunan Mustafa Kavuncuo\u011flu (E-22) ile\u00a0 Ahmet G\u00fclkan (E-21) Lefko\u015fa Dr. Burhan Nalbanto\u011flu Devlet Hastanesine kald\u0131r\u0131ld\u0131.<\/p>\n<p>Yap\u0131lan tedavilerinin ard\u0131ndan Salih \u00d6zenalp ve Ahmet G\u00fclkan taburcu olurken, Mustafa Kavuncuo\u011flu ise ortopedi servisinde m\u00fc\u015fahede alt\u0131na al\u0131nd\u0131.<\/p>\n<\/p><\/div>\n<p><script async\n                    defer\n                    crossorigin=\"anonymous\"\n                    src=\"https:\/\/connect.facebook.net\/tr_TR\/sdk.js#xfbml=1&#038;version=v3.3\"\n            ><\/script><br \/>\n<br \/><br \/>\n<br \/><a href=\"https:\/\/brtk.net\/dikmen-bogazkoy-ana-yolundaki-kazada-3-kisi-yaralandi\/\"> <\/a><\/p>\n","protected":false},"excerpt":{"rendered":"<p>Dikmen-Bo\u011fazk\u00f6y ana yolunda meydana gelen kazada 3 ki\u015fi yaraland\u0131. Polisten verilen bilgiye g\u00f6re, bug\u00fcn 10.15 s\u0131ralar\u0131nda, Salih \u00d6zenalp (E-22), y\u00f6netimindeki FT 910 plakal\u0131 salon ara\u00e7 ile Dikmen istikametinden Bo\u011fazk\u00f6y istikametine do\u011fru seyrederken\u00a0 Arpal\u0131kl\u0131 Ta\u015f K\u0131rma Tesisleri yak\u0131nlar\u0131nda\u00a0 sola meyilli viraja girdi\u011finde\u00a0 direksiyon h\u00e2kimiyetini kaybetti. Yolun solunda \u00e7\u0131kan ara\u00e7\u00a0 9 metrelik u\u00e7uruma d\u00fc\u015ferek sa\u011f yan k\u0131sm\u0131 [&hellip;]<\/p>\n","protected":false},"author":908,"featured_media":16753,"comment_status":"open","ping_status":"open","sticky":false,"template":"","format":"standard","meta":{"_jetpack_memberships_contains_paid_content":false,"footnotes":"","jetpack_publicize_message":"","jetpack_publicize_feature_enabled":true,"jetpack_social_post_already_shared":true,"jetpack_social_options":{"image_generator_settings":{"template":"highway","default_image_id":0,"font":"","enabled":false},"version":2}},"categories":[253,19],"tags":[],"class_list":["post-16752","post","type-post","status-publish","format-standard","has-post-thumbnail","hentry","category-gundem","category-manset"],"jetpack_publicize_connections":[],"jetpack_featured_media_url":"https:\/\/kibrisayna.com\/wp-content\/uploads\/2025\/01\/1737039685428Trafik-kazasi.jpg","jetpack_sharing_enabled":true,"_links":{"self":[{"href":"https:\/\/kibrisayna.com\/index.php\/wp-json\/wp\/v2\/posts\/16752","targetHints":{"allow":["GET"]}}],"collection":[{"href":"https:\/\/kibrisayna.com\/index.php\/wp-json\/wp\/v2\/posts"}],"about":[{"href":"https:\/\/kibrisayna.com\/index.php\/wp-json\/wp\/v2\/types\/post"}],"author":[{"embeddable":true,"href":"https:\/\/kibrisayna.com\/index.php\/wp-json\/wp\/v2\/users\/908"}],"replies":[{"embeddable":true,"href":"https:\/\/kibrisayna.com\/index.php\/wp-json\/wp\/v2\/comments?post=16752"}],"version-history":[{"count":0,"href":"https:\/\/kibrisayna.com\/index.php\/wp-json\/wp\/v2\/posts\/16752\/revisions"}],"wp:featuredmedia":[{"embeddable":true,"href":"https:\/\/kibrisayna.com\/index.php\/wp-json\/wp\/v2\/media\/16753"}],"wp:attachment":[{"href":"https:\/\/kibrisayna.com\/index.php\/wp-json\/wp\/v2\/media?parent=16752"}],"wp:term":[{"taxonomy":"category","embeddable":true,"href":"https:\/\/kibrisayna.com\/index.php\/wp-json\/wp\/v2\/categories?post=16752"},{"taxonomy":"post_tag","embeddable":true,"href":"https:\/\/kibrisayna.com\/index.php\/wp-json\/wp\/v2\/tags?post=16752"}],"curies":[{"name":"wp","href":"https:\/\/api.w.org\/{rel}","templated":true}]}}