{"id":16748,"date":"2025-01-16T19:09:16","date_gmt":"2025-01-16T16:09:16","guid":{"rendered":"https:\/\/kibrisayna.com\/index.php\/2025\/01\/16\/arucad-ogrencileri-taki-ziyaret-eti-brtk\/"},"modified":"2025-01-16T19:09:16","modified_gmt":"2025-01-16T16:09:16","slug":"arucad-ogrencileri-taki-ziyaret-eti-brtk","status":"publish","type":"post","link":"https:\/\/kibrisayna.com\/index.php\/2025\/01\/16\/arucad-ogrencileri-taki-ziyaret-eti-brtk\/","title":{"rendered":"ARUCAD \u00d6\u011frencileri TAK\u2019\u0131 ziyaret eti \u2013 BRTK"},"content":{"rendered":"<p> <br \/>\n<\/p>\n<div>\n<div class=\"mariselle-image-container none\">\n                <img loading=\"lazy\" decoding=\"async\" width=\"928\" height=\"428\" class=\"lazy-image\" alt=\"\" sizes=\"auto, (max-width: 928px) 100vw, 928px\" src=\"https:\/\/brtk.net\/wp-content\/uploads\/2025\/01\/16\/ARUCAD-5.jpg?ver=9109cd56631bd60cad9d6167ee4798d5\" srcset=\"https:\/\/brtk.net\/wp-content\/uploads\/2025\/01\/16\/ARUCAD-5.jpg?ver=9109cd56631bd60cad9d6167ee4798d5 928w, https:\/\/brtk.net\/wp-content\/uploads\/2025\/01\/16\/ARUCAD-5-300x138.jpg?ver=955d45d5b4f1afc7a049de877f63a33e 300w, https:\/\/brtk.net\/wp-content\/uploads\/2025\/01\/16\/ARUCAD-5-768x354.jpg?ver=955d45d5b4f1afc7a049de877f63a33e 768w\"\/>                            <\/div>\n<p>ARUCAD Yeni Medya ve \u0130leti\u015fim B\u00f6l\u00fcm\u00fc \u00f6\u011frencileri T\u00fcrk Ajans\u0131 K\u0131br\u0131s\u2019\u0131 (TAK) ziyaret etti.<\/p>\n<p>\u0130leti\u015fim Fak\u00fcltesi Dekan\u0131 Do\u00e7. Dr. Nuran \u00d6ze, \u00d6\u011fretim \u00dcyesi Yrd. Do\u00e7.Dr.Huri Yontucu ve G\u00f6rsel \u0130leti\u015fim Tasar\u0131m\u0131 B\u00f6l\u00fcm Ba\u015fkan\u0131 Yrd. Do\u00e7. Dr. Hakan Karahasan\u2019\u0131n e\u015flik etti\u011fi \u00f6\u011frenciler TAK M\u00fcd\u00fcr\u00fc Dr. Fehmi G\u00fcrdall\u0131 ve TAK Amiri \u00d6zg\u00fcl G\u00fcrkut Mutluyakal\u0131 ile biraraya geldi.<\/p>\n<p>G\u00fcrdall\u0131 ve Mutluyakal\u0131, \u00f6\u011frencilere TAK\u2019\u0131n i\u015fleyi\u015fi ile ilgili bilgi verdi ve gazetecilik deneyimlerini aktard\u0131.<\/p>\n<p>\u00d6\u011frencilerin sorular\u0131yla devam eden ziyarette, d\u00fcnyada, T\u00fcrkiye\u2019de ve Kuzey K\u0131br\u0131s T\u00fcrk Cumhuriyeti\u2019nde bas\u0131n sekt\u00f6r\u00fcnde ya\u015fanan geli\u015fmelerle, medyadaki de\u011fi\u015fim ve d\u00f6n\u00fc\u015f\u00fcm s\u00fcre\u00e7leri ele al\u0131nd\u0131.<\/p>\n<\/p><\/div>\n<p><script async\n                    defer\n                    crossorigin=\"anonymous\"\n                    src=\"https:\/\/connect.facebook.net\/tr_TR\/sdk.js#xfbml=1&#038;version=v3.3\"\n            ><\/script><br \/>\n<br \/><br \/>\n<br \/><a href=\"https:\/\/brtk.net\/arucad-ogrencileri-taki-ziyaret-eti\/\">Kaynak BRT <\/a><\/p>\n","protected":false},"excerpt":{"rendered":"<p>ARUCAD Yeni Medya ve \u0130leti\u015fim B\u00f6l\u00fcm\u00fc \u00f6\u011frencileri T\u00fcrk Ajans\u0131 K\u0131br\u0131s\u2019\u0131 (TAK) ziyaret etti. \u0130leti\u015fim Fak\u00fcltesi Dekan\u0131 Do\u00e7. Dr. Nuran \u00d6ze, \u00d6\u011fretim \u00dcyesi Yrd. Do\u00e7.Dr.Huri Yontucu ve G\u00f6rsel \u0130leti\u015fim Tasar\u0131m\u0131 B\u00f6l\u00fcm Ba\u015fkan\u0131 Yrd. Do\u00e7. Dr. Hakan Karahasan\u2019\u0131n e\u015flik etti\u011fi \u00f6\u011frenciler TAK M\u00fcd\u00fcr\u00fc Dr. Fehmi G\u00fcrdall\u0131 ve TAK Amiri \u00d6zg\u00fcl G\u00fcrkut Mutluyakal\u0131 ile biraraya geldi. G\u00fcrdall\u0131 ve [&hellip;]<\/p>\n","protected":false},"author":908,"featured_media":16749,"comment_status":"open","ping_status":"open","sticky":false,"template":"","format":"standard","meta":{"_jetpack_memberships_contains_paid_content":false,"footnotes":"","jetpack_publicize_message":"","jetpack_publicize_feature_enabled":true,"jetpack_social_post_already_shared":true,"jetpack_social_options":{"image_generator_settings":{"template":"highway","default_image_id":0,"font":"","enabled":false},"version":2}},"categories":[253],"tags":[],"class_list":["post-16748","post","type-post","status-publish","format-standard","has-post-thumbnail","hentry","category-gundem"],"jetpack_publicize_connections":[],"jetpack_featured_media_url":"https:\/\/kibrisayna.com\/wp-content\/uploads\/2025\/01\/ARUCAD-5.jpg","jetpack_sharing_enabled":true,"_links":{"self":[{"href":"https:\/\/kibrisayna.com\/index.php\/wp-json\/wp\/v2\/posts\/16748","targetHints":{"allow":["GET"]}}],"collection":[{"href":"https:\/\/kibrisayna.com\/index.php\/wp-json\/wp\/v2\/posts"}],"about":[{"href":"https:\/\/kibrisayna.com\/index.php\/wp-json\/wp\/v2\/types\/post"}],"author":[{"embeddable":true,"href":"https:\/\/kibrisayna.com\/index.php\/wp-json\/wp\/v2\/users\/908"}],"replies":[{"embeddable":true,"href":"https:\/\/kibrisayna.com\/index.php\/wp-json\/wp\/v2\/comments?post=16748"}],"version-history":[{"count":0,"href":"https:\/\/kibrisayna.com\/index.php\/wp-json\/wp\/v2\/posts\/16748\/revisions"}],"wp:featuredmedia":[{"embeddable":true,"href":"https:\/\/kibrisayna.com\/index.php\/wp-json\/wp\/v2\/media\/16749"}],"wp:attachment":[{"href":"https:\/\/kibrisayna.com\/index.php\/wp-json\/wp\/v2\/media?parent=16748"}],"wp:term":[{"taxonomy":"category","embeddable":true,"href":"https:\/\/kibrisayna.com\/index.php\/wp-json\/wp\/v2\/categories?post=16748"},{"taxonomy":"post_tag","embeddable":true,"href":"https:\/\/kibrisayna.com\/index.php\/wp-json\/wp\/v2\/tags?post=16748"}],"curies":[{"name":"wp","href":"https:\/\/api.w.org\/{rel}","templated":true}]}}