{"id":16744,"date":"2025-01-16T18:58:45","date_gmt":"2025-01-16T15:58:45","guid":{"rendered":"https:\/\/kibrisayna.com\/index.php\/2025\/01\/16\/girnede-misir-tezgahinda-cikan-yanginda-bir-sahis-yuzunden-yaralandi-brtk\/"},"modified":"2025-01-16T18:58:45","modified_gmt":"2025-01-16T15:58:45","slug":"girnede-misir-tezgahinda-cikan-yanginda-bir-sahis-yuzunden-yaralandi-brtk","status":"publish","type":"post","link":"https:\/\/kibrisayna.com\/index.php\/2025\/01\/16\/girnede-misir-tezgahinda-cikan-yanginda-bir-sahis-yuzunden-yaralandi-brtk\/","title":{"rendered":"Girne\u2019de m\u0131s\u0131r tezgah\u0131nda \u00e7\u0131kan yang\u0131nda bir \u015fah\u0131s y\u00fcz\u00fcnden yaraland\u0131 \u2013 BRTK"},"content":{"rendered":"<p> <br \/>\n<\/p>\n<div>\n<div class=\"mariselle-image-container none\">\n                <img loading=\"lazy\" decoding=\"async\" width=\"588\" height=\"525\" class=\"lazy-image\" alt=\"\" sizes=\"auto, (max-width: 588px) 100vw, 588px\" src=\"https:\/\/brtk.net\/wp-content\/uploads\/2025\/01\/16\/misir-arabasi-3.jpg?ver=45fc7e69b91b7b1e3153df971666ebd5\" srcset=\"https:\/\/brtk.net\/wp-content\/uploads\/2025\/01\/16\/misir-arabasi-3.jpg?ver=45fc7e69b91b7b1e3153df971666ebd5 588w, https:\/\/brtk.net\/wp-content\/uploads\/2025\/01\/16\/misir-arabasi-3-300x268.jpg?ver=45fc7e69b91b7b1e3153df971666ebd5 300w\"\/>                            <\/div>\n<p>Girne\u2019de, m\u0131s\u0131r tezg\u00e2h\u0131nda olu\u015fan gaz ka\u00e7a\u011f\u0131 sonucu yang\u0131n meydana geldi. Yang\u0131nda tezg\u00e2h \u00e7al\u0131\u015fan\u0131 K\u00fcbra K\u00f6\u015fker (K-24) y\u00fcz\u00fcnden yaraland\u0131.<\/p>\n<p>Polisten yap\u0131lan a\u00e7\u0131klamada, Girne\u2019de Salih Miro\u011flu Caddesi\u2019nde F.A. (E-52)\u2019ya ait m\u0131s\u0131r tezg\u00e2h\u0131nda gerekli emniyet tedbirleri al\u0131nmamas\u0131 nedeniyle d\u00fcn saat 12.30 raddelerinde yang\u0131n \u00e7\u0131kt\u0131.<\/p>\n<p>M\u0131s\u0131rlar\u0131n pi\u015fmesi i\u00e7in \u00e7al\u0131\u015f\u0131r durumda b\u0131rak\u0131lan oca\u011f\u0131n gaz ka\u00e7a\u011f\u0131 yapmas\u0131 sonucu \u00e7\u0131kan yang\u0131nda, tezg\u00e2hta \u00e7al\u0131\u015fan K\u00f6\u015fker y\u00fcz\u00fcnden yaralanarak, Lefko\u015fa Dr. Burhan Nalbanto\u011flu Devlet Hastanesi\u2019nde kald\u0131r\u0131ld\u0131.<\/p>\n<p>K\u00f6\u015fker, hastanede yap\u0131lan tedavisinin ard\u0131ndan taburcu oldu. \u0130tfaiye ekipleri taraf\u0131ndan s\u00f6nd\u00fcr\u00fclen yang\u0131n sonras\u0131nda F.A. tutukland\u0131.<\/p>\n<p>Polis, yang\u0131na ili\u015fkin soru\u015fturmas\u0131n\u0131 s\u00fcrd\u00fcr\u00fcyor.<\/p>\n<\/p><\/div>\n<p><script async\n                    defer\n                    crossorigin=\"anonymous\"\n                    src=\"https:\/\/connect.facebook.net\/tr_TR\/sdk.js#xfbml=1&#038;version=v3.3\"\n            ><\/script><br \/>\n<br \/><br \/>\n<br \/><a href=\"https:\/\/brtk.net\/girnede-misir-tezgahinda-cikan-yanginda-bir-sahis-yuzunden-yaralandi\/\"> <\/a><\/p>\n","protected":false},"excerpt":{"rendered":"<p>Girne\u2019de, m\u0131s\u0131r tezg\u00e2h\u0131nda olu\u015fan gaz ka\u00e7a\u011f\u0131 sonucu yang\u0131n meydana geldi. Yang\u0131nda tezg\u00e2h \u00e7al\u0131\u015fan\u0131 K\u00fcbra K\u00f6\u015fker (K-24) y\u00fcz\u00fcnden yaraland\u0131. Polisten yap\u0131lan a\u00e7\u0131klamada, Girne\u2019de Salih Miro\u011flu Caddesi\u2019nde F.A. (E-52)\u2019ya ait m\u0131s\u0131r tezg\u00e2h\u0131nda gerekli emniyet tedbirleri al\u0131nmamas\u0131 nedeniyle d\u00fcn saat 12.30 raddelerinde yang\u0131n \u00e7\u0131kt\u0131. M\u0131s\u0131rlar\u0131n pi\u015fmesi i\u00e7in \u00e7al\u0131\u015f\u0131r durumda b\u0131rak\u0131lan oca\u011f\u0131n gaz ka\u00e7a\u011f\u0131 yapmas\u0131 sonucu \u00e7\u0131kan yang\u0131nda, tezg\u00e2hta [&hellip;]<\/p>\n","protected":false},"author":908,"featured_media":16745,"comment_status":"open","ping_status":"open","sticky":false,"template":"","format":"standard","meta":{"_jetpack_memberships_contains_paid_content":false,"footnotes":"","jetpack_publicize_message":"","jetpack_publicize_feature_enabled":true,"jetpack_social_post_already_shared":true,"jetpack_social_options":{"image_generator_settings":{"template":"highway","default_image_id":0,"font":"","enabled":false},"version":2}},"categories":[253,19],"tags":[],"class_list":["post-16744","post","type-post","status-publish","format-standard","has-post-thumbnail","hentry","category-gundem","category-manset"],"jetpack_publicize_connections":[],"jetpack_featured_media_url":"https:\/\/kibrisayna.com\/wp-content\/uploads\/2025\/01\/misir-arabasi-3.jpg","jetpack_sharing_enabled":true,"_links":{"self":[{"href":"https:\/\/kibrisayna.com\/index.php\/wp-json\/wp\/v2\/posts\/16744","targetHints":{"allow":["GET"]}}],"collection":[{"href":"https:\/\/kibrisayna.com\/index.php\/wp-json\/wp\/v2\/posts"}],"about":[{"href":"https:\/\/kibrisayna.com\/index.php\/wp-json\/wp\/v2\/types\/post"}],"author":[{"embeddable":true,"href":"https:\/\/kibrisayna.com\/index.php\/wp-json\/wp\/v2\/users\/908"}],"replies":[{"embeddable":true,"href":"https:\/\/kibrisayna.com\/index.php\/wp-json\/wp\/v2\/comments?post=16744"}],"version-history":[{"count":0,"href":"https:\/\/kibrisayna.com\/index.php\/wp-json\/wp\/v2\/posts\/16744\/revisions"}],"wp:featuredmedia":[{"embeddable":true,"href":"https:\/\/kibrisayna.com\/index.php\/wp-json\/wp\/v2\/media\/16745"}],"wp:attachment":[{"href":"https:\/\/kibrisayna.com\/index.php\/wp-json\/wp\/v2\/media?parent=16744"}],"wp:term":[{"taxonomy":"category","embeddable":true,"href":"https:\/\/kibrisayna.com\/index.php\/wp-json\/wp\/v2\/categories?post=16744"},{"taxonomy":"post_tag","embeddable":true,"href":"https:\/\/kibrisayna.com\/index.php\/wp-json\/wp\/v2\/tags?post=16744"}],"curies":[{"name":"wp","href":"https:\/\/api.w.org\/{rel}","templated":true}]}}