{"id":16741,"date":"2025-01-16T18:55:25","date_gmt":"2025-01-16T15:55:25","guid":{"rendered":"https:\/\/kibrisayna.com\/index.php\/2025\/01\/16\/cumhurbaskani-tatar-cam-kese-boceginin-yarattigi-sorunlari-ve-yapilabilecekleri-gorusmek-icin-ilgili-dernek-yetkililerini-kabul-etti-brtk\/"},"modified":"2025-01-16T18:55:25","modified_gmt":"2025-01-16T15:55:25","slug":"cumhurbaskani-tatar-cam-kese-boceginin-yarattigi-sorunlari-ve-yapilabilecekleri-gorusmek-icin-ilgili-dernek-yetkililerini-kabul-etti-brtk","status":"publish","type":"post","link":"https:\/\/kibrisayna.com\/index.php\/2025\/01\/16\/cumhurbaskani-tatar-cam-kese-boceginin-yarattigi-sorunlari-ve-yapilabilecekleri-gorusmek-icin-ilgili-dernek-yetkililerini-kabul-etti-brtk\/","title":{"rendered":"Cumhurba\u015fkan\u0131 Tatar, \u00e7am kese b\u00f6ce\u011finin yaratt\u0131\u011f\u0131 sorunlar\u0131 ve yap\u0131labilecekleri g\u00f6r\u00fc\u015fmek i\u00e7in ilgili dernek yetkililerini kabul etti \u2013 BRTK"},"content":{"rendered":"<p> <br \/>\n<\/p>\n<div>\n<div class=\"mariselle-image-container none\">\n                <img loading=\"lazy\" decoding=\"async\" width=\"930\" height=\"454\" class=\"lazy-image\" alt=\"\" sizes=\"auto, (max-width: 930px) 100vw, 930px\" src=\"https:\/\/brtk.net\/wp-content\/uploads\/2025\/01\/16\/TATAR-KEMA-VAKFI3.jpg?ver=f2a08d4c4f9e2af0c295f40ec8c5b69d\" srcset=\"https:\/\/brtk.net\/wp-content\/uploads\/2025\/01\/16\/TATAR-KEMA-VAKFI3.jpg?ver=f2a08d4c4f9e2af0c295f40ec8c5b69d 930w, https:\/\/brtk.net\/wp-content\/uploads\/2025\/01\/16\/TATAR-KEMA-VAKFI3-300x146.jpg?ver=2e4b5e4486585389a954addbd62bb1ac 300w, https:\/\/brtk.net\/wp-content\/uploads\/2025\/01\/16\/TATAR-KEMA-VAKFI3-768x375.jpg?ver=2e4b5e4486585389a954addbd62bb1ac 768w\"\/>                            <\/div>\n<p>Cumhurba\u015fkan\u0131 Ersin Tatar, \u00e7am kese b\u00f6ce\u011finin yaratt\u0131\u011f\u0131 sorunlar\u0131 ve yap\u0131labilecekleri g\u00f6r\u00fc\u015fmek i\u00e7in\u00a0 ilgili dernek yetkililerini kabul etti.<\/p>\n<p>Cumhurba\u015fkanl\u0131\u011f\u0131ndan verilen bilgiye g\u00f6re, kabulde, KEMA Vakf\u0131 M\u00fctevelli Heyeti Ba\u015fkan\u0131 \u0130lkay \u0130lseven, KEMA Vakf\u0131 Kurucular Kurulu Ba\u015fkan\u0131 Dr.\u00a0 Orhan Aydeniz, Ye\u015fil Bar\u0131\u015f Harekat\u0131 Ba\u015fkan\u0131 Feriha Tel, Orman M\u00fchendisleri Odas\u0131 Ba\u015fkan\u0131 Ahmet \u0130yig\u00fcn ve Tabipler Birli\u011fi Ba\u015fkan\u0131 Cemal Mert yer ald\u0131.<\/p>\n<p>Cumhurba\u015fkan\u0131 Ersin Tatar, \u00e7am kese b\u00f6ce\u011fine \u00fclkedeki a\u011fa\u00e7lar\u0131n maruz kalmas\u0131n\u0131n son y\u0131llarda dikkate al\u0131nmas\u0131 gereken bir sorun oldu\u011funu ifade ederek, Tar\u0131m ve Orman Bakanl\u0131\u011f\u0131\u2019n\u0131n gerekli \u00e7al\u0131\u015fmalar\u0131 yapaca\u011f\u0131n\u0131, iki tarafl\u0131 \u00e7evre teknik komitesinde de konu ile ilgili gerekli ad\u0131mlar\u0131n at\u0131lmas\u0131 i\u00e7in gereken deste\u011fin verilmesinin \u00f6nemini dile getirdi.\u00a0<\/p>\n<p>\u00c7am kese b\u00f6ce\u011finin yo\u011funlu\u011fu dolay\u0131s\u0131yla a\u011fa\u00e7lar\u0131n hastaland\u0131\u011f\u0131n\u0131, kabuk b\u00f6ceklerinin insanlar \u00fczerinde de ast\u0131m, alerji gibi sorunlara yol a\u00e7t\u0131\u011f\u0131n\u0131 belirten yetkililer, 2020 sonras\u0131 \u00e7am kese b\u00f6ce\u011fine kar\u015f\u0131 herhangi bir m\u00fccadele yap\u0131lmad\u0131\u011f\u0131n\u0131 bu nedenle zarar\u0131n e\u015fi\u011fin \u00fczerine \u00e7\u0131kt\u0131\u011f\u0131n\u0131, bu konuda bilimsel y\u00f6ntemlere ba\u015fvurulmas\u0131 gerekti\u011fini s\u00f6yleyerek, ormanlar\u0131 bu b\u00f6ceklere kar\u015f\u0131 savunmas\u0131z b\u0131rak\u0131lmamas\u0131 i\u00e7in gelecek y\u0131la y\u00f6nelik \u00e7al\u0131\u015fma yap\u0131lmas\u0131 taleplerini iletti.<\/p>\n<\/p><\/div>\n<p><script async\n                    defer\n                    crossorigin=\"anonymous\"\n                    src=\"https:\/\/connect.facebook.net\/tr_TR\/sdk.js#xfbml=1&#038;version=v3.3\"\n            ><\/script><br \/>\n<br \/><br \/>\n<br \/><a href=\"https:\/\/brtk.net\/cumhurbaskani-tatar-cam-kese-boceginin-yarattigi-sorunlari-ve-yapilabilecekleri-gorusmek-icin-ilgili-dernek-yetkililerini-kabul-etti\/\">Kaynak BRT <\/a><\/p>\n","protected":false},"excerpt":{"rendered":"<p>Cumhurba\u015fkan\u0131 Ersin Tatar, \u00e7am kese b\u00f6ce\u011finin yaratt\u0131\u011f\u0131 sorunlar\u0131 ve yap\u0131labilecekleri g\u00f6r\u00fc\u015fmek i\u00e7in\u00a0 ilgili dernek yetkililerini kabul etti. Cumhurba\u015fkanl\u0131\u011f\u0131ndan verilen bilgiye g\u00f6re, kabulde, KEMA Vakf\u0131 M\u00fctevelli Heyeti Ba\u015fkan\u0131 \u0130lkay \u0130lseven, KEMA Vakf\u0131 Kurucular Kurulu Ba\u015fkan\u0131 Dr.\u00a0 Orhan Aydeniz, Ye\u015fil Bar\u0131\u015f Harekat\u0131 Ba\u015fkan\u0131 Feriha Tel, Orman M\u00fchendisleri Odas\u0131 Ba\u015fkan\u0131 Ahmet \u0130yig\u00fcn ve Tabipler Birli\u011fi Ba\u015fkan\u0131 Cemal Mert [&hellip;]<\/p>\n","protected":false},"author":908,"featured_media":16742,"comment_status":"open","ping_status":"open","sticky":false,"template":"","format":"standard","meta":{"_jetpack_memberships_contains_paid_content":false,"footnotes":"","jetpack_publicize_message":"","jetpack_publicize_feature_enabled":true,"jetpack_social_post_already_shared":true,"jetpack_social_options":{"image_generator_settings":{"template":"highway","default_image_id":0,"font":"","enabled":false},"version":2}},"categories":[253],"tags":[],"class_list":["post-16741","post","type-post","status-publish","format-standard","has-post-thumbnail","hentry","category-gundem"],"jetpack_publicize_connections":[],"jetpack_featured_media_url":"https:\/\/kibrisayna.com\/wp-content\/uploads\/2025\/01\/TATAR-KEMA-VAKFI3.jpg","jetpack_sharing_enabled":true,"_links":{"self":[{"href":"https:\/\/kibrisayna.com\/index.php\/wp-json\/wp\/v2\/posts\/16741","targetHints":{"allow":["GET"]}}],"collection":[{"href":"https:\/\/kibrisayna.com\/index.php\/wp-json\/wp\/v2\/posts"}],"about":[{"href":"https:\/\/kibrisayna.com\/index.php\/wp-json\/wp\/v2\/types\/post"}],"author":[{"embeddable":true,"href":"https:\/\/kibrisayna.com\/index.php\/wp-json\/wp\/v2\/users\/908"}],"replies":[{"embeddable":true,"href":"https:\/\/kibrisayna.com\/index.php\/wp-json\/wp\/v2\/comments?post=16741"}],"version-history":[{"count":0,"href":"https:\/\/kibrisayna.com\/index.php\/wp-json\/wp\/v2\/posts\/16741\/revisions"}],"wp:featuredmedia":[{"embeddable":true,"href":"https:\/\/kibrisayna.com\/index.php\/wp-json\/wp\/v2\/media\/16742"}],"wp:attachment":[{"href":"https:\/\/kibrisayna.com\/index.php\/wp-json\/wp\/v2\/media?parent=16741"}],"wp:term":[{"taxonomy":"category","embeddable":true,"href":"https:\/\/kibrisayna.com\/index.php\/wp-json\/wp\/v2\/categories?post=16741"},{"taxonomy":"post_tag","embeddable":true,"href":"https:\/\/kibrisayna.com\/index.php\/wp-json\/wp\/v2\/tags?post=16741"}],"curies":[{"name":"wp","href":"https:\/\/api.w.org\/{rel}","templated":true}]}}