{"id":16736,"date":"2025-01-16T18:27:30","date_gmt":"2025-01-16T15:27:30","guid":{"rendered":"https:\/\/kibrisayna.com\/index.php\/2025\/01\/16\/ctp-magusa-ilcesi-25-olagan-kongresi-yapildi-oktay-kayalp-yeniden-baskan-secildi-brtk\/"},"modified":"2025-01-16T18:27:30","modified_gmt":"2025-01-16T15:27:30","slug":"ctp-magusa-ilcesi-25-olagan-kongresi-yapildi-oktay-kayalp-yeniden-baskan-secildi-brtk","status":"publish","type":"post","link":"https:\/\/kibrisayna.com\/index.php\/2025\/01\/16\/ctp-magusa-ilcesi-25-olagan-kongresi-yapildi-oktay-kayalp-yeniden-baskan-secildi-brtk\/","title":{"rendered":"CTP Ma\u011fusa \u0130l\u00e7esi 25. Ola\u011fan Kongresi yap\u0131ld\u0131. Oktay Kayalp yeniden ba\u015fkan se\u00e7ildi \u2013 BRTK"},"content":{"rendered":"<p> <br \/>\n<\/p>\n<div>\n<div class=\"mariselle-image-container none\">\n                <img loading=\"lazy\" decoding=\"async\" width=\"928\" height=\"442\" class=\"lazy-image\" alt=\"\" sizes=\"auto, (max-width: 928px) 100vw, 928px\" src=\"https:\/\/brtk.net\/wp-content\/uploads\/2025\/01\/16\/CTP-Magusa-Kongresi2.jpg?ver=78e3f495b03c807aa1df9b5e565fbd87\" srcset=\"https:\/\/brtk.net\/wp-content\/uploads\/2025\/01\/16\/CTP-Magusa-Kongresi2.jpg?ver=78e3f495b03c807aa1df9b5e565fbd87 928w, https:\/\/brtk.net\/wp-content\/uploads\/2025\/01\/16\/CTP-Magusa-Kongresi2-300x143.jpg?ver=78e3f495b03c807aa1df9b5e565fbd87 300w, https:\/\/brtk.net\/wp-content\/uploads\/2025\/01\/16\/CTP-Magusa-Kongresi2-768x366.jpg?ver=78e3f495b03c807aa1df9b5e565fbd87 768w\"\/>                            <\/div>\n<p>Cumhuriyet\u00e7i T\u00fcrk Partisi (CTP) Ma\u011fusa \u0130l\u00e7esi 25. Ola\u011fan Kongresi\u2019ni d\u00fcn ak\u015fam yap\u0131ld\u0131. Ba\u015fkanl\u0131k g\u00f6revini y\u00fcr\u00fcten Oktay Kayalp \u00fcyelerin deste\u011fiyle yeniden se\u00e7ildi.<\/p>\n<p>CTP\u2019den yap\u0131lan a\u00e7\u0131klamaya g\u00f6re, divan\u0131n olu\u015fturulmas\u0131yla ba\u015flayan kongre, konu\u015fmalar, faaliyet ve mali raporlar\u0131n okunmas\u0131 ile devam etti, ard\u0131ndan organlar\u0131n tan\u0131t\u0131m\u0131na ge\u00e7ilerek sonland\u0131r\u0131ld\u0131.<\/p>\n<p>Kongrede Genel Ba\u015fkan Tufan Erh\u00fcrman ve Ma\u011fusa \u0130l\u00e7e Ba\u015fkan\u0131 Oktay Kayalp konu\u015fma yapt\u0131. Kongreye CTP Genel Sekreteri As\u0131m Akansoy, Ma\u011fusa Belediye Ba\u015fkan\u0131 S\u00fcleyman Ulu\u00e7ay, Mesarya Belediye Ba\u015fkan\u0131 Ahmet Latif, milletvekilleri, MYK ve PM \u00fcyeleri ile partililer kat\u0131ld\u0131. G\u00fcney K\u0131br\u0131s\u2019ta faaliyet g\u00f6steren siyasi partiler AKEL ile VOLT\u2019tan da temsilciler kongreye kat\u0131larak konu\u015fma yapt\u0131.<\/p>\n<p>CTP Genel Ba\u015fkan\u0131 Tufan Erh\u00fcrman, CTP Ma\u011fusa \u0130l\u00e7esi 25. Ola\u011fan Kongresi\u2019nde yapt\u0131\u011f\u0131 konu\u015fmada, ge\u00e7mi\u015fe dair de\u011ferlendirmelerde bulunurken, 2025 y\u0131l\u0131na ili\u015fkin hedef ve beklentilere dikkat \u00e7ekti.<\/p>\n<p>Erh\u00fcrman, konu\u015fmas\u0131na Ma\u011fusa\u2019da bulunman\u0131n kendisine verdi\u011fi \u00f6zel hisleri dile getirerek ba\u015flad\u0131 ve \u015eampiyon Melekleri anarak, onlar\u0131 asla unutmayacaklar\u0131n\u0131 vurgulad\u0131. Erh\u00fcrman, \u201cMaalesef Ma\u011fusa dedi\u011fimizde \u00f6nce bir susar ve onlar\u0131 anar\u0131z.\u201d ifadelerini kulland\u0131.<\/p>\n<p>2024 y\u0131l\u0131n\u0131n toplumsal a\u00e7\u0131dan karanl\u0131k bir d\u00f6nem olarak hat\u0131rlanaca\u011f\u0131n\u0131 ifade eden Erh\u00fcrman, \u201c2024 kendili\u011finden k\u00f6t\u00fc olmad\u0131, y\u00f6netimin umursamazl\u0131\u011f\u0131 bu sorunlar\u0131 b\u00fcy\u00fctt\u00fc\u201d dedi. 2025 y\u0131l\u0131n\u0131 ise \u201ck\u00f6t\u00fc parantezi kapatman\u0131n y\u0131l\u0131\u201d olarak tan\u0131mlayan Erh\u00fcrman, K\u0131br\u0131s T\u00fcrk halk\u0131n\u0131n gelece\u011fine dair umutlar\u0131n\u0131 tazelediklerini belirtti.<\/p>\n<p>Erh\u00fcrman, \u201cCTP sadece iddial\u0131 de\u011fil, bu halk i\u00e7in y\u00f6netmeye yazg\u0131l\u0131d\u0131r.\u201d dedi. CTP\u2019nin yaln\u0131zca se\u00e7im kazanmak i\u00e7in de\u011fil, insan onuruna yara\u015f\u0131r bir hayat sunmak i\u00e7in m\u00fccadele etti\u011fini vurgulayan Erh\u00fcrman, CTP\u2019nin toplumun her kesimine ula\u015fma sorumlulu\u011fu ta\u015f\u0131d\u0131\u011f\u0131n\u0131 belirtti.<\/p>\n<p>\u201cBu m\u00fccadele art\u0131k bir varolu\u015f m\u00fccadelesidir.\u201d ifadelerini kullanan Erh\u00fcrman, \u201cYa hep beraber ya hi\u00e7birimiz.\u201d diyerek birlik ve dayan\u0131\u015fma \u00e7a\u011fr\u0131s\u0131 yapt\u0131.<br \/>CTP\u2019nin 54 y\u0131ll\u0131k birikimine de\u011finen Erh\u00fcrman, \u201cBu ada \u00fczerinde s\u00fcrd\u00fcr\u00fclebilir bir \u00e7\u00f6z\u00fcme ula\u015fabilece\u011fimize inan\u0131yoruz. \u00c7\u00f6z\u00fcms\u00fczl\u00fck, \u00e7\u00f6z\u00fcm de\u011fildir.\u201d dedi.<\/p>\n<p>Erh\u00fcrman, konu\u015fmas\u0131n\u0131 \u015fu \u00e7a\u011fr\u0131yla tamamlad\u0131: \u201cUmut vard\u0131r, biz halk\u0131z, biz var\u0131z. 2025, CTP\u2019nin en \u00e7ok \u00e7al\u0131\u015ft\u0131\u011f\u0131 y\u0131l olacak ve bu k\u00f6t\u00fc parantezi hep birlikte kapataca\u011f\u0131z.\u201d<\/p>\n<p>Oktay Kayalp ise, 3 A\u011fustos 2022\u2019de g\u00f6reve gelen ve yakla\u015f\u0131k 2,5 y\u0131l boyunca g\u00f6rev yapan il\u00e7e y\u00f6netimi ve disiplin kurulu \u00fcyelerine te\u015fekk\u00fcr ederek, pandemi sonras\u0131 d\u00f6nemde yapt\u0131klar\u0131 \u00f6zverili \u00e7al\u0131\u015fmalara dikkat \u00e7ekti.<\/p>\n<p>\u201cHalk\u0131m\u0131za sahip \u00e7\u0131kt\u0131k ve parti \u00f6rg\u00fct\u00fcm\u00fcz\u00fcn motivasyonunu art\u0131rmak i\u00e7in yo\u011fun \u00e7aba harcad\u0131k.\u201d diyen Kayalp, bu s\u00fcre\u00e7te \u00e7o\u011funlu\u011fu gen\u00e7lerden olu\u015fan 254 yeni \u00fcyeyle partinin g\u00fcc\u00fcn\u00fc art\u0131rd\u0131klar\u0131n\u0131 belirtti.<br \/>6 \u015eubat Depremi sonras\u0131nda Ma\u011fusa il\u00e7esi olarak moral ve destek konusunda aktif rol oynad\u0131klar\u0131n\u0131 ifade eden Kayalp, \u201c\u00dclkemiz ve Ma\u011fusa b\u00fcy\u00fck bir travma ya\u015fad\u0131. Bu zor g\u00fcnlerde halk\u0131m\u0131z\u0131n yan\u0131nda olduk.\u201d dedi.<\/p>\n<p>2022 yerel se\u00e7imlerinde elde edilen ba\u015far\u0131ya da de\u011finen Kayalp, partilerinin Ma\u011fusa Belediyesi\u2019ni geri kazanarak ve Mesarya Belediyesi\u2019ni alarak \u00f6nemli bir ba\u015far\u0131ya imza att\u0131\u011f\u0131n\u0131, ancak Ge\u00e7itkale Belediyesi\u2019nin kaybedildi\u011fine dikkat \u00e7ekti. Kayalp, yerel y\u00f6netimlerde CTP\u2019nin \u00f6rnek g\u00f6sterilen bir marka oldu\u011funu vurgulad\u0131.<\/p>\n<p>Oktay Kayalp, CTP\u2019nin temel hedefinin tek ba\u015f\u0131na iktidar oldu\u011funu belirterek, konu\u015fmas\u0131n\u0131 \u015f\u00f6yle s\u00fcrd\u00fcrd\u00fc:<br \/>\u201cDenenmemi\u015f tek y\u00f6netim, CTP\u2019nin tek ba\u015f\u0131na iktidar\u0131d\u0131r. 2025 y\u0131l\u0131nda Cumhurba\u015fkanl\u0131\u011f\u0131 se\u00e7imlerinde ikinci kez zafer kazanaca\u011f\u0131z. Bu yolda en b\u00fcy\u00fck hedefimiz Tufan Erh\u00fcrman\u2019\u0131 Cumhurba\u015fkan\u0131 yapmakt\u0131r.\u201d<br \/>Kayalp, parti olarak \u00f6rg\u00fctsel eksiklikleri tespit ettiklerini ve bu do\u011frultuda \u00e7al\u0131\u015fmalar\u0131n\u0131 s\u00fcrd\u00fcrd\u00fcklerini ifade ederek, \u201c50 y\u0131ld\u0131r u\u011fra\u015f verdi\u011fimiz \u00fclkemizin birle\u015fmesi m\u00fccadelesinde tek yol, CTP\u2019nin iktidar\u0131 ve Tufan Erh\u00fcrman\u2019\u0131n Cumhurba\u015fkanl\u0131\u011f\u0131d\u0131r. Bu hedefe ba\u015far\u0131yla ula\u015faca\u011f\u0131z.\u201d dedi.<\/p>\n<p>CTP Ma\u011fusa \u0130l\u00e7esi\u2019nin yeni d\u00f6nemde de ayn\u0131 \u00f6zveriyle \u00e7al\u0131\u015fmaya devam edece\u011fini belirten Kayalp, alt\u0131 belediyenin de kazan\u0131lmas\u0131 i\u00e7in kararl\u0131l\u0131kla yola \u00e7\u0131kacaklar\u0131n\u0131 kaydetti.<\/p>\n<p>CTP Ma\u011fusa \u0130l\u00e7e Y\u00f6netim Kurulu listesi \u015fu isimlerden olu\u015ftu:<\/p>\n<p>\u201cAhmet \u0130lkta\u00e7, Erhun \u015eahali, Ersun Ayta\u00e7, Halide Dalokay, Hasan Can Sermet, Hasan \u00d6zta\u015f, H\u00fcseyin Aran\u0131r, Mine Karaca, M\u00fcgen Evram, Veli Tepe.<\/p>\n<p>\u0130l\u00e7e Disiplin Kurulu \u00dcyeleri: Ahmet \u015eafak \u0130lkta\u00e7, Ay\u015feg\u00fcl Sakall\u0131, Haluk \u00d6z\u00fc\u015fen, H\u00fcseyin Manik, Mustafa Toto.\u201d<\/p>\n<\/p><\/div>\n<p><script async\n                    defer\n                    crossorigin=\"anonymous\"\n                    src=\"https:\/\/connect.facebook.net\/tr_TR\/sdk.js#xfbml=1&#038;version=v3.3\"\n            ><\/script><br \/>\n<br \/><br \/>\n<br \/><a href=\"https:\/\/brtk.net\/ctp-magusa-ilcesi-25-olagan-kongresi-yapildi-oktay-kayalp-yeniden-baskan-secildi\/\">Kaynak BRT <\/a><\/p>\n","protected":false},"excerpt":{"rendered":"<p>Cumhuriyet\u00e7i T\u00fcrk Partisi (CTP) Ma\u011fusa \u0130l\u00e7esi 25. Ola\u011fan Kongresi\u2019ni d\u00fcn ak\u015fam yap\u0131ld\u0131. Ba\u015fkanl\u0131k g\u00f6revini y\u00fcr\u00fcten Oktay Kayalp \u00fcyelerin deste\u011fiyle yeniden se\u00e7ildi. CTP\u2019den yap\u0131lan a\u00e7\u0131klamaya g\u00f6re, divan\u0131n olu\u015fturulmas\u0131yla ba\u015flayan kongre, konu\u015fmalar, faaliyet ve mali raporlar\u0131n okunmas\u0131 ile devam etti, ard\u0131ndan organlar\u0131n tan\u0131t\u0131m\u0131na ge\u00e7ilerek sonland\u0131r\u0131ld\u0131. Kongrede Genel Ba\u015fkan Tufan Erh\u00fcrman ve Ma\u011fusa \u0130l\u00e7e Ba\u015fkan\u0131 Oktay Kayalp konu\u015fma [&hellip;]<\/p>\n","protected":false},"author":908,"featured_media":16737,"comment_status":"open","ping_status":"open","sticky":false,"template":"","format":"standard","meta":{"_jetpack_memberships_contains_paid_content":false,"footnotes":"","jetpack_publicize_message":"","jetpack_publicize_feature_enabled":true,"jetpack_social_post_already_shared":true,"jetpack_social_options":{"image_generator_settings":{"template":"highway","default_image_id":0,"font":"","enabled":false},"version":2}},"categories":[253],"tags":[],"class_list":["post-16736","post","type-post","status-publish","format-standard","has-post-thumbnail","hentry","category-gundem"],"jetpack_publicize_connections":[],"jetpack_featured_media_url":"https:\/\/kibrisayna.com\/wp-content\/uploads\/2025\/01\/CTP-Magusa-Kongresi2.jpg","jetpack_sharing_enabled":true,"_links":{"self":[{"href":"https:\/\/kibrisayna.com\/index.php\/wp-json\/wp\/v2\/posts\/16736","targetHints":{"allow":["GET"]}}],"collection":[{"href":"https:\/\/kibrisayna.com\/index.php\/wp-json\/wp\/v2\/posts"}],"about":[{"href":"https:\/\/kibrisayna.com\/index.php\/wp-json\/wp\/v2\/types\/post"}],"author":[{"embeddable":true,"href":"https:\/\/kibrisayna.com\/index.php\/wp-json\/wp\/v2\/users\/908"}],"replies":[{"embeddable":true,"href":"https:\/\/kibrisayna.com\/index.php\/wp-json\/wp\/v2\/comments?post=16736"}],"version-history":[{"count":0,"href":"https:\/\/kibrisayna.com\/index.php\/wp-json\/wp\/v2\/posts\/16736\/revisions"}],"wp:featuredmedia":[{"embeddable":true,"href":"https:\/\/kibrisayna.com\/index.php\/wp-json\/wp\/v2\/media\/16737"}],"wp:attachment":[{"href":"https:\/\/kibrisayna.com\/index.php\/wp-json\/wp\/v2\/media?parent=16736"}],"wp:term":[{"taxonomy":"category","embeddable":true,"href":"https:\/\/kibrisayna.com\/index.php\/wp-json\/wp\/v2\/categories?post=16736"},{"taxonomy":"post_tag","embeddable":true,"href":"https:\/\/kibrisayna.com\/index.php\/wp-json\/wp\/v2\/tags?post=16736"}],"curies":[{"name":"wp","href":"https:\/\/api.w.org\/{rel}","templated":true}]}}