{"id":16734,"date":"2025-01-16T18:20:10","date_gmt":"2025-01-16T15:20:10","guid":{"rendered":"https:\/\/kibrisayna.com\/index.php\/2025\/01\/16\/ombudsman-ilkan-varol-uluslararasi-1-arabuluculuk-surasina-katildi-brtk\/"},"modified":"2025-01-16T18:20:10","modified_gmt":"2025-01-16T15:20:10","slug":"ombudsman-ilkan-varol-uluslararasi-1-arabuluculuk-surasina-katildi-brtk","status":"publish","type":"post","link":"https:\/\/kibrisayna.com\/index.php\/2025\/01\/16\/ombudsman-ilkan-varol-uluslararasi-1-arabuluculuk-surasina-katildi-brtk\/","title":{"rendered":"Ombudsman \u0130lkan Varol, Uluslararas\u0131 1. Arabuluculuk \u015euras\u0131\u2019na kat\u0131ld\u0131 \u2013 BRTK"},"content":{"rendered":"<p> <br \/>\n<\/p>\n<div>\n<div class=\"mariselle-image-container none\">\n                <img loading=\"lazy\" decoding=\"async\" width=\"930\" height=\"521\" class=\"lazy-image\" alt=\"\" sizes=\"auto, (max-width: 930px) 100vw, 930px\" src=\"https:\/\/brtk.net\/wp-content\/uploads\/2025\/01\/16\/OMBUDSMAN-SURA2.jpeg?ver=e366a03329604e45e5aeda531c0de611\" srcset=\"https:\/\/brtk.net\/wp-content\/uploads\/2025\/01\/16\/OMBUDSMAN-SURA2.jpeg?ver=e366a03329604e45e5aeda531c0de611 930w, https:\/\/brtk.net\/wp-content\/uploads\/2025\/01\/16\/OMBUDSMAN-SURA2-300x168.jpeg?ver=fe01be1fd8f7bf280199965b551c7dce 300w, https:\/\/brtk.net\/wp-content\/uploads\/2025\/01\/16\/OMBUDSMAN-SURA2-768x430.jpeg?ver=fe01be1fd8f7bf280199965b551c7dce 768w\"\/>                            <\/div>\n<p>Y\u00fcksek Y\u00f6netim Denet\u00e7isi (Ombudsman) \u0130lkan Varol, T\u00fcrk D\u00fcnyas\u0131 Arabulucular Birli\u011fi taraf\u0131ndan Ankara\u2019da d\u00fczenlenen Uluslararas\u0131 1. Arabuluculuk \u015euras\u0131\u2019na kat\u0131ld\u0131.<\/p>\n<p>\u201cAlternatif Uyu\u015fmazl\u0131k \u00c7\u00f6z\u00fcm Yollar\u0131 ve Arabuluculuk\u201d \u00fczerine yap\u0131lan oturumda konu\u015fma yapan Varol, k\u00fcreselle\u015fen d\u00fcnyada arabuluculuk, tahkim ve uzla\u015fma gibi y\u00f6ntemlerin \u00f6nemine vurgu yapt\u0131.<\/p>\n<p>Konuyla ilgili a\u00e7\u0131klama yapan Varol, etkinlikte yapt\u0131\u011f\u0131 konu\u015fmada, geleneksel yarg\u0131 s\u00fcre\u00e7lerinin uzun ve maliyetli olabilece\u011fini belirterek, bu s\u00fcre\u00e7lerin yerine daha pratik ve dostane \u00e7\u00f6z\u00fcm yollar\u0131 sunan alternatif uyu\u015fmazl\u0131k y\u00f6ntemlerinin h\u0131zla yayg\u0131nla\u015ft\u0131\u011f\u0131n\u0131 ifade etti.\u00a0Varol, alternatif uyu\u015fmazl\u0131k \u00e7\u00f6z\u00fcm yollar\u0131n\u0131n yaln\u0131zca hukuki de\u011fil, ayn\u0131 zamanda duygusal ve sosyal boyutlar\u0131 da i\u00e7erdi\u011fini vurgulayarak, \u00f6zellikle arabuluculuk s\u00fcrecinin taraflar\u0131n ileti\u015fim ve i\u015f birli\u011fini g\u00fc\u00e7lendiren etkisine dikkat \u00e7ekti.<\/p>\n<p>Konu\u015fmas\u0131nda, Kuzey K\u0131br\u0131s T\u00fcrk Cumhuriyeti\u2019nde alternatif uyu\u015fmazl\u0131k \u00e7\u00f6z\u00fcm yollar\u0131yla ilgili yasal d\u00fczenlemelere de de\u011finen Varol, mevcut mevzuat\u0131n tahkim y\u00f6ntemine y\u00f6nelik h\u00fck\u00fcmler i\u00e7erdi\u011fini, ancak uluslararas\u0131 standartlar\u0131 yakalamak ad\u0131na daha kapsaml\u0131 d\u00fczenlemelere ihtiya\u00e7 duyuldu\u011funu belirtti.\u00a0Varol ayr\u0131ca, arabuluculu\u011fun bu d\u00fczenlemelere entegrasyonunun, KKTC\u2019de alternatif uyu\u015fmazl\u0131k \u00e7\u00f6z\u00fcm altyap\u0131s\u0131n\u0131n geli\u015fimine katk\u0131 sa\u011flayaca\u011f\u0131n\u0131 dile getirdi.<\/p>\n<p>Arabuluculuk, tahkim ve uzla\u015fma gibi y\u00f6ntemlerin yaln\u0131zca hukuki de\u011fil, ayn\u0131 zamanda toplumsal bar\u0131\u015f\u0131n sa\u011flanmas\u0131na da hizmet etti\u011fini ifade eden Varol, bu yakla\u015f\u0131mlar\u0131n adil bir d\u00fcnya ve k\u00fcresel i\u015f birli\u011fi i\u00e7in tamamlay\u0131c\u0131 bir unsur oldu\u011funa dikkat \u00e7ekti.<\/p>\n<p>Alternatif uyu\u015fmazl\u0131k \u00e7\u00f6z\u00fcm\u00fcn\u00fcn, tarihsel geli\u015fimi i\u00e7inde, \u00f6zellikle miktar de\u011feri az olan uyu\u015fmazl\u0131klarda, tazminat taleplerinde, kom\u015fu uyu\u015fmazl\u0131klar\u0131nda, i\u015f uyu\u015fmazl\u0131klar\u0131nda, e\u015fler aras\u0131 uyu\u015fmazl\u0131klarda, t\u00fcketici uyu\u015fmazl\u0131klar\u0131nda ve \u00f6zellikle ticari uyu\u015fmazl\u0131klar\u0131n \u00e7\u00f6z\u00fcm\u00fcnde yayg\u0131n olarak kullan\u0131ld\u0131\u011f\u0131na dikkat \u00e7eken Varol, \u201cUyu\u015fmazl\u0131klar\u0131n alternatif \u00e7\u00f6z\u00fcm y\u00f6ntemleri \u00e7e\u015fitlidir. Bu y\u00f6ntemler i\u00e7inde \u00f6zellikle arabuluculuk yayg\u0131n ve yo\u011fun bir \u015fekilde kullan\u0131lmaktad\u0131r. Di\u011fer y\u00f6ntemlerin kullan\u0131m\u0131 da y\u0131llar itibar\u0131yla art\u0131\u015f g\u00f6stermektedir. Her bir y\u00f6ntem, birbirinden farkl\u0131 \u00f6zellikler ta\u015f\u0131makta, ula\u015f\u0131labilecek \u00e7\u00f6z\u00fcmler de birbirinden farkl\u0131l\u0131k g\u00f6sterebilmektedir.\u201d ifadelerini kulland\u0131.<\/p>\n<p>Bir\u00e7ok \u00fclkede yasal d\u00fczenlemelerle desteklenen arabuluculu\u011fun, anla\u015fmazl\u0131klar\u0131n gizlili\u011fini koruma ilkesini de g\u00f6zetti\u011fine de\u011finen Varol, arabuluculu\u011fun taraflar aras\u0131ndaki ili\u015fkiyi y\u0131pratmadan soruna \u00e7\u00f6z\u00fcm bulunmas\u0131n\u0131 sa\u011flad\u0131\u011f\u0131 ve \u00e7\u00f6z\u00fcm\u00fcn, taraflar\u0131n ortak r\u0131zas\u0131na dayand\u0131\u011f\u0131 i\u00e7in daha kal\u0131c\u0131 ve s\u00fcrd\u00fcr\u00fclebilir hale geldi\u011fini kaydetti.<\/p>\n<p>Varol s\u00f6zlerini \u015f\u00f6yle tamamlad\u0131:<\/p>\n<p>\u201cAlternatif Uyu\u015fmazl\u0131k \u00c7\u00f6z\u00fcm y\u00f6ntemleri, yaln\u0131zca taraflar\u0131n anla\u015fmazl\u0131klar\u0131n\u0131 \u00e7\u00f6zmelerine yard\u0131mc\u0131 olmakla kalmay\u0131p, ayn\u0131 zamanda sosyal ili\u015fkilerin korunmas\u0131na ve gelecekte olu\u015fabilecek anla\u015fmazl\u0131klar\u0131n \u00f6nlenmesine de katk\u0131 sa\u011flar.\u00a0Adaletin yaln\u0131zca mahkeme salonlar\u0131nda de\u011fil, kar\u015f\u0131l\u0131kl\u0131 empati, sayg\u0131 ve i\u015fbirli\u011fi ile sa\u011flanabilece\u011fini savunan Alternatif Uyu\u015fmazl\u0131k \u00c7\u00f6z\u00fcm y\u00f6ntemlerinin, yarg\u0131 sistemi ile birlikte, bar\u0131\u015f\u00e7\u0131l bir toplum ve k\u00fcresel i\u015f birli\u011fi i\u00e7in tamamlay\u0131c\u0131 bir unsur olarak daha fazla benimsenmesi gerekti\u011fi inanc\u0131nday\u0131m.\u201d<\/p>\n<p>\u00a0<\/p>\n<\/p><\/div>\n<p><script async\n                    defer\n                    crossorigin=\"anonymous\"\n                    src=\"https:\/\/connect.facebook.net\/tr_TR\/sdk.js#xfbml=1&#038;version=v3.3\"\n            ><\/script><br \/>\n<br \/><br \/>\n<br \/><a href=\"https:\/\/brtk.net\/ombudsman-ilkan-varol-uluslararasi-1-arabuluculuk-surasina-katildi\/\">Kaynak BRT <\/a><\/p>\n","protected":false},"excerpt":{"rendered":"<p>Y\u00fcksek Y\u00f6netim Denet\u00e7isi (Ombudsman) \u0130lkan Varol, T\u00fcrk D\u00fcnyas\u0131 Arabulucular Birli\u011fi taraf\u0131ndan Ankara\u2019da d\u00fczenlenen Uluslararas\u0131 1. Arabuluculuk \u015euras\u0131\u2019na kat\u0131ld\u0131. \u201cAlternatif Uyu\u015fmazl\u0131k \u00c7\u00f6z\u00fcm Yollar\u0131 ve Arabuluculuk\u201d \u00fczerine yap\u0131lan oturumda konu\u015fma yapan Varol, k\u00fcreselle\u015fen d\u00fcnyada arabuluculuk, tahkim ve uzla\u015fma gibi y\u00f6ntemlerin \u00f6nemine vurgu yapt\u0131. Konuyla ilgili a\u00e7\u0131klama yapan Varol, etkinlikte yapt\u0131\u011f\u0131 konu\u015fmada, geleneksel yarg\u0131 s\u00fcre\u00e7lerinin uzun ve maliyetli [&hellip;]<\/p>\n","protected":false},"author":908,"featured_media":16735,"comment_status":"open","ping_status":"open","sticky":false,"template":"","format":"standard","meta":{"_jetpack_memberships_contains_paid_content":false,"footnotes":"","jetpack_publicize_message":"","jetpack_publicize_feature_enabled":true,"jetpack_social_post_already_shared":true,"jetpack_social_options":{"image_generator_settings":{"template":"highway","default_image_id":0,"font":"","enabled":false},"version":2}},"categories":[253],"tags":[],"class_list":["post-16734","post","type-post","status-publish","format-standard","has-post-thumbnail","hentry","category-gundem"],"jetpack_publicize_connections":[],"jetpack_featured_media_url":"https:\/\/kibrisayna.com\/wp-content\/uploads\/2025\/01\/OMBUDSMAN-SURA2.jpeg","jetpack_sharing_enabled":true,"_links":{"self":[{"href":"https:\/\/kibrisayna.com\/index.php\/wp-json\/wp\/v2\/posts\/16734","targetHints":{"allow":["GET"]}}],"collection":[{"href":"https:\/\/kibrisayna.com\/index.php\/wp-json\/wp\/v2\/posts"}],"about":[{"href":"https:\/\/kibrisayna.com\/index.php\/wp-json\/wp\/v2\/types\/post"}],"author":[{"embeddable":true,"href":"https:\/\/kibrisayna.com\/index.php\/wp-json\/wp\/v2\/users\/908"}],"replies":[{"embeddable":true,"href":"https:\/\/kibrisayna.com\/index.php\/wp-json\/wp\/v2\/comments?post=16734"}],"version-history":[{"count":0,"href":"https:\/\/kibrisayna.com\/index.php\/wp-json\/wp\/v2\/posts\/16734\/revisions"}],"wp:featuredmedia":[{"embeddable":true,"href":"https:\/\/kibrisayna.com\/index.php\/wp-json\/wp\/v2\/media\/16735"}],"wp:attachment":[{"href":"https:\/\/kibrisayna.com\/index.php\/wp-json\/wp\/v2\/media?parent=16734"}],"wp:term":[{"taxonomy":"category","embeddable":true,"href":"https:\/\/kibrisayna.com\/index.php\/wp-json\/wp\/v2\/categories?post=16734"},{"taxonomy":"post_tag","embeddable":true,"href":"https:\/\/kibrisayna.com\/index.php\/wp-json\/wp\/v2\/tags?post=16734"}],"curies":[{"name":"wp","href":"https:\/\/api.w.org\/{rel}","templated":true}]}}