{"id":16732,"date":"2025-01-16T18:14:17","date_gmt":"2025-01-16T15:14:17","guid":{"rendered":"https:\/\/kibrisayna.com\/index.php\/2025\/01\/16\/toplumsal-cinsiyet-esitligi-ve-saglikli-iliskiler-egitimi-tamamlandi-brtk\/"},"modified":"2025-01-16T18:14:17","modified_gmt":"2025-01-16T15:14:17","slug":"toplumsal-cinsiyet-esitligi-ve-saglikli-iliskiler-egitimi-tamamlandi-brtk","status":"publish","type":"post","link":"https:\/\/kibrisayna.com\/index.php\/2025\/01\/16\/toplumsal-cinsiyet-esitligi-ve-saglikli-iliskiler-egitimi-tamamlandi-brtk\/","title":{"rendered":"\u201cToplumsal Cinsiyet E\u015fitli\u011fi ve Sa\u011fl\u0131kl\u0131 \u0130li\u015fkiler\u201d e\u011fitimi tamamland\u0131 \u2013 BRTK"},"content":{"rendered":"<p> <br \/>\n<\/p>\n<div>\n<div class=\"mariselle-image-container none\">\n                <img loading=\"lazy\" decoding=\"async\" width=\"930\" height=\"400\" class=\"lazy-image\" alt=\"\" sizes=\"auto, (max-width: 930px) 100vw, 930px\" src=\"https:\/\/brtk.net\/wp-content\/uploads\/2025\/01\/16\/SOS-KAYAD-AFIS.jpg?ver=91bb22517f6169f11b98feec4791ee82\" srcset=\"https:\/\/brtk.net\/wp-content\/uploads\/2025\/01\/16\/SOS-KAYAD-AFIS.jpg?ver=91bb22517f6169f11b98feec4791ee82 930w, https:\/\/brtk.net\/wp-content\/uploads\/2025\/01\/16\/SOS-KAYAD-AFIS-300x129.jpg?ver=91bb22517f6169f11b98feec4791ee82 300w, https:\/\/brtk.net\/wp-content\/uploads\/2025\/01\/16\/SOS-KAYAD-AFIS-768x330.jpg?ver=7821660a22514502b924c4cbddd07741 768w\"\/>                            <\/div>\n<p>SOS \u00c7ocuk K\u00f6y\u00fc\u2019nde bak\u0131m g\u00f6ren \u00e7ocuklar ve gen\u00e7lere y\u00f6nelik \u201cToplumsal Cinsiyet E\u015fitli\u011fi ve Sa\u011fl\u0131kl\u0131 \u0130li\u015fkiler\u201d konulu e\u011fitimler tamamland\u0131.<\/p>\n<p>SOS \u00c7ocuk K\u00f6y\u00fc\u2019nden yap\u0131lan a\u00e7\u0131klamaya g\u00f6re, Kad\u0131ndan Ya\u015fama Destek Derne\u011fi (KAYAD) ve SOS \u00c7ocukk\u00f6y\u00fc Derne\u011fi i\u015f birli\u011fiyle d\u00fczenlenen e\u011fitimler, KAYAD taraf\u0131ndan, alan\u0131nda uzman e\u011fitmenler ve uzmanlar\u0131n liderli\u011finde haz\u0131rlanarak verildi.<\/p>\n<p>Ortaokul \u00e7a\u011f\u0131ndaki \u00e7ocuklarda toplumsal cinsiyet e\u015fitli\u011fi bilincinin geli\u015fmesini hedefleyen e\u011fitimlerde; cinsiyet temelli \u015fiddet, e\u015fitlik temelinde sa\u011fl\u0131kl\u0131 ili\u015fki, beden, cinsel yolla bula\u015fan hastal\u0131klar ve korunma y\u00f6ntemleriyle ilgili bilimsel veriler aktar\u0131ld\u0131.<\/p>\n<p>KAYAD ad\u0131na e\u011fitimlerde bulunan Proje Koordinat\u00f6r\u00fc Avukat Mine Atl\u0131, \u00e7ocuk ve gen\u00e7lerin sa\u011fl\u0131kl\u0131 bireyler olarak topluma kat\u0131labilmesi, cinsiyet temelli \u015fiddet ve ev i\u00e7i \u015fiddetin son bulabilmesi i\u00e7in toplumsal cinsiyet e\u015fitli\u011fi bilincinin \u00f6nemine vurgu yapt\u0131. Atl\u0131, \u201cBug\u00fcn ger\u00e7ekle\u015ftirdi\u011fimiz bu e\u011fitimler, gelecekte daha adil ve e\u015fit bir toplumun temelini atmaya, \u00f6z sayg\u0131, beden b\u00fct\u00fcnl\u00fc\u011f\u00fc, cinsel kimlik bilinci ile \u00fcreme ve do\u011furganl\u0131k haklar\u0131 konular\u0131nda\u00a0 fark\u0131ndal\u0131\u011f\u0131 olan gen\u00e7 nesillerin yeti\u015fmesi ile toplumsal d\u00f6n\u00fc\u015f\u00fcm i\u00e7in yard\u0131mc\u0131 olacakt\u0131r.\u201d dedi.<\/p>\n<p>SOS \u00c7ocukk\u00f6y\u00fc Derne\u011fi Ulusal M\u00fcd\u00fcr\u00fc Ahmet Akarsu ise, bu t\u00fcr i\u015f birliklerinin \u00e7ocuklar \u00fczerindeki olumlu etkilerine vurgu yaparak, bu projede eme\u011fi ge\u00e7en herkese te\u015fekk\u00fcr etti.\u00a0Akarsu, \u201cBu e\u011fitim program\u0131, yaln\u0131zca \u00e7ocuklar\u0131n ve gen\u00e7lerin bireysel geli\u015fimlerini desteklemekle kalmad\u0131, ayn\u0131 zamanda toplumda fark\u0131ndal\u0131k yaratacak bir ad\u0131m oldu\u011funa dikkat \u00e7ekti. E\u011fitim s\u0131ras\u0131nda g\u00f6rd\u00fck ki, \u00e7ocuklar ve gen\u00e7ler bu t\u00fcr e\u011fitimlerden b\u00fcy\u00fck fayda sa\u011fl\u0131yor ve g\u00fcnl\u00fck hayatlar\u0131nda bu bilgileri uygulayabilecekler. Toplumsal cinsiyet e\u015fitli\u011fi ve sa\u011fl\u0131kl\u0131 ili\u015fkiler gibi konular\u0131n \u00e7ocuk ya\u015fta \u00f6\u011fretilmesinin, toplumun her kesiminde kal\u0131c\u0131 bir de\u011fi\u015fim yarataca\u011f\u0131na olan inanc\u0131m\u0131zla \u00e7al\u0131\u015fmalar\u0131m\u0131za devam edece\u011fiz.\u201d diye konu\u015ftu.<\/p>\n<\/p><\/div>\n<p><script async\n                    defer\n                    crossorigin=\"anonymous\"\n                    src=\"https:\/\/connect.facebook.net\/tr_TR\/sdk.js#xfbml=1&#038;version=v3.3\"\n            ><\/script><br \/>\n<br \/><br \/>\n<br \/><a href=\"https:\/\/brtk.net\/toplumsal-cinsiyet-esitligi-ve-saglikli-iliskiler-egitimi-tamamlandi\/\">Kaynak BRT <\/a><\/p>\n","protected":false},"excerpt":{"rendered":"<p>SOS \u00c7ocuk K\u00f6y\u00fc\u2019nde bak\u0131m g\u00f6ren \u00e7ocuklar ve gen\u00e7lere y\u00f6nelik \u201cToplumsal Cinsiyet E\u015fitli\u011fi ve Sa\u011fl\u0131kl\u0131 \u0130li\u015fkiler\u201d konulu e\u011fitimler tamamland\u0131. SOS \u00c7ocuk K\u00f6y\u00fc\u2019nden yap\u0131lan a\u00e7\u0131klamaya g\u00f6re, Kad\u0131ndan Ya\u015fama Destek Derne\u011fi (KAYAD) ve SOS \u00c7ocukk\u00f6y\u00fc Derne\u011fi i\u015f birli\u011fiyle d\u00fczenlenen e\u011fitimler, KAYAD taraf\u0131ndan, alan\u0131nda uzman e\u011fitmenler ve uzmanlar\u0131n liderli\u011finde haz\u0131rlanarak verildi. Ortaokul \u00e7a\u011f\u0131ndaki \u00e7ocuklarda toplumsal cinsiyet e\u015fitli\u011fi bilincinin geli\u015fmesini [&hellip;]<\/p>\n","protected":false},"author":908,"featured_media":16733,"comment_status":"open","ping_status":"open","sticky":false,"template":"","format":"standard","meta":{"_jetpack_memberships_contains_paid_content":false,"footnotes":"","jetpack_publicize_message":"","jetpack_publicize_feature_enabled":true,"jetpack_social_post_already_shared":true,"jetpack_social_options":{"image_generator_settings":{"template":"highway","default_image_id":0,"font":"","enabled":false},"version":2}},"categories":[253],"tags":[],"class_list":["post-16732","post","type-post","status-publish","format-standard","has-post-thumbnail","hentry","category-gundem"],"jetpack_publicize_connections":[],"jetpack_featured_media_url":"https:\/\/kibrisayna.com\/wp-content\/uploads\/2025\/01\/SOS-KAYAD-AFIS.jpg","jetpack_sharing_enabled":true,"_links":{"self":[{"href":"https:\/\/kibrisayna.com\/index.php\/wp-json\/wp\/v2\/posts\/16732","targetHints":{"allow":["GET"]}}],"collection":[{"href":"https:\/\/kibrisayna.com\/index.php\/wp-json\/wp\/v2\/posts"}],"about":[{"href":"https:\/\/kibrisayna.com\/index.php\/wp-json\/wp\/v2\/types\/post"}],"author":[{"embeddable":true,"href":"https:\/\/kibrisayna.com\/index.php\/wp-json\/wp\/v2\/users\/908"}],"replies":[{"embeddable":true,"href":"https:\/\/kibrisayna.com\/index.php\/wp-json\/wp\/v2\/comments?post=16732"}],"version-history":[{"count":0,"href":"https:\/\/kibrisayna.com\/index.php\/wp-json\/wp\/v2\/posts\/16732\/revisions"}],"wp:featuredmedia":[{"embeddable":true,"href":"https:\/\/kibrisayna.com\/index.php\/wp-json\/wp\/v2\/media\/16733"}],"wp:attachment":[{"href":"https:\/\/kibrisayna.com\/index.php\/wp-json\/wp\/v2\/media?parent=16732"}],"wp:term":[{"taxonomy":"category","embeddable":true,"href":"https:\/\/kibrisayna.com\/index.php\/wp-json\/wp\/v2\/categories?post=16732"},{"taxonomy":"post_tag","embeddable":true,"href":"https:\/\/kibrisayna.com\/index.php\/wp-json\/wp\/v2\/tags?post=16732"}],"curies":[{"name":"wp","href":"https:\/\/api.w.org\/{rel}","templated":true}]}}