{"id":16730,"date":"2025-01-16T18:07:15","date_gmt":"2025-01-16T15:07:15","guid":{"rendered":"https:\/\/kibrisayna.com\/index.php\/2025\/01\/16\/sef-ebru-baybara-demir-belediyeler-birliginde-sunum-yapti-brtk\/"},"modified":"2025-01-16T18:07:15","modified_gmt":"2025-01-16T15:07:15","slug":"sef-ebru-baybara-demir-belediyeler-birliginde-sunum-yapti-brtk","status":"publish","type":"post","link":"https:\/\/kibrisayna.com\/index.php\/2025\/01\/16\/sef-ebru-baybara-demir-belediyeler-birliginde-sunum-yapti-brtk\/","title":{"rendered":"\u015eef Ebru Baybara Demir, Belediyeler Birli\u011fi\u2019nde sunum yapt\u0131 \u2013 BRTK"},"content":{"rendered":"<p> <br \/>\n<\/p>\n<div>\n<div class=\"mariselle-image-container none\">\n                <img loading=\"lazy\" decoding=\"async\" width=\"929\" height=\"418\" class=\"lazy-image\" alt=\"\" sizes=\"auto, (max-width: 929px) 100vw, 929px\" src=\"https:\/\/brtk.net\/wp-content\/uploads\/2025\/01\/16\/BELEDIYELER-BIRLIGI4.jpeg?ver=47c7ade4df7446b316b51fd139bef80a\" srcset=\"https:\/\/brtk.net\/wp-content\/uploads\/2025\/01\/16\/BELEDIYELER-BIRLIGI4.jpeg?ver=47c7ade4df7446b316b51fd139bef80a 929w, https:\/\/brtk.net\/wp-content\/uploads\/2025\/01\/16\/BELEDIYELER-BIRLIGI4-300x135.jpeg?ver=47c7ade4df7446b316b51fd139bef80a 300w, https:\/\/brtk.net\/wp-content\/uploads\/2025\/01\/16\/BELEDIYELER-BIRLIGI4-768x346.jpeg?ver=47c7ade4df7446b316b51fd139bef80a 768w\"\/>                            <\/div>\n<p>\u00a0K\u0131br\u0131s T\u00fcrk Belediyeler Birli\u011fi; toprak, tar\u0131m, g\u0131da odakl\u0131 projeleri ve kad\u0131n \u00e7ift\u00e7ilerin g\u00fc\u00e7lenmesi konusundaki \u00e7al\u0131\u015fmalar\u0131yla \u201cK\u00fcresel G\u0131da Kahraman\u0131\u201d unvan\u0131na lay\u0131k g\u00f6r\u00fclen Ebru Baybara Demir\u2019i a\u011f\u0131rlad\u0131.\u00a0<\/p>\n<p>Birlikten verilen bilgiye g\u00f6re, \u201cBasque Culinary World Prize (BCWP) 2023\u201d\u00fcn kazanan\u0131 ve bu \u00f6d\u00fcl\u00fc T\u00fcrkiye\u2019ye ta\u015f\u0131yan ilk \u015fef olan Ebru Baybara Demir, K\u0131br\u0131s T\u00fcrk Belediyeler Birli\u011fi\u2019nde sunum ger\u00e7ekle\u015ftirdi.<\/p>\n<p>Belediyeler Birli\u011fi\u2019nin d\u00fczenledi\u011fi ve ev sahipli\u011fini \u00fcstlendi\u011fi, \u00e7evre dostu uygulamalar\u0131n temel ta\u015flar\u0131ndan biri olan kompost \u00fczerine ger\u00e7ekle\u015ftirilen sunuma, belediyelerden temsilciler kat\u0131ld\u0131.<\/p>\n<p>Ebru Baybara Demir, do\u011fa ve s\u00fcrd\u00fcr\u00fclebilirlik konular\u0131na verdi\u011fi \u00f6nemle tan\u0131nan bir isim olarak, kompost kullan\u0131m\u0131n\u0131n yerel y\u00f6netimlerde yayg\u0131nla\u015ft\u0131r\u0131lmas\u0131n\u0131n \u00e7evreye ve topluma katk\u0131lar\u0131n\u0131 aktard\u0131.<\/p>\n<p>Sunum, belediyeler ve Belediyeler Birli\u011fi\u2019nin ileriki d\u00f6nemde bu alanda daha fazla proje geli\u015ftirmesine de rehberlik etme hedefiyle ger\u00e7ekle\u015ftirildi.<\/p>\n<p>Do\u011fal kaynaklar\u0131n korunmas\u0131, at\u0131k y\u00f6netimi ve s\u00fcrd\u00fcr\u00fclebilir \u015fehircilik anlay\u0131\u015f\u0131na yeni bir soluk getirmeyi ama\u00e7layan bu etkinlik, belediyelerin \u00e7evre politikalar\u0131na da \u00f6nemli bir y\u00f6n vermeyi ama\u00e7l\u0131yor.<\/p>\n<p>Ebru Baybara Demir, sunumda hem teorik bilgiler hem de ba\u015far\u0131l\u0131 uygulama \u00f6rnekleriyle, kompostun belediyelerin \u00e7evre dostu projelerinde nas\u0131l yer alabilece\u011fini detayl\u0131 \u015fekilde payla\u015ft\u0131.<\/p>\n<\/p><\/div>\n<p><script async\n                    defer\n                    crossorigin=\"anonymous\"\n                    src=\"https:\/\/connect.facebook.net\/tr_TR\/sdk.js#xfbml=1&#038;version=v3.3\"\n            ><\/script><br \/>\n<br \/><br \/>\n<br \/><a href=\"https:\/\/brtk.net\/sef-ebru-baybara-demir-belediyeler-birliginde-sunum-yapti\/\">Kaynak BRT <\/a><\/p>\n","protected":false},"excerpt":{"rendered":"<p>\u00a0K\u0131br\u0131s T\u00fcrk Belediyeler Birli\u011fi; toprak, tar\u0131m, g\u0131da odakl\u0131 projeleri ve kad\u0131n \u00e7ift\u00e7ilerin g\u00fc\u00e7lenmesi konusundaki \u00e7al\u0131\u015fmalar\u0131yla \u201cK\u00fcresel G\u0131da Kahraman\u0131\u201d unvan\u0131na lay\u0131k g\u00f6r\u00fclen Ebru Baybara Demir\u2019i a\u011f\u0131rlad\u0131.\u00a0 Birlikten verilen bilgiye g\u00f6re, \u201cBasque Culinary World Prize (BCWP) 2023\u201d\u00fcn kazanan\u0131 ve bu \u00f6d\u00fcl\u00fc T\u00fcrkiye\u2019ye ta\u015f\u0131yan ilk \u015fef olan Ebru Baybara Demir, K\u0131br\u0131s T\u00fcrk Belediyeler Birli\u011fi\u2019nde sunum ger\u00e7ekle\u015ftirdi. Belediyeler Birli\u011fi\u2019nin [&hellip;]<\/p>\n","protected":false},"author":908,"featured_media":16731,"comment_status":"open","ping_status":"open","sticky":false,"template":"","format":"standard","meta":{"_jetpack_memberships_contains_paid_content":false,"footnotes":"","jetpack_publicize_message":"","jetpack_publicize_feature_enabled":true,"jetpack_social_post_already_shared":true,"jetpack_social_options":{"image_generator_settings":{"template":"highway","default_image_id":0,"font":"","enabled":false},"version":2}},"categories":[253],"tags":[],"class_list":["post-16730","post","type-post","status-publish","format-standard","has-post-thumbnail","hentry","category-gundem"],"jetpack_publicize_connections":[],"jetpack_featured_media_url":"https:\/\/kibrisayna.com\/wp-content\/uploads\/2025\/01\/BELEDIYELER-BIRLIGI4.jpeg","jetpack_sharing_enabled":true,"_links":{"self":[{"href":"https:\/\/kibrisayna.com\/index.php\/wp-json\/wp\/v2\/posts\/16730","targetHints":{"allow":["GET"]}}],"collection":[{"href":"https:\/\/kibrisayna.com\/index.php\/wp-json\/wp\/v2\/posts"}],"about":[{"href":"https:\/\/kibrisayna.com\/index.php\/wp-json\/wp\/v2\/types\/post"}],"author":[{"embeddable":true,"href":"https:\/\/kibrisayna.com\/index.php\/wp-json\/wp\/v2\/users\/908"}],"replies":[{"embeddable":true,"href":"https:\/\/kibrisayna.com\/index.php\/wp-json\/wp\/v2\/comments?post=16730"}],"version-history":[{"count":0,"href":"https:\/\/kibrisayna.com\/index.php\/wp-json\/wp\/v2\/posts\/16730\/revisions"}],"wp:featuredmedia":[{"embeddable":true,"href":"https:\/\/kibrisayna.com\/index.php\/wp-json\/wp\/v2\/media\/16731"}],"wp:attachment":[{"href":"https:\/\/kibrisayna.com\/index.php\/wp-json\/wp\/v2\/media?parent=16730"}],"wp:term":[{"taxonomy":"category","embeddable":true,"href":"https:\/\/kibrisayna.com\/index.php\/wp-json\/wp\/v2\/categories?post=16730"},{"taxonomy":"post_tag","embeddable":true,"href":"https:\/\/kibrisayna.com\/index.php\/wp-json\/wp\/v2\/tags?post=16730"}],"curies":[{"name":"wp","href":"https:\/\/api.w.org\/{rel}","templated":true}]}}