{"id":16722,"date":"2025-01-16T16:10:23","date_gmt":"2025-01-16T13:10:23","guid":{"rendered":"https:\/\/kibrisayna.com\/index.php\/2025\/01\/16\/biz-yalnizca-bmnin-kendi-sozlerine-sahip-cikmasini-istiyoruz-brtk\/"},"modified":"2025-01-16T16:10:23","modified_gmt":"2025-01-16T13:10:23","slug":"biz-yalnizca-bmnin-kendi-sozlerine-sahip-cikmasini-istiyoruz-brtk","status":"publish","type":"post","link":"https:\/\/kibrisayna.com\/index.php\/2025\/01\/16\/biz-yalnizca-bmnin-kendi-sozlerine-sahip-cikmasini-istiyoruz-brtk\/","title":{"rendered":"Biz yaln\u0131zca BM\u2019nin kendi s\u00f6zlerine sahip \u00e7\u0131kmas\u0131n\u0131 istiyoruz \u2013 BRTK"},"content":{"rendered":"<p> <br \/>\n<\/p>\n<div>\n<div class=\"mariselle-image-container none\">\n                <img loading=\"lazy\" decoding=\"async\" width=\"2560\" height=\"1707\" class=\"lazy-image\" alt=\"\" sizes=\"auto, (max-width: 2560px) 100vw, 2560px\" src=\"https:\/\/brtk.net\/wp-content\/uploads\/2025\/01\/16\/Tufan-Erhurman-scaled.jpg?ver=a8745daca5027a3068844cd6cdaa961f\" srcset=\"https:\/\/brtk.net\/wp-content\/uploads\/2025\/01\/16\/Tufan-Erhurman-scaled.jpg?ver=a8745daca5027a3068844cd6cdaa961f 2560w, https:\/\/brtk.net\/wp-content\/uploads\/2025\/01\/16\/Tufan-Erhurman-300x200.jpg?ver=42c3238dbbe61b302d71403491db96f8 300w, https:\/\/brtk.net\/wp-content\/uploads\/2025\/01\/16\/Tufan-Erhurman-1024x683.jpg?ver=7ffeb1c8e7ba08a7159b0aa9bbd06d40 1024w, https:\/\/brtk.net\/wp-content\/uploads\/2025\/01\/16\/Tufan-Erhurman-768x512.jpg?ver=11f63e5e8fcd54a5007e9b1cf64c596b 768w, https:\/\/brtk.net\/wp-content\/uploads\/2025\/01\/16\/Tufan-Erhurman-1536x1024.jpg?ver=e01e5be27876854ada8e92db610e1db6 1536w, https:\/\/brtk.net\/wp-content\/uploads\/2025\/01\/16\/Tufan-Erhurman-2048x1365.jpg?ver=72a7df77ff838e1d959414941003f8e0 2048w\"\/>                            <\/div>\n<p style=\"font-weight: 300;\">Cumhuriyet\u00e7i T\u00fcrk Partisi (CTP) Genel Ba\u015fkan\u0131 Tufan Erh\u00fcrman, m\u00fczakere masas\u0131na oturmadan \u00f6nce \u201csiyasi e\u015fitlik, takvim, sonu\u00e7 odakl\u0131 m\u00fczakere, uzla\u015f\u0131lan konular\u0131n masaya gelmemesi\u00a0 ve masadan kalk\u0131l\u0131rsa stat\u00fckoya d\u00f6n\u00fclmemesi\u201d gibi \u015fartlar\u0131 oldu\u011funa i\u015faret ederek,\u00a0<span style=\"font-weight: 300 !important;\">bu taleplerin sahibi BM\u2019nin kendi s\u00f6zlerine sahip \u00e7\u0131kmas\u0131n\u0131 istedi.<\/span><\/p>\n<p style=\"font-weight: 300;\"><span style=\"font-weight: 300 !important;\">Federasyon tart\u0131\u015fmalar\u0131na da de\u011finerek,\u00a0<\/span><span style=\"font-weight: 300 !important;\">masada bug\u00fcne kadar gev\u015fek federasyon yap\u0131s\u0131n\u0131 savunup, m\u00fcmk\u00fcn oldu\u011funca konfederasyona yakla\u015ft\u0131rmaya \u00e7al\u0131\u015fan K\u0131br\u0131s T\u00fcrk liderli\u011finin, co\u011frafi temelli federasyon modelinin de sahibi oldu\u011funu s\u00f6yleyen Erh\u00fcrman,\u00a0<\/span><span style=\"font-weight: 300 !important;\">d\u00fcnyada bir\u00e7ok \u00e7e\u015fidi olan federasyonda esneklik sa\u011flanabilecek \u00e7ok alan oldu\u011funu kaydetti.<\/span><\/p>\n<p style=\"font-weight: 300;\">\u00a0<span style=\"font-weight: 300 !important;\">CTP Bas\u0131n B\u00fcrosu\u2019ndan yap\u0131lan a\u00e7\u0131klamaya g\u00f6re kat\u0131ld\u0131\u011f\u0131 programda sorular\u0131 yan\u0131tlayan CTP Genel Ba\u015fkan\u0131 Tufan Erh\u00fcrman, \u201cBiz yaln\u0131zca BM\u2019nin kendi s\u00f6zlerine sahip \u00e7\u0131kmas\u0131n\u0131 istiyoruz\u201d ifadelerini kulland\u0131.<\/span><\/p>\n<p style=\"font-weight: 300;\">-\u201cMant\u0131k \u00e7er\u00e7evesinde d\u00fc\u015f\u00fcnen herkes bunu anlayabilir\u201d<\/p>\n<p style=\"font-weight: 300;\">UBP Genel Sekreteri O\u011fuzhan Hasipo\u011flu\u2019nun, \u201cFederasyon CTP\u2019nin ideolojik sevdas\u0131 de\u011fil ise,\u00a0 Birle\u015fmi\u015f Milletlere bu ba\u011fl\u0131l\u0131k, bu sevda nereden geliyor?\u201d y\u00f6n\u00fcndeki s\u00f6zlerine de\u011finen Erh\u00fcrman, \u201cBu konular\u0131 ilk kez konu\u015fmuyor. Kendisi mi anlam\u0131yor, yoksa ben mi anlatam\u0131yorum emin de\u011filim. \u00c7ok basit bir \u015fey bu. Mant\u0131k \u00e7er\u00e7evesinde d\u00fc\u015f\u00fcnen herkes bunu anlayabilir\u201d dedi.<\/p>\n<p style=\"font-weight: 300;\">\u201cBirle\u015fmi\u015f Milletler G\u00fcvenlik Konseyi (BMGK) kararlar\u0131n\u0131 be\u011fenmeyebilirsiniz, uymayabilirsiniz. Ancak, \u00e7\u00f6z\u00fcmle ilgili m\u00fczakerelerin tamam\u0131 BM \u00e7er\u00e7evesinde y\u00fcr\u00fct\u00fcl\u00fcr\u201d diye konu\u015fan Erh\u00fcrman, BM Genel Sekreteri (BMGS) ba\u015fta olmak \u00fczere t\u00fcm BM personelinin, G\u00fcvenlik Konseyi kararlar\u0131na uymakla y\u00fck\u00fcml\u00fc oldu\u011funa i\u015faret etti.<\/p>\n<p style=\"font-weight: 300;\">Erh\u00fcrman, \u201cSizin bu kararlara uyma zorunlulu\u011funuz yok. Ancak e\u011fer BM\u2019nin kuraca\u011f\u0131 bir masaya oturacaksan\u0131z, o masan\u0131n y\u00f6neticisi olan BMGS do\u011fal olarak BMGK kararlar\u0131na ba\u011fl\u0131d\u0131r. Bu y\u00fczden \u00e7\u00f6z\u00fcm\u00fcn zemini iki toplumlu iki b\u00f6lgeli siyasi e\u015fitli\u011fe dayal\u0131 federasyondur dedi\u011finde, o masan\u0131n zemini budur\u201d dedi.<\/p>\n<p style=\"font-weight: 300;\">Gayri resmi masalarda her \u015feyin konu\u015fulabilece\u011finin alt\u0131n\u0131 \u00e7izen Erh\u00fcrman, ancak resmi bir masaya oturuldu\u011funda BMGS\u2019nin, BMGK kararlar\u0131yla ba\u011fl\u0131 oldu\u011funu ve o kararlardan hareketle yetki kulland\u0131\u011f\u0131n\u0131 kaydetti.<\/p>\n<p style=\"font-weight: 300;\">-\u201cFederasyon herkesin ayn\u0131 \u015fekilde alg\u0131layaca\u011f\u0131 bir yap\u0131 de\u011fil\u201d<\/p>\n<p style=\"font-weight: 300;\">\u201cE\u011fer BMGK kararlar\u0131 de\u011fi\u015firse, BMGS de o kararlara uygun hareket eder\u201d diyen Erh\u00fcrman, kararlar\u0131n de\u011fi\u015febilmesi i\u00e7in BM\u2019nin 5 daimi \u00fcyesinin oybirli\u011fiyle karar almas\u0131 gerekti\u011fine i\u015faret ederek, \u201cBu kadar farkl\u0131 \u00fclkelerin oy birli\u011fiyle karar almas\u0131 ne kadar m\u00fcmk\u00fcn?\u201d diye sordu.<\/p>\n<p style=\"font-weight: 300;\">Tufan Erh\u00fcrman, d<span style=\"font-weight: 300 !important;\">\u00fcnyada federasyonun bir\u00e7ok \u00e7e\u015fidinin oldu\u011funu, hi\u00e7birinin de bir di\u011ferine t\u0131pat\u0131p benzemedi\u011fini belirterek,\u00a0<\/span><span style=\"font-weight: 300 !important;\">\u201cFederasyon dedi\u011fimiz \u015fey herkesin ayn\u0131 \u015fekilde alg\u0131layaca\u011f\u0131 bir yap\u0131 de\u011fil\u201d dedi.\u00a0\u00a0<\/span><\/p>\n<p style=\"font-weight: 300;\"><span style=\"font-weight: 300 !important;\">\u201cFederasyon sahas\u0131nda esneklik sa\u011flayabilece\u011finiz bir\u00e7ok alan var. Bug\u00fcne kadar hangi K\u0131br\u0131sl\u0131 T\u00fcrk lider masaya oturmu\u015fsa, gev\u015fek federasyon yap\u0131s\u0131n\u0131 savunmu\u015f, federasyonu m\u00fcmk\u00fcn oldu\u011funca konfederasyona yakla\u015ft\u0131rmaya \u00e7al\u0131\u015fm\u0131\u015ft\u0131r\u201d diyen Erh\u00fcrman, K\u0131br\u0131sl\u0131 Rumlar\u0131n ise bu yap\u0131y\u0131 \u00fcniter devlete \u00e7ekmeye \u00e7al\u0131\u015ft\u0131\u011f\u0131n\u0131 kaydetti.<\/span><\/p>\n<p style=\"font-weight: 300;\"><span style=\"font-weight: 300 !important;\">Erh\u00fcrman, \u201cAnnan Plan\u0131\u2019na bakt\u0131\u011f\u0131m\u0131zda, iki kurucu devlet ya da olu\u015fturucu devlet modeline dayand\u0131\u011f\u0131n\u0131 g\u00f6r\u00fcr\u00fcz. Federal devletin yetkileri anayasaya yaz\u0131lm\u0131\u015f ve kurucu devletler g\u00fc\u00e7l\u00fc k\u0131l\u0131nm\u0131\u015ft\u0131r\u201d dedi ve her federasyonun kendine ait \u00f6zelliklerinin oldu\u011funa vurgu yapt\u0131.<\/span><\/p>\n<p style=\"font-weight: 300;\">-\u201cCo\u011frafi temelli federasyon modelinin sahibi T\u00fcrk taraf\u0131d\u0131r\u201d<\/p>\n<p style=\"font-weight: 300;\">\u201cBMGK kararlar\u0131 burada durdu\u011fu s\u00fcrece, BMGS bu kararlara ba\u011fl\u0131 olacak. Bunun kafa kar\u0131\u015ft\u0131racak bir yan\u0131 yok\u201d diyen Erh\u00fcrman, K\u0131br\u0131s\u2019ta co\u011frafi temelli federasyon modelinin sahibinin de T\u00fcrk taraf\u0131 oldu\u011funa dikkat \u00e7ekti.<\/p>\n<p style=\"font-weight: 300;\">Tufan Erh\u00fcrman, \u201cD\u00fcnyay\u0131 yeniden ke\u015ffetmeye gerek yok. Durum bu. Bu tablo i\u00e7erisinde Mart ay\u0131nda g\u00f6r\u00fc\u015fmelere ba\u015flanacak\u201d ifadelerini kulland\u0131.<\/p>\n<p style=\"font-weight: 300;\">\u201cO masada hareket etmesi gereken ki\u015fi Say\u0131n Hristodulidis\u2019tir. Crans Montana\u2019da kald\u0131\u011f\u0131m\u0131z yerden devam etmemiz gerekti\u011fini s\u00f6yl\u00fcyor. Ancak siz Crans Montana\u2019da d\u0131\u015fi\u015fleri bakan\u0131yd\u0131n\u0131z. O d\u00f6nemde Anastasiadis ile bu s\u00fcreci birlikte y\u00fcr\u00fct\u00fcyordunuz. E\u011fer Crans Montana\u2019da kal\u0131nan yer, yeniden ba\u015flamak i\u00e7in uygun bir yerseydi, neden masadan kalkt\u0131n\u0131z?\u201d diye soran Erh\u00fcrman, CTP olarak \u00e7\u00f6z\u00fcm\u00fc en \u00e7ok isteyen parti olduklar\u0131n\u0131 vurgulad\u0131.<\/p>\n<p style=\"font-weight: 300;\">-\u201cSiyasi e\u015fitlik pazarl\u0131k konusu olmayacak. Takvim belirlenecek. Masada on y\u0131l boyunca ayn\u0131 \u015feyleri konu\u015fmayaca\u011f\u0131z\u201d<\/p>\n<p style=\"font-weight: 300;\">Bu defa masaya otururken d\u00f6rt temel taleplerinin oldu\u011funa i\u015faret eden Erh\u00fcrman, s\u00f6z konusu d\u00f6rt maddeyi \u015fu \u015fekilde s\u0131ralad\u0131: \u201cSiyasi e\u015fitlik pazarl\u0131k konusu olmayacak. Takvim belirlenecek. Masada on y\u0131l boyunca ayn\u0131 \u015feyleri konu\u015fmayaca\u011f\u0131z. M\u00fczakereler sonu\u00e7 odakl\u0131 olacak. Daha \u00f6nce 50 defa konu\u015fulup uzla\u015f\u0131lan konular tekrar masaya gelmeyecek. M\u00fczakerelerin sonunda masadan kalk\u0131l\u0131rsa, stat\u00fckoya geri d\u00f6n\u00fclmeyece\u011fine dair bir garanti verilecek.\u201d<\/p>\n<p style=\"font-weight: 300;\">Bu taleplerin \u00f6n \u015fart de\u011fil, BM\u2019nin kendi s\u00f6zleri oldu\u011funu s\u00f6yleyen Erh\u00fcrman, \u201cBiz yaln\u0131zca BM\u2019nin kendi s\u00f6zlerine sahip \u00e7\u0131kmas\u0131n\u0131 istiyoruz\u201d dedi.<\/p>\n<p style=\"font-weight: 300;\">\u0130\u00e7 meselelerle ilgili de g\u00f6r\u00fc\u015flerini payla\u015fan Erh\u00fcrman, h\u00fck\u00fcmeti \u201cgailesiz ve umursamazlar\u201d s\u00f6zleriyle ele\u015ftirdi. Meclis ba\u015fkan\u0131n\u0131n bir bu\u00e7uk ay boyunca se\u00e7ilemedi\u011fini s\u00f6yleyen Erh\u00fcrman, \u201ctek d\u00fc\u015f\u00fcnceleri koltuk kavgas\u0131\u201d dedi.<\/p>\n<p style=\"font-weight: 300;\">Erh\u00fcrman, \u201cK\u0131br\u0131s T\u00fcrk halk\u0131n\u0131n en temel g\u00f6revi bu zihniyetten kurtulmakt\u0131r\u201d diye ekledi.<\/p>\n<p>\u00a0<\/p>\n<p>\u00a0<\/p>\n<\/p><\/div>\n<p><script async\n                    defer\n                    crossorigin=\"anonymous\"\n                    src=\"https:\/\/connect.facebook.net\/tr_TR\/sdk.js#xfbml=1&#038;version=v3.3\"\n            ><\/script><br \/>\n<br \/><br \/>\n<br \/><a href=\"https:\/\/brtk.net\/erhurman-biz-yalnizca-bmnin-kendi-sozlerine-sahip-cikmasini-istiyoruz\/\">Kaynak BRT <\/a><\/p>\n","protected":false},"excerpt":{"rendered":"<p>Cumhuriyet\u00e7i T\u00fcrk Partisi (CTP) Genel Ba\u015fkan\u0131 Tufan Erh\u00fcrman, m\u00fczakere masas\u0131na oturmadan \u00f6nce \u201csiyasi e\u015fitlik, takvim, sonu\u00e7 odakl\u0131 m\u00fczakere, uzla\u015f\u0131lan konular\u0131n masaya gelmemesi\u00a0 ve masadan kalk\u0131l\u0131rsa stat\u00fckoya d\u00f6n\u00fclmemesi\u201d gibi \u015fartlar\u0131 oldu\u011funa i\u015faret ederek,\u00a0bu taleplerin sahibi BM\u2019nin kendi s\u00f6zlerine sahip \u00e7\u0131kmas\u0131n\u0131 istedi. Federasyon tart\u0131\u015fmalar\u0131na da de\u011finerek,\u00a0masada bug\u00fcne kadar gev\u015fek federasyon yap\u0131s\u0131n\u0131 savunup, m\u00fcmk\u00fcn oldu\u011funca konfederasyona yakla\u015ft\u0131rmaya \u00e7al\u0131\u015fan [&hellip;]<\/p>\n","protected":false},"author":908,"featured_media":16723,"comment_status":"open","ping_status":"open","sticky":false,"template":"","format":"standard","meta":{"_jetpack_memberships_contains_paid_content":false,"footnotes":"","jetpack_publicize_message":"","jetpack_publicize_feature_enabled":true,"jetpack_social_post_already_shared":true,"jetpack_social_options":{"image_generator_settings":{"template":"highway","default_image_id":0,"font":"","enabled":false},"version":2}},"categories":[253],"tags":[],"class_list":["post-16722","post","type-post","status-publish","format-standard","has-post-thumbnail","hentry","category-gundem"],"jetpack_publicize_connections":[],"jetpack_featured_media_url":"https:\/\/kibrisayna.com\/wp-content\/uploads\/2025\/01\/Tufan-Erhurman-scaled.jpg","jetpack_sharing_enabled":true,"_links":{"self":[{"href":"https:\/\/kibrisayna.com\/index.php\/wp-json\/wp\/v2\/posts\/16722","targetHints":{"allow":["GET"]}}],"collection":[{"href":"https:\/\/kibrisayna.com\/index.php\/wp-json\/wp\/v2\/posts"}],"about":[{"href":"https:\/\/kibrisayna.com\/index.php\/wp-json\/wp\/v2\/types\/post"}],"author":[{"embeddable":true,"href":"https:\/\/kibrisayna.com\/index.php\/wp-json\/wp\/v2\/users\/908"}],"replies":[{"embeddable":true,"href":"https:\/\/kibrisayna.com\/index.php\/wp-json\/wp\/v2\/comments?post=16722"}],"version-history":[{"count":0,"href":"https:\/\/kibrisayna.com\/index.php\/wp-json\/wp\/v2\/posts\/16722\/revisions"}],"wp:featuredmedia":[{"embeddable":true,"href":"https:\/\/kibrisayna.com\/index.php\/wp-json\/wp\/v2\/media\/16723"}],"wp:attachment":[{"href":"https:\/\/kibrisayna.com\/index.php\/wp-json\/wp\/v2\/media?parent=16722"}],"wp:term":[{"taxonomy":"category","embeddable":true,"href":"https:\/\/kibrisayna.com\/index.php\/wp-json\/wp\/v2\/categories?post=16722"},{"taxonomy":"post_tag","embeddable":true,"href":"https:\/\/kibrisayna.com\/index.php\/wp-json\/wp\/v2\/tags?post=16722"}],"curies":[{"name":"wp","href":"https:\/\/api.w.org\/{rel}","templated":true}]}}