{"id":16716,"date":"2025-01-16T15:49:23","date_gmt":"2025-01-16T12:49:23","guid":{"rendered":"https:\/\/kibrisayna.com\/index.php\/2025\/01\/16\/dr-altan-yavuz-hayatini-kaybetti-brtk\/"},"modified":"2025-01-16T15:49:23","modified_gmt":"2025-01-16T12:49:23","slug":"dr-altan-yavuz-hayatini-kaybetti-brtk","status":"publish","type":"post","link":"https:\/\/kibrisayna.com\/index.php\/2025\/01\/16\/dr-altan-yavuz-hayatini-kaybetti-brtk\/","title":{"rendered":"Dr. Altan Yavuz hayat\u0131n\u0131 kaybetti \u2013 BRTK"},"content":{"rendered":"<p> <br \/>\n<\/p>\n<div>\n<div class=\"mariselle-image-container none\">\n                <img loading=\"lazy\" decoding=\"async\" width=\"928\" height=\"575\" class=\"lazy-image\" alt=\"\" sizes=\"auto, (max-width: 928px) 100vw, 928px\" src=\"https:\/\/brtk.net\/wp-content\/uploads\/2025\/01\/16\/ALTAN-YAVUZ.jpg?ver=ccc57d96d2e49202ee8c79d189950634\" srcset=\"https:\/\/brtk.net\/wp-content\/uploads\/2025\/01\/16\/ALTAN-YAVUZ.jpg?ver=ccc57d96d2e49202ee8c79d189950634 928w, https:\/\/brtk.net\/wp-content\/uploads\/2025\/01\/16\/ALTAN-YAVUZ-300x186.jpg?ver=b5c76fc7cbc6c5d8517c82360a9830db 300w, https:\/\/brtk.net\/wp-content\/uploads\/2025\/01\/16\/ALTAN-YAVUZ-768x476.jpg?ver=b5c76fc7cbc6c5d8517c82360a9830db 768w\"\/>                            <\/div>\n<p>Cumhuriyet Meclisi eski milletvekillerinden Dr. Altan Yavuz 86 ya\u015f\u0131nda hayat\u0131n\u0131 kaybetti.<\/p>\n<p>Yavuz i\u00e7in yar\u0131n saat 10.00\u2019da Cumhuriyet Meclisi\u2019nde t\u00f6ren d\u00fczenlenecek. Altan Yavuz daha sonra Lefko\u015fa Kabristanl\u0131\u011f\u0131\u2019nda defnedilecek.<\/p>\n<p><em>-Dr. Altan Yavuz\u2019un \u00f6zge\u00e7mi\u015fi<\/em><\/p>\n<p>1939 y\u0131l\u0131nda Limasol kazas\u0131n\u0131n Yalova K\u00f6y\u00fc\u2019nde do\u011fan Yavuz, \u0130stanbul \u00dcniversitesi T\u0131p Fak\u00fcltesi\u2019nden mezun olduktan sonra ihtisas\u0131n\u0131 Cerrahpa\u015fa T\u0131p Fak\u00fcltesi\u2019nde tamamlad\u0131.<\/p>\n<p>1968 y\u0131l\u0131nda devlet hizmetine giren Yavuz, \u00fc\u00e7 y\u0131l g\u00f6rev yapt\u0131ktan sonra istifa ederek, \u00f6zel \u00e7al\u0131\u015fmaya ba\u015flad\u0131.<\/p>\n<p>K\u0131z\u0131lay Y\u00f6netim Kurulu \u00dcyeli\u011fi, Jimnastik Federasyonu Asba\u015fkanl\u0131\u011f\u0131 ve Ulusal Birlik Partisi\u2019nin Lefko\u015fa \u0130l\u00e7e Ba\u015fkanl\u0131\u011f\u0131 g\u00f6revlerinde bulunan Altan Yavuz, 23 Haziran 1985 tarihinde yap\u0131lan genel se\u00e7imlerde Ulusal Birlik Partisi\u2019nden milletvekili se\u00e7ildi, 18 May\u0131s 1990 tarihinde milletvekilli\u011fi sona erdi.<\/p>\n<p>Evli olan Yavuz, d\u00f6rt \u00e7ocuk babas\u0131yd\u0131.<\/p>\n<\/p><\/div>\n<p><script async\n                    defer\n                    crossorigin=\"anonymous\"\n                    src=\"https:\/\/connect.facebook.net\/tr_TR\/sdk.js#xfbml=1&#038;version=v3.3\"\n            ><\/script><br \/>\n<br \/><br \/>\n<br \/><a href=\"https:\/\/brtk.net\/dr-altan-yavuz-hayatini-kaybetti\/\">Kaynak BRT <\/a><\/p>\n","protected":false},"excerpt":{"rendered":"<p>Cumhuriyet Meclisi eski milletvekillerinden Dr. Altan Yavuz 86 ya\u015f\u0131nda hayat\u0131n\u0131 kaybetti. Yavuz i\u00e7in yar\u0131n saat 10.00\u2019da Cumhuriyet Meclisi\u2019nde t\u00f6ren d\u00fczenlenecek. Altan Yavuz daha sonra Lefko\u015fa Kabristanl\u0131\u011f\u0131\u2019nda defnedilecek. -Dr. Altan Yavuz\u2019un \u00f6zge\u00e7mi\u015fi 1939 y\u0131l\u0131nda Limasol kazas\u0131n\u0131n Yalova K\u00f6y\u00fc\u2019nde do\u011fan Yavuz, \u0130stanbul \u00dcniversitesi T\u0131p Fak\u00fcltesi\u2019nden mezun olduktan sonra ihtisas\u0131n\u0131 Cerrahpa\u015fa T\u0131p Fak\u00fcltesi\u2019nde tamamlad\u0131. 1968 y\u0131l\u0131nda devlet hizmetine [&hellip;]<\/p>\n","protected":false},"author":908,"featured_media":16717,"comment_status":"open","ping_status":"open","sticky":false,"template":"","format":"standard","meta":{"_jetpack_memberships_contains_paid_content":false,"footnotes":"","jetpack_publicize_message":"","jetpack_publicize_feature_enabled":true,"jetpack_social_post_already_shared":true,"jetpack_social_options":{"image_generator_settings":{"template":"highway","default_image_id":0,"font":"","enabled":false},"version":2}},"categories":[253],"tags":[],"class_list":["post-16716","post","type-post","status-publish","format-standard","has-post-thumbnail","hentry","category-gundem"],"jetpack_publicize_connections":[],"jetpack_featured_media_url":"https:\/\/kibrisayna.com\/wp-content\/uploads\/2025\/01\/ALTAN-YAVUZ.jpg","jetpack_sharing_enabled":true,"_links":{"self":[{"href":"https:\/\/kibrisayna.com\/index.php\/wp-json\/wp\/v2\/posts\/16716","targetHints":{"allow":["GET"]}}],"collection":[{"href":"https:\/\/kibrisayna.com\/index.php\/wp-json\/wp\/v2\/posts"}],"about":[{"href":"https:\/\/kibrisayna.com\/index.php\/wp-json\/wp\/v2\/types\/post"}],"author":[{"embeddable":true,"href":"https:\/\/kibrisayna.com\/index.php\/wp-json\/wp\/v2\/users\/908"}],"replies":[{"embeddable":true,"href":"https:\/\/kibrisayna.com\/index.php\/wp-json\/wp\/v2\/comments?post=16716"}],"version-history":[{"count":0,"href":"https:\/\/kibrisayna.com\/index.php\/wp-json\/wp\/v2\/posts\/16716\/revisions"}],"wp:featuredmedia":[{"embeddable":true,"href":"https:\/\/kibrisayna.com\/index.php\/wp-json\/wp\/v2\/media\/16717"}],"wp:attachment":[{"href":"https:\/\/kibrisayna.com\/index.php\/wp-json\/wp\/v2\/media?parent=16716"}],"wp:term":[{"taxonomy":"category","embeddable":true,"href":"https:\/\/kibrisayna.com\/index.php\/wp-json\/wp\/v2\/categories?post=16716"},{"taxonomy":"post_tag","embeddable":true,"href":"https:\/\/kibrisayna.com\/index.php\/wp-json\/wp\/v2\/tags?post=16716"}],"curies":[{"name":"wp","href":"https:\/\/api.w.org\/{rel}","templated":true}]}}