{"id":16712,"date":"2025-01-16T14:46:18","date_gmt":"2025-01-16T11:46:18","guid":{"rendered":"https:\/\/kibrisayna.com\/index.php\/2025\/01\/16\/kismirin-davasi-20-ocaka-ertelendi-savunma-anayasa-mahkemesine-havale-talebinde-bulundu-brtk\/"},"modified":"2025-01-16T14:46:18","modified_gmt":"2025-01-16T11:46:18","slug":"kismirin-davasi-20-ocaka-ertelendi-savunma-anayasa-mahkemesine-havale-talebinde-bulundu-brtk","status":"publish","type":"post","link":"https:\/\/kibrisayna.com\/index.php\/2025\/01\/16\/kismirin-davasi-20-ocaka-ertelendi-savunma-anayasa-mahkemesine-havale-talebinde-bulundu-brtk\/","title":{"rendered":"Ki\u015fmir\u2019in davas\u0131 20 Ocak\u2019a ertelendi.. Savunma, Anayasa Mahkemesi\u2019ne havale talebinde bulundu \u2013 BRTK"},"content":{"rendered":"<p> <br \/>\n<\/p>\n<div>\n<div class=\"mariselle-image-container none\">\n                <img loading=\"lazy\" decoding=\"async\" width=\"928\" height=\"423\" class=\"lazy-image\" alt=\"\" sizes=\"auto, (max-width: 928px) 100vw, 928px\" src=\"https:\/\/brtk.net\/wp-content\/uploads\/2025\/01\/16\/ALI-KISMIR-DAVA.jpg?ver=b727143fb24d27ef9bdc9861247cc6e9\" srcset=\"https:\/\/brtk.net\/wp-content\/uploads\/2025\/01\/16\/ALI-KISMIR-DAVA.jpg?ver=b727143fb24d27ef9bdc9861247cc6e9 928w, https:\/\/brtk.net\/wp-content\/uploads\/2025\/01\/16\/ALI-KISMIR-DAVA-300x137.jpg?ver=1f3b8c4ffa73bc02793759ed3d05d8e5 300w, https:\/\/brtk.net\/wp-content\/uploads\/2025\/01\/16\/ALI-KISMIR-DAVA-768x350.jpg?ver=1f3b8c4ffa73bc02793759ed3d05d8e5 768w\"\/>                            <\/div>\n<p>\u00a0Sosyal medyada yer alan yaz\u0131s\u0131 nedeniyle yarg\u0131lanan Bas\u0131n Emek\u00e7ileri Sendikas\u0131 Ba\u015fkan\u0131 gazeteci, yazar Ali Ki\u015fmir\u2019in davas\u0131, savunman\u0131n \u201cAnayasa Mahkemesi\u2019ne havale\u201d talebinde bulundu\u011fu bug\u00fcnk\u00fc duru\u015fman\u0131n ard\u0131ndan 20 Ocak\u2019a ertelendi.<\/p>\n<p>Lefko\u015fa Kaza Mahkemesi Yarg\u0131c\u0131 Zehra Yalkut Bilge\u00e7 huzurunda g\u00f6r\u00fc\u015f\u00fclen davan\u0131n bug\u00fcnk\u00fc duru\u015fmas\u0131nda iddia makam\u0131 Ba\u015fsavc\u0131l\u0131k ad\u0131na savc\u0131 Hasan Bo\u015fnak yer ald\u0131.\u00a010 y\u0131l hapis istemiyle yarg\u0131lanan Ki\u015fmir\u2019i davada K\u0131br\u0131s T\u00fcrk Barolar Birli\u011fi Ba\u015fkan\u0131 Hasan Esenda\u011fl\u0131 temsil etti.<\/p>\n<p>Esenda\u011fl\u0131, davan\u0131n Anayasa Mahkemesi\u2019ne havale edilmesini talep etti, savc\u0131l\u0131k ise talebe itiraz etmedi.<\/p>\n<p>\u00a0\u2013 Avukat a\u00e7\u0131klamas\u0131<\/p>\n<p>Duru\u015fman\u0131n tamamlanmas\u0131n\u0131n ard\u0131ndan Bas\u0131n-Sen avukat\u0131 Cansu N. Nazl\u0131, mahkemeler \u00f6n\u00fcnde a\u00e7\u0131klama yapt\u0131.<\/p>\n<p>Bug\u00fcnk\u00fc ilk tahkikat duru\u015fmas\u0131nda davan\u0131n Anayasa\u2019ya havale edilmesi y\u00f6n\u00fcnde savunma taraf\u0131ndan bir s\u00f6zl\u00fc m\u00fcracaat yap\u0131ld\u0131\u011f\u0131n\u0131 belirten Nazl\u0131, Anayasa\u2019ya havale m\u00fcracaat\u0131n\u0131n hangi maddeler \u00fczerinden ve ne \u015fekilde oldu\u011fuyla ilgili bilgi verdi.<\/p>\n<p>Nazl\u0131, davan\u0131n Anayasa\u2019ya havale edilmesine ili\u015fkin savunma talebine\u00a0iddia makam\u0131n\u0131n itiraz\u0131 olmad\u0131\u011f\u0131n\u0131 belirtti.\u00a0Mahkemenin Anayasa\u2019ya havale talebini de\u011ferlendirmek i\u00e7in davay\u0131 20 Ocak Pazartesi saat 14.00\u2019e erteledi\u011fini ifade eden Nazl\u0131,\u00a0\u201cMahkeme, davan\u0131n Anayasa\u2019ya havale olup olmayaca\u011f\u0131 konusunda bir karar \u00fcretecek.\u201d dedi.<\/p>\n<p>Nazl\u0131, talebin kabul edilmesi halinde s\u00fcrecin Anayasa Mahkemesi \u00fczerinden devam edece\u011fini belirtti.<\/p>\n<p>-Kuleli<\/p>\n<p>Avrupa Gazeteciler Federasyonu Ba\u015fkan Vekili Mustafa Kuleli de federasyonun k\u0131ta genelinde 320 binden fazla gazeteciyi temsil etti\u011fini belirterek, \u201c320 bin gazetecinin kalbi bug\u00fcn burada at\u0131yor. Ali Ki\u015fmir ve K\u0131br\u0131sl\u0131 gazetecilerle dayan\u0131\u015fma duygular\u0131n\u0131 g\u00f6stermek i\u00e7in buraday\u0131z.\u201d dedi.<\/p>\n<p>B\u00fct\u00fcn Avrupa \u00fclkelerindeki meslekta\u015flar\u0131n\u0131n bu davay\u0131 dikkatle takip etti\u011fini belirten Kuleli, sonunda bas\u0131n \u00f6zg\u00fcrl\u00fc\u011f\u00fcn\u00fcn kazanaca\u011f\u0131na y\u00fcrekten inand\u0131klar\u0131n\u0131 ifade etti.<\/p>\n<\/p><\/div>\n<p><script async\n                    defer\n                    crossorigin=\"anonymous\"\n                    src=\"https:\/\/connect.facebook.net\/tr_TR\/sdk.js#xfbml=1&#038;version=v3.3\"\n            ><\/script><br \/>\n<br \/><br \/>\n<br \/><a href=\"https:\/\/brtk.net\/kismirin-davasi-20-ocaka-ertelendi-savunma-anayasa-mahkemesine-havale-talebinde-bulundu\/\">Kaynak BRT <\/a><\/p>\n","protected":false},"excerpt":{"rendered":"<p>\u00a0Sosyal medyada yer alan yaz\u0131s\u0131 nedeniyle yarg\u0131lanan Bas\u0131n Emek\u00e7ileri Sendikas\u0131 Ba\u015fkan\u0131 gazeteci, yazar Ali Ki\u015fmir\u2019in davas\u0131, savunman\u0131n \u201cAnayasa Mahkemesi\u2019ne havale\u201d talebinde bulundu\u011fu bug\u00fcnk\u00fc duru\u015fman\u0131n ard\u0131ndan 20 Ocak\u2019a ertelendi. Lefko\u015fa Kaza Mahkemesi Yarg\u0131c\u0131 Zehra Yalkut Bilge\u00e7 huzurunda g\u00f6r\u00fc\u015f\u00fclen davan\u0131n bug\u00fcnk\u00fc duru\u015fmas\u0131nda iddia makam\u0131 Ba\u015fsavc\u0131l\u0131k ad\u0131na savc\u0131 Hasan Bo\u015fnak yer ald\u0131.\u00a010 y\u0131l hapis istemiyle yarg\u0131lanan Ki\u015fmir\u2019i davada [&hellip;]<\/p>\n","protected":false},"author":908,"featured_media":16713,"comment_status":"open","ping_status":"open","sticky":false,"template":"","format":"standard","meta":{"_jetpack_memberships_contains_paid_content":false,"footnotes":"","jetpack_publicize_message":"","jetpack_publicize_feature_enabled":true,"jetpack_social_post_already_shared":true,"jetpack_social_options":{"image_generator_settings":{"template":"highway","default_image_id":0,"font":"","enabled":false},"version":2}},"categories":[253],"tags":[],"class_list":["post-16712","post","type-post","status-publish","format-standard","has-post-thumbnail","hentry","category-gundem"],"jetpack_publicize_connections":[],"jetpack_featured_media_url":"https:\/\/kibrisayna.com\/wp-content\/uploads\/2025\/01\/ALI-KISMIR-DAVA.jpg","jetpack_sharing_enabled":true,"_links":{"self":[{"href":"https:\/\/kibrisayna.com\/index.php\/wp-json\/wp\/v2\/posts\/16712","targetHints":{"allow":["GET"]}}],"collection":[{"href":"https:\/\/kibrisayna.com\/index.php\/wp-json\/wp\/v2\/posts"}],"about":[{"href":"https:\/\/kibrisayna.com\/index.php\/wp-json\/wp\/v2\/types\/post"}],"author":[{"embeddable":true,"href":"https:\/\/kibrisayna.com\/index.php\/wp-json\/wp\/v2\/users\/908"}],"replies":[{"embeddable":true,"href":"https:\/\/kibrisayna.com\/index.php\/wp-json\/wp\/v2\/comments?post=16712"}],"version-history":[{"count":0,"href":"https:\/\/kibrisayna.com\/index.php\/wp-json\/wp\/v2\/posts\/16712\/revisions"}],"wp:featuredmedia":[{"embeddable":true,"href":"https:\/\/kibrisayna.com\/index.php\/wp-json\/wp\/v2\/media\/16713"}],"wp:attachment":[{"href":"https:\/\/kibrisayna.com\/index.php\/wp-json\/wp\/v2\/media?parent=16712"}],"wp:term":[{"taxonomy":"category","embeddable":true,"href":"https:\/\/kibrisayna.com\/index.php\/wp-json\/wp\/v2\/categories?post=16712"},{"taxonomy":"post_tag","embeddable":true,"href":"https:\/\/kibrisayna.com\/index.php\/wp-json\/wp\/v2\/tags?post=16712"}],"curies":[{"name":"wp","href":"https:\/\/api.w.org\/{rel}","templated":true}]}}