{"id":16698,"date":"2025-01-16T13:08:40","date_gmt":"2025-01-16T10:08:40","guid":{"rendered":"https:\/\/kibrisayna.com\/index.php\/2025\/01\/16\/rum-yonetiminin-son-donemdeki-girisimleri-anavatanin-varliginin-onemini-bir-kez-daha-ortaya-koydu-brtk\/"},"modified":"2025-01-16T13:08:40","modified_gmt":"2025-01-16T10:08:40","slug":"rum-yonetiminin-son-donemdeki-girisimleri-anavatanin-varliginin-onemini-bir-kez-daha-ortaya-koydu-brtk","status":"publish","type":"post","link":"https:\/\/kibrisayna.com\/index.php\/2025\/01\/16\/rum-yonetiminin-son-donemdeki-girisimleri-anavatanin-varliginin-onemini-bir-kez-daha-ortaya-koydu-brtk\/","title":{"rendered":"Rum Y\u00f6netimi\u2019nin son d\u00f6nemdeki giri\u015fimleri, Anavatan\u2019\u0131n varl\u0131\u011f\u0131n\u0131n \u00f6nemini bir kez daha ortaya koydu \u2013 BRTK"},"content":{"rendered":"<p> <br \/>\n<\/p>\n<div>\n<div class=\"mariselle-image-container center\">\n                <img loading=\"lazy\" decoding=\"async\" width=\"1600\" height=\"801\" class=\"lazy-image\" alt=\"\" sizes=\"auto, (max-width: 1600px) 100vw, 1600px\" src=\"https:\/\/brtk.net\/wp-content\/uploads\/2025\/01\/16\/333333.jpg?ver=998bd9b3dcb44bb569bbb78460e61089\" srcset=\"https:\/\/brtk.net\/wp-content\/uploads\/2025\/01\/16\/333333.jpg?ver=998bd9b3dcb44bb569bbb78460e61089 1600w, https:\/\/brtk.net\/wp-content\/uploads\/2025\/01\/16\/333333-300x150.jpg?ver=17373a8ebb5d4863bde9f76b1eea6eb7 300w, https:\/\/brtk.net\/wp-content\/uploads\/2025\/01\/16\/333333-1024x513.jpg?ver=17373a8ebb5d4863bde9f76b1eea6eb7 1024w, https:\/\/brtk.net\/wp-content\/uploads\/2025\/01\/16\/333333-768x384.jpg?ver=3c94988bceeb9bd22af99e7d0942b890 768w, https:\/\/brtk.net\/wp-content\/uploads\/2025\/01\/16\/333333-1536x769.jpg?ver=3c94988bceeb9bd22af99e7d0942b890 1536w, https:\/\/brtk.net\/wp-content\/uploads\/2025\/01\/16\/333333-720x360.jpg?ver=7919ee8fe88fb0ee4a0f3a81fab27be8 720w\"\/>                            <\/div>\n<p>Cumhuriyet Meclisi Ba\u015fkan\u0131 Ziya \u00d6zt\u00fcrkler, son d\u00f6nemlerde Rum Y\u00f6neyiminin son zamanlarda silahlanma ve enerji ile yapmaya \u00e7al\u0131\u015ft\u0131\u011f\u0131 giri\u015fimlerin Anavatan\u0131n carl\u0131\u011f\u0131n\u0131n \u00f6nemini bir kez daha ortaya koydu\u011funu s\u00f6yledi.<br \/>\u00d6zt\u00fcrkler, Yeniden Refah Partisi Genel Ba\u015fkan Yard\u0131mc\u0131s\u0131 Mehmet Alt\u0131n\u00f6z ve beraberindeki heyeti kabul etti.<\/p>\n<p>Kabulde Milli Gen\u00e7lik Derne\u011fi Genel Ba\u015fkan\u0131 Ahmet \u00d6zvatan ve Yeniden Refah Partisi KKTC Ada Ba\u015fkan\u0131 Mikail Y\u00fccel de yer ald\u0131.<\/p>\n<p>Yeniden Refah Partisi Genel Ba\u015fkan Yard\u0131mc\u0131s\u0131 Mehmet Alt\u0131n\u00f6z kabulde yapt\u0131\u011f\u0131 konu\u015fmada KKTC\u2019nin teminat\u0131n\u0131n T\u00fcrkiye Cumhuriyeti oldu\u011funu belirterek her zaman karde\u015flik hukukunun devam edece\u011fini s\u00f6yledi.<\/p>\n<p>Cumhuriyet Meclisi Ba\u015fkan\u0131 Ziya \u00d6zt\u00fcrkler de konu\u015fmas\u0131nda T\u00fcrkiye ile KKTC\u2019nin kopar\u0131lamayacak ba\u011flar ile birbirlerine ba\u011fl\u0131 olduklar\u0131na i\u015faret ederek bu ba\u011flar\u0131 daha ileriye ta\u015f\u0131mak i\u00e7in yap\u0131lan ziyaretlere b\u00fcy\u00fck \u00f6nem verdiklerini belirtti.<br \/>KKTC\u2019nin bug\u00fcnlere gelmesinin kolay olmad\u0131\u011f\u0131na de\u011finen \u00d6zt\u00fcrkler, bug\u00fcn gelinen noktada Mutlu Bar\u0131\u015f Harekat\u0131n\u0131n \u00f6nemine her zaman de\u011finmek gerekti\u011fini s\u00f6yledi.<\/p>\n<p>Partinin kurucu Lideri merhum Prof.Dr.Necmettin Erbakan\u2019\u0131n d\u00f6nemin Ba\u015fbakan Yard\u0131mc\u0131s\u0131 olarak Harekata verdi\u011fi deste\u011fin b\u00fcy\u00fck oldu\u011funu ifade eden \u00d6zt\u00fcrkler, 1974\u2019ten sonra adaya bar\u0131\u015f geldi\u011fini an\u0131msatt\u0131.<\/p>\n<p>Bar\u0131\u015f Harekat\u0131nda eme\u011fi ge\u00e7enleri sayg\u0131yla yad eden \u00d6zt\u00fcrkler, K\u0131br\u0131sl\u0131 T\u00fcrk halk\u0131n\u0131n y\u0131llard\u0131r vermi\u015f oldu\u011fu m\u00fccadelenin Bar\u0131\u015f Harekat\u0131 sonras\u0131nda anlaml\u0131 bir noktaya geldi\u011fini s\u00f6yledi.<\/p>\n<p>G\u00fcney K\u0131br\u0131s Rum Y\u00f6netiminin son d\u00f6nemlerde baz\u0131 \u00fclkelerle i\u015f birli\u011fi i\u00e7erisinde yapmaya \u00e7al\u0131\u015ft\u0131\u011f\u0131 silahlanma giri\u015fimleri ve enerji konusundaki \u00e7al\u0131\u015fmalar\u0131n\u0131 yak\u0131ndan takip ettiklerini dile getiren \u00d6zt\u00fcrkler, bu a\u00e7\u0131dan bak\u0131ld\u0131\u011f\u0131nda Anavatan\u0131n varl\u0131\u011f\u0131 ve Bar\u0131\u015f Harekat\u0131n\u0131n \u00f6neminin bir kez daha ortaya \u00e7\u0131kt\u0131\u011f\u0131n\u0131 kaydetti.<\/p>\n<p>\u00d6zt\u00fcrkler: \u201cAnavatan\u0131m\u0131z burada olduk\u00e7a, bizler daha \u00e7ok g\u00fc\u00e7 al\u0131yoruz\u201d dedi.<\/p>\n<p>Ba\u015fkan \u00d6zt\u00fcrkler konu\u015fmas\u0131nda, Yeniden Refah Partisi Genel Ba\u015fkan Ba\u015fkan\u0131 Fatih Erbakan\u2019a selamlar\u0131n\u0131 iletti.<\/p>\n<\/p><\/div>\n<p><script async\n                    defer\n                    crossorigin=\"anonymous\"\n                    src=\"https:\/\/connect.facebook.net\/tr_TR\/sdk.js#xfbml=1&#038;version=v3.3\"\n            ><\/script><br \/>\n<br \/><br \/>\n<br \/><a href=\"https:\/\/brtk.net\/ozturkler-rum-yonetiminin-son-donemdeki-girisimleri-anavatanin-varliginin-onemini-bir-kez-daha-ortaya-koydu\/\"><\/a><\/p>\n","protected":false},"excerpt":{"rendered":"<p>Cumhuriyet Meclisi Ba\u015fkan\u0131 Ziya \u00d6zt\u00fcrkler, son d\u00f6nemlerde Rum Y\u00f6neyiminin son zamanlarda silahlanma ve enerji ile yapmaya \u00e7al\u0131\u015ft\u0131\u011f\u0131 giri\u015fimlerin Anavatan\u0131n carl\u0131\u011f\u0131n\u0131n \u00f6nemini bir kez daha ortaya koydu\u011funu s\u00f6yledi.\u00d6zt\u00fcrkler, Yeniden Refah Partisi Genel Ba\u015fkan Yard\u0131mc\u0131s\u0131 Mehmet Alt\u0131n\u00f6z ve beraberindeki heyeti kabul etti. Kabulde Milli Gen\u00e7lik Derne\u011fi Genel Ba\u015fkan\u0131 Ahmet \u00d6zvatan ve Yeniden Refah Partisi KKTC Ada Ba\u015fkan\u0131 [&hellip;]<\/p>\n","protected":false},"author":908,"featured_media":16699,"comment_status":"open","ping_status":"open","sticky":false,"template":"","format":"standard","meta":{"_jetpack_memberships_contains_paid_content":false,"footnotes":"","jetpack_publicize_message":"","jetpack_publicize_feature_enabled":true,"jetpack_social_post_already_shared":true,"jetpack_social_options":{"image_generator_settings":{"template":"highway","default_image_id":0,"font":"","enabled":false},"version":2}},"categories":[587],"tags":[],"class_list":["post-16698","post","type-post","status-publish","format-standard","has-post-thumbnail","hentry","category-dunya"],"jetpack_publicize_connections":[],"jetpack_featured_media_url":"https:\/\/kibrisayna.com\/wp-content\/uploads\/2025\/01\/333333.jpg","jetpack_sharing_enabled":true,"_links":{"self":[{"href":"https:\/\/kibrisayna.com\/index.php\/wp-json\/wp\/v2\/posts\/16698","targetHints":{"allow":["GET"]}}],"collection":[{"href":"https:\/\/kibrisayna.com\/index.php\/wp-json\/wp\/v2\/posts"}],"about":[{"href":"https:\/\/kibrisayna.com\/index.php\/wp-json\/wp\/v2\/types\/post"}],"author":[{"embeddable":true,"href":"https:\/\/kibrisayna.com\/index.php\/wp-json\/wp\/v2\/users\/908"}],"replies":[{"embeddable":true,"href":"https:\/\/kibrisayna.com\/index.php\/wp-json\/wp\/v2\/comments?post=16698"}],"version-history":[{"count":0,"href":"https:\/\/kibrisayna.com\/index.php\/wp-json\/wp\/v2\/posts\/16698\/revisions"}],"wp:featuredmedia":[{"embeddable":true,"href":"https:\/\/kibrisayna.com\/index.php\/wp-json\/wp\/v2\/media\/16699"}],"wp:attachment":[{"href":"https:\/\/kibrisayna.com\/index.php\/wp-json\/wp\/v2\/media?parent=16698"}],"wp:term":[{"taxonomy":"category","embeddable":true,"href":"https:\/\/kibrisayna.com\/index.php\/wp-json\/wp\/v2\/categories?post=16698"},{"taxonomy":"post_tag","embeddable":true,"href":"https:\/\/kibrisayna.com\/index.php\/wp-json\/wp\/v2\/tags?post=16698"}],"curies":[{"name":"wp","href":"https:\/\/api.w.org\/{rel}","templated":true}]}}