{"id":16696,"date":"2025-01-16T13:01:05","date_gmt":"2025-01-16T10:01:05","guid":{"rendered":"https:\/\/kibrisayna.com\/index.php\/2025\/01\/16\/mehmet-akif-ozturk-turkiye-u-16-milli-takiminda-brtk\/"},"modified":"2025-01-16T13:01:05","modified_gmt":"2025-01-16T10:01:05","slug":"mehmet-akif-ozturk-turkiye-u-16-milli-takiminda-brtk","status":"publish","type":"post","link":"https:\/\/kibrisayna.com\/index.php\/2025\/01\/16\/mehmet-akif-ozturk-turkiye-u-16-milli-takiminda-brtk\/","title":{"rendered":"Mehmet Akif \u00d6zt\u00fcrk, T\u00fcrkiye U 16 Milli tak\u0131m\u0131nda \u2013 BRTK"},"content":{"rendered":"<p> <br \/>\n<\/p>\n<div>\n<div class=\"mariselle-image-container none\">\n                <img loading=\"lazy\" decoding=\"async\" width=\"1000\" height=\"756\" class=\"lazy-image\" alt=\"\" sizes=\"auto, (max-width: 1000px) 100vw, 1000px\" src=\"https:\/\/brtk.net\/wp-content\/uploads\/2025\/01\/16\/MEHMET.jpeg?ver=f1b1978544a946b52e165ae96c2cb934\" srcset=\"https:\/\/brtk.net\/wp-content\/uploads\/2025\/01\/16\/MEHMET.jpeg?ver=f1b1978544a946b52e165ae96c2cb934 1000w, https:\/\/brtk.net\/wp-content\/uploads\/2025\/01\/16\/MEHMET-300x227.jpeg?ver=1a180ef64567de21cb65e17072f577de 300w, https:\/\/brtk.net\/wp-content\/uploads\/2025\/01\/16\/MEHMET-768x581.jpeg?ver=1a180ef64567de21cb65e17072f577de 768w\"\/>                            <\/div>\n<p>Basketbol ya\u015fant\u0131s\u0131n\u0131 T\u00fcrkiye Basketbolunun \u00f6nemli tak\u0131mlar\u0131ndan Petkimspor\u2019da sporda s\u00fcrd\u00fcren Mehmet Akif \u00d6zt\u00fcrk, T\u00fcrkiye U 16 Erkek Milli tak\u0131m\u0131na \u00e7a\u011fr\u0131ld\u0131.<\/p>\n<p>Mehmet Akif \u00d6zt\u00fcrk, 2025 Y\u0131ld\u0131z Erkekler Avrupa \u015eampiyonas\u0131na haz\u0131rlanan milli tak\u0131m\u0131n\u0131n 20-23 Ocak tarihlerinde \u0130stanbul\u2019da ger\u00e7ekle\u015fecek milli tak\u0131m \u00e7al\u0131\u015fmalar\u0131na kat\u0131lacak.<\/p>\n<p>Bu arada 24-26 Ocak tarihlerinde \u0130stanbul\u2019da ger\u00e7ekle\u015fecek TBF Uluslararas\u0131 Y\u0131ld\u0131z Erkekler Basketbol Turnuvas\u0131\u2019nda da Mehmet Akif \u00d6zt\u00fcrk tak\u0131mla bu turnuvada yer alacak.<\/p>\n<p>\u00a0<\/p>\n<p>\u00a0<\/p>\n<\/p><\/div>\n<p><script async\n                    defer\n                    crossorigin=\"anonymous\"\n                    src=\"https:\/\/connect.facebook.net\/tr_TR\/sdk.js#xfbml=1&#038;version=v3.3\"\n            ><\/script><br \/>\n<br \/><br \/>\n<br \/><a href=\"https:\/\/brtk.net\/mehmet-akif-ozturk-turkiye-u-16-milli-takiminda\/\">Kaynak BRT <\/a><\/p>\n","protected":false},"excerpt":{"rendered":"<p>Basketbol ya\u015fant\u0131s\u0131n\u0131 T\u00fcrkiye Basketbolunun \u00f6nemli tak\u0131mlar\u0131ndan Petkimspor\u2019da sporda s\u00fcrd\u00fcren Mehmet Akif \u00d6zt\u00fcrk, T\u00fcrkiye U 16 Erkek Milli tak\u0131m\u0131na \u00e7a\u011fr\u0131ld\u0131. Mehmet Akif \u00d6zt\u00fcrk, 2025 Y\u0131ld\u0131z Erkekler Avrupa \u015eampiyonas\u0131na haz\u0131rlanan milli tak\u0131m\u0131n\u0131n 20-23 Ocak tarihlerinde \u0130stanbul\u2019da ger\u00e7ekle\u015fecek milli tak\u0131m \u00e7al\u0131\u015fmalar\u0131na kat\u0131lacak. Bu arada 24-26 Ocak tarihlerinde \u0130stanbul\u2019da ger\u00e7ekle\u015fecek TBF Uluslararas\u0131 Y\u0131ld\u0131z Erkekler Basketbol Turnuvas\u0131\u2019nda da Mehmet Akif [&hellip;]<\/p>\n","protected":false},"author":908,"featured_media":16697,"comment_status":"open","ping_status":"open","sticky":false,"template":"","format":"standard","meta":{"_jetpack_memberships_contains_paid_content":false,"footnotes":"","jetpack_publicize_message":"","jetpack_publicize_feature_enabled":true,"jetpack_social_post_already_shared":true,"jetpack_social_options":{"image_generator_settings":{"template":"highway","default_image_id":0,"font":"","enabled":false},"version":2}},"categories":[9],"tags":[],"class_list":["post-16696","post","type-post","status-publish","format-standard","has-post-thumbnail","hentry","category-spor"],"jetpack_publicize_connections":[],"jetpack_featured_media_url":"https:\/\/kibrisayna.com\/wp-content\/uploads\/2025\/01\/MEHMET.jpeg","jetpack_sharing_enabled":true,"_links":{"self":[{"href":"https:\/\/kibrisayna.com\/index.php\/wp-json\/wp\/v2\/posts\/16696","targetHints":{"allow":["GET"]}}],"collection":[{"href":"https:\/\/kibrisayna.com\/index.php\/wp-json\/wp\/v2\/posts"}],"about":[{"href":"https:\/\/kibrisayna.com\/index.php\/wp-json\/wp\/v2\/types\/post"}],"author":[{"embeddable":true,"href":"https:\/\/kibrisayna.com\/index.php\/wp-json\/wp\/v2\/users\/908"}],"replies":[{"embeddable":true,"href":"https:\/\/kibrisayna.com\/index.php\/wp-json\/wp\/v2\/comments?post=16696"}],"version-history":[{"count":0,"href":"https:\/\/kibrisayna.com\/index.php\/wp-json\/wp\/v2\/posts\/16696\/revisions"}],"wp:featuredmedia":[{"embeddable":true,"href":"https:\/\/kibrisayna.com\/index.php\/wp-json\/wp\/v2\/media\/16697"}],"wp:attachment":[{"href":"https:\/\/kibrisayna.com\/index.php\/wp-json\/wp\/v2\/media?parent=16696"}],"wp:term":[{"taxonomy":"category","embeddable":true,"href":"https:\/\/kibrisayna.com\/index.php\/wp-json\/wp\/v2\/categories?post=16696"},{"taxonomy":"post_tag","embeddable":true,"href":"https:\/\/kibrisayna.com\/index.php\/wp-json\/wp\/v2\/tags?post=16696"}],"curies":[{"name":"wp","href":"https:\/\/api.w.org\/{rel}","templated":true}]}}