{"id":16694,"date":"2025-01-16T12:35:43","date_gmt":"2025-01-16T09:35:43","guid":{"rendered":"https:\/\/kibrisayna.com\/index.php\/2025\/01\/16\/kalkinma-planinda-saglikla-ilgili-modern-ve-yenilikci-vizyon-yok-brtk\/"},"modified":"2025-01-16T12:35:43","modified_gmt":"2025-01-16T09:35:43","slug":"kalkinma-planinda-saglikla-ilgili-modern-ve-yenilikci-vizyon-yok-brtk","status":"publish","type":"post","link":"https:\/\/kibrisayna.com\/index.php\/2025\/01\/16\/kalkinma-planinda-saglikla-ilgili-modern-ve-yenilikci-vizyon-yok-brtk\/","title":{"rendered":"Kalk\u0131nma Plan\u0131\u2019nda sa\u011fl\u0131kla ilgili modern ve yenilik\u00e7i vizyon yok \u2013 BRTK"},"content":{"rendered":"<p> <br \/>\n<\/p>\n<div>\n<div class=\"mariselle-image-container none\">\n                <img loading=\"lazy\" decoding=\"async\" width=\"630\" height=\"315\" class=\"lazy-image\" alt=\"\" sizes=\"auto, (max-width: 630px) 100vw, 630px\" src=\"https:\/\/brtk.net\/wp-content\/uploads\/2025\/01\/16\/KTTB.jpg?ver=3884076070f9a0a55735f0bc3941d7e1\" srcset=\"https:\/\/brtk.net\/wp-content\/uploads\/2025\/01\/16\/KTTB.jpg?ver=3884076070f9a0a55735f0bc3941d7e1 630w, https:\/\/brtk.net\/wp-content\/uploads\/2025\/01\/16\/KTTB-300x150.jpg?ver=65178d759caced62d411a5a8346e6b75 300w\"\/>                            <\/div>\n<p>K\u0131br\u0131s T\u00fcrk Tabipleri Birli\u011fi, sa\u011fl\u0131kla ilgili modern ve yenilik\u00e7i vizyonu olmayan be\u015f y\u0131ll\u0131k Kalk\u0131nma Plan\u0131\u2019n\u0131n tam bir hayal k\u0131r\u0131kl\u0131\u011f\u0131 oldu\u011funu belirtti.<\/p>\n<p>K\u0131br\u0131s T\u00fcrk Tabipleri Birli\u011fi Ba\u015fkan\u0131 Ceyhun Dalkan, \u201cBu plan, halk sa\u011fl\u0131\u011f\u0131n\u0131 hi\u00e7e sayan, sa\u011fl\u0131k sistemimizin k\u00f6kl\u00fc sorunlar\u0131na cesur \u00e7\u00f6z\u00fcmler bulan ve gelece\u011fe dair umut verici hi\u00e7bir somut ad\u0131m i\u00e7ermeyen bir belge niteli\u011findedir. \u00dclkenin sa\u011fl\u0131k sistemine dair \u00e7\u00f6z\u00fcm odakl\u0131 bir vizyon sunmamaktad\u0131r.\u201d de\u011ferlendirmesi yapt\u0131.<\/p>\n<p>Kalk\u0131nma Plan\u0131\u2019nda Lefko\u015fa\u2019ya modern yeni bir devlet\u00a0 hastanesi yat\u0131r\u0131m\u0131n\u0131n yer almamas\u0131n\u0131n \u201ckabul edilemez\u201d ve \u201ch\u00fck\u00fcmetin sa\u011fl\u0131k alan\u0131ndaki \u00f6nceliklerini tamamen yitirdi\u011finin en a\u00e7\u0131k g\u00f6stergesi\u201d oldu\u011funu kaydeden Dalkan, mevcut hastanenin fiziki ko\u015fullar\u0131n\u0131n yetersiz oldu\u011fu ve kapasitesinin doldu\u011fu belirterek, Lefko\u015fa\u2019da yeni bir devlet\u00a0 hastanesinin hayati bir ihtiya\u00e7 oldu\u011fu vurgulad\u0131.<\/p>\n<p>Planda genel sa\u011fl\u0131k sigortas\u0131na dair somut bir yol haritas\u0131 bulunmamas\u0131n\u0131n \u201ch\u00fck\u00fcmetin halk\u0131n temel sa\u011fl\u0131k hakk\u0131n\u0131 ciddiye almamas\u0131\u201d olarak de\u011ferlendirdiklerini s\u00f6yleyen Dalkan, \u201cBu kadar hayati bir konuda belirsizli\u011fin devam etmesi, halk\u0131 daha da b\u00fcy\u00fck sorunlarla ba\u015f ba\u015fa b\u0131rakacakt\u0131r. Sa\u011fl\u0131k hizmetlerine e\u015fit eri\u015fim hakk\u0131 s\u00f6zde kalmaktad\u0131r.\u201d ifadeleri kullan\u0131ld\u0131.<\/p>\n<p>D\u00fcnyan\u0131n her yerinde modern sa\u011fl\u0131k sistemlerinin temelini olu\u015fturan basamakl\u0131 sa\u011fl\u0131k hizmetleri sisteminin \u00fclkede hala olmamas\u0131n\u0131 ele\u015ftiren Dalkan, Kalk\u0131nma Plan\u0131\u2019n\u0131n bu konuda da herhangi bir reform veya somut plan sunmad\u0131\u011f\u0131n\u0131 ifade etti.<\/p>\n<p>Dalkan, h\u00fck\u00fcmete \u201c\u00f6nleyici, koruyucu sa\u011fl\u0131k politikalar\u0131n\u0131 g\u00f6z ard\u0131 etme\u201d itham\u0131nda bulunarak, koruyucu sa\u011fl\u0131k hizmetleriyle ilgili net bir plan olmad\u0131\u011f\u0131n\u0131 kaydetti. Dalkan, tedaviye dayal\u0131 sa\u011fl\u0131k sisteminin dayat\u0131ld\u0131\u011f\u0131 ve vizyonsuzlu\u011fun toplumun sa\u011fl\u0131kl\u0131 gelece\u011fini tehdit etti\u011fini belirtti.<\/p>\n<p>E-devlet ve e-sa\u011fl\u0131k projelerine de de\u011finilen Dalkan, \u201cE-devlet ve e-sa\u011fl\u0131k projelerine y\u00f6nelik olumlu ad\u0131mlar oldu\u011fu belirtilse de, bu projelerin bitirilmesi uzun s\u00fcredir beklenmektedir. S\u00fcrekli ertelenen bu proje ivedi hayata ge\u00e7irilmelidir. Hep s\u00f6yledi\u011fimiz e-re\u00e7ete, ila\u00e7 takip sistemi art\u0131k hayata ge\u00e7irilmeli, s\u00f6zde kalmamal\u0131d\u0131r.\u201d ifade etti.<\/p>\n<p>Girne ve G\u00fczelyurt hastanelerinin in\u015faat s\u00fcre\u00e7lerinin uzat\u0131lmamas\u0131n\u0131n istendi\u011fini kaydeden Dalkan, gecikmenin kabul edilemez bir noktaya ula\u015ft\u0131\u011f\u0131 ve bu projelerin acil zorunluluk oldu\u011funu vurgulad\u0131.<\/p>\n<p>Dalkan, sa\u011fl\u0131k hizmeti standardizasyonu ve kaliteden de bahsederek, \u201c\u00d6zellikle ya\u015fanan \u00e7ok \u00fcz\u00fcc\u00fc yenido\u011fan yo\u011fun bak\u0131m sorunu s\u00fcrecinde kalitenin art\u0131r\u0131lmas\u0131 ve standardizasyon ihtiyac\u0131 vurgumuz dikkate al\u0131nmam\u0131\u015ft\u0131r. Kalk\u0131nma plan\u0131nda kalite, akreditasyon vb. herhangi bir plan ve proje bulunmamas\u0131 kabul edilebilir de\u011fildir.\u00a0 Ayr\u0131ca hem kamu hem de \u00f6zel hastanelerin \u00f6nceden belirlenmi\u015f standartlara uygunlu\u011fu d\u00fczenli denetlenmelidir. Bu noktada sa\u011fl\u0131k bakanl\u0131\u011f\u0131 b\u00fcnyesinde denetim birimi olu\u015fturulmas\u0131 elzemdir.\u201d \u015feklinde devam etti.<\/p>\n<p>Hizmet i\u00e7i e\u011fitimlere \u00f6nem verilmesi gerekti\u011fini vurgulayan Dalkan, Sa\u011fl\u0131k Bakanl\u0131\u011f\u0131 b\u00fcnyesinde g\u00fcncel bilgi ve uygulamalar\u0131 i\u00e7eren e\u011fitimlerle ilgili bir plan ve proje olmamas\u0131 ele\u015ftirisinde bulundu.<\/p>\n<p>Dalkan, \u015f\u00f6yle devam etti:<\/p>\n<p>\u201cK\u0131br\u0131s T\u00fcrk Tabipleri Birli\u011fi olarak, 5 Y\u0131ll\u0131k Kalk\u0131nma Plan\u0131\u2019n\u0131n sa\u011fl\u0131k alan\u0131na y\u00f6nelik bu derece vizyonsuz, somut \u00e7\u00f6z\u00fcmlerden uzak ve halk sa\u011fl\u0131\u011f\u0131n\u0131 yeterince \u00f6nemsemeyen bir belge oldu\u011funu \u00fcz\u00fclerek belirtmek isteriz.\u00a0 Sa\u011fl\u0131k, toplumun anayasal hakk\u0131d\u0131r ve bu hakk\u0131n korunmas\u0131, h\u00fck\u00fcmetlerin birinci \u00f6nceli\u011fi olmal\u0131d\u0131r. Ancak bu \u2018kalk\u0131nma plan\u0131\u2019, sa\u011fl\u0131\u011fa y\u00f6nelik hi\u00e7bir ciddi plan, proje veya iyile\u015ftirme i\u00e7ermemektedir.\u00a0H\u00fck\u00fcmeti, halk sa\u011fl\u0131\u011f\u0131n\u0131 \u00f6nceleyen, sa\u011fl\u0131k \u00e7al\u0131\u015fanlar\u0131n\u0131n sorunlar\u0131na duyarl\u0131 ve sa\u011fl\u0131k altyap\u0131s\u0131na yat\u0131r\u0131m yapan, sa\u011fl\u0131kta eri\u015febilirli\u011fi art\u0131racak politikalar benimsemeye \u00e7a\u011f\u0131r\u0131yoruz.\u201d<\/p>\n<\/p><\/div>\n<p><script async\n                    defer\n                    crossorigin=\"anonymous\"\n                    src=\"https:\/\/connect.facebook.net\/tr_TR\/sdk.js#xfbml=1&#038;version=v3.3\"\n            ><\/script><br \/>\n<br \/><br \/>\n<br \/><a href=\"https:\/\/brtk.net\/tabipler-birligi-kalkinma-planinda-saglikla-ilgili-modern-ve-yenilikci-vizyon-yok\/\">Kaynak BRT <\/a><\/p>\n","protected":false},"excerpt":{"rendered":"<p>K\u0131br\u0131s T\u00fcrk Tabipleri Birli\u011fi, sa\u011fl\u0131kla ilgili modern ve yenilik\u00e7i vizyonu olmayan be\u015f y\u0131ll\u0131k Kalk\u0131nma Plan\u0131\u2019n\u0131n tam bir hayal k\u0131r\u0131kl\u0131\u011f\u0131 oldu\u011funu belirtti. K\u0131br\u0131s T\u00fcrk Tabipleri Birli\u011fi Ba\u015fkan\u0131 Ceyhun Dalkan, \u201cBu plan, halk sa\u011fl\u0131\u011f\u0131n\u0131 hi\u00e7e sayan, sa\u011fl\u0131k sistemimizin k\u00f6kl\u00fc sorunlar\u0131na cesur \u00e7\u00f6z\u00fcmler bulan ve gelece\u011fe dair umut verici hi\u00e7bir somut ad\u0131m i\u00e7ermeyen bir belge niteli\u011findedir. \u00dclkenin sa\u011fl\u0131k [&hellip;]<\/p>\n","protected":false},"author":908,"featured_media":16695,"comment_status":"open","ping_status":"open","sticky":false,"template":"","format":"standard","meta":{"_jetpack_memberships_contains_paid_content":false,"footnotes":"","jetpack_publicize_message":"","jetpack_publicize_feature_enabled":true,"jetpack_social_post_already_shared":true,"jetpack_social_options":{"image_generator_settings":{"template":"highway","default_image_id":0,"font":"","enabled":false},"version":2}},"categories":[253],"tags":[],"class_list":["post-16694","post","type-post","status-publish","format-standard","has-post-thumbnail","hentry","category-gundem"],"jetpack_publicize_connections":[],"jetpack_featured_media_url":"https:\/\/kibrisayna.com\/wp-content\/uploads\/2025\/01\/KTTB.jpg","jetpack_sharing_enabled":true,"_links":{"self":[{"href":"https:\/\/kibrisayna.com\/index.php\/wp-json\/wp\/v2\/posts\/16694","targetHints":{"allow":["GET"]}}],"collection":[{"href":"https:\/\/kibrisayna.com\/index.php\/wp-json\/wp\/v2\/posts"}],"about":[{"href":"https:\/\/kibrisayna.com\/index.php\/wp-json\/wp\/v2\/types\/post"}],"author":[{"embeddable":true,"href":"https:\/\/kibrisayna.com\/index.php\/wp-json\/wp\/v2\/users\/908"}],"replies":[{"embeddable":true,"href":"https:\/\/kibrisayna.com\/index.php\/wp-json\/wp\/v2\/comments?post=16694"}],"version-history":[{"count":0,"href":"https:\/\/kibrisayna.com\/index.php\/wp-json\/wp\/v2\/posts\/16694\/revisions"}],"wp:featuredmedia":[{"embeddable":true,"href":"https:\/\/kibrisayna.com\/index.php\/wp-json\/wp\/v2\/media\/16695"}],"wp:attachment":[{"href":"https:\/\/kibrisayna.com\/index.php\/wp-json\/wp\/v2\/media?parent=16694"}],"wp:term":[{"taxonomy":"category","embeddable":true,"href":"https:\/\/kibrisayna.com\/index.php\/wp-json\/wp\/v2\/categories?post=16694"},{"taxonomy":"post_tag","embeddable":true,"href":"https:\/\/kibrisayna.com\/index.php\/wp-json\/wp\/v2\/tags?post=16694"}],"curies":[{"name":"wp","href":"https:\/\/api.w.org\/{rel}","templated":true}]}}