{"id":16689,"date":"2025-01-16T12:16:14","date_gmt":"2025-01-16T09:16:14","guid":{"rendered":"https:\/\/kibrisayna.com\/index.php\/2025\/01\/16\/1-kisi-hayatini-kaybetti-brtk-3\/"},"modified":"2025-01-16T12:16:14","modified_gmt":"2025-01-16T09:16:14","slug":"1-kisi-hayatini-kaybetti-brtk-3","status":"publish","type":"post","link":"https:\/\/kibrisayna.com\/index.php\/2025\/01\/16\/1-kisi-hayatini-kaybetti-brtk-3\/","title":{"rendered":"1 ki\u015fi hayat\u0131n\u0131 kaybetti \u2013 BRTK"},"content":{"rendered":"<p> <br \/>\n<\/p>\n<div>\n<div class=\"mariselle-image-container center\">\n                <img loading=\"lazy\" decoding=\"async\" width=\"460\" height=\"276\" class=\"lazy-image\" alt=\"\" sizes=\"auto, (max-width: 460px) 100vw, 460px\" src=\"https:\/\/brtk.net\/wp-content\/uploads\/2024\/12\/29\/1735457824207olum32.jpg?ver=c68a4d6847f388684b43eb4340dd73f9\" srcset=\"https:\/\/brtk.net\/wp-content\/uploads\/2024\/12\/29\/1735457824207olum32.jpg?ver=c68a4d6847f388684b43eb4340dd73f9 460w, https:\/\/brtk.net\/wp-content\/uploads\/2024\/12\/29\/1735457824207olum32-300x180.jpg?ver=c68a4d6847f388684b43eb4340dd73f9 300w\"\/>                            <\/div>\n<p>Polis Bas\u0131n Subayl\u0131\u011f\u0131\u2019ndan verilen bilgiye g\u00f6re bu sabah saat 09.30 s\u0131ralar\u0131nda, Mutluyaka\u2019da, Mormenek\u015fe\u2019de sakin Tamer ZEDEN (E-62), bir tarla i\u00e7erisinde kullan\u0131m\u0131ndaki trakt\u00f6r\u00fcn arkas\u0131nda tak\u0131l\u0131 bulunan saban\u0131n bak\u0131m\u0131n\u0131 yapmak i\u00e7in, yerde bulundu\u011fu s\u0131rada trakt\u00f6r\u00fc \u00e7al\u0131\u015ft\u0131rmas\u0131 sonucu, trakt\u00f6r\u00fcn ileri hareket etmesi ile a\u011f\u0131r \u015fekilde yaralanm\u0131\u015ft\u0131r.<\/p>\n<p>Tamer ZEDEN, Gazima\u011fusa Devlet Hastanesine kald\u0131r\u0131ld\u0131\u011f\u0131 s\u0131rada yap\u0131lan t\u00fcm m\u00fcdahalelere ra\u011fmen kurtar\u0131lamayarak ya\u015fam\u0131n\u0131 yitirmi\u015ftir. <\/p>\n<p>Polisin olayla ilgili soru\u015fturmas\u0131 devam etmektedir<\/p>\n<\/p><\/div>\n<p><script async\n                    defer\n                    crossorigin=\"anonymous\"\n                    src=\"https:\/\/connect.facebook.net\/tr_TR\/sdk.js#xfbml=1&#038;version=v3.3\"\n            ><\/script><br \/>\n<br \/><br \/>\n<br \/><a href=\"https:\/\/brtk.net\/mutluyakada-is-kazasi-1-kisi-hayatini-kaybetti\/\">Kaynak BRT <\/a><\/p>\n","protected":false},"excerpt":{"rendered":"<p>Polis Bas\u0131n Subayl\u0131\u011f\u0131\u2019ndan verilen bilgiye g\u00f6re bu sabah saat 09.30 s\u0131ralar\u0131nda, Mutluyaka\u2019da, Mormenek\u015fe\u2019de sakin Tamer ZEDEN (E-62), bir tarla i\u00e7erisinde kullan\u0131m\u0131ndaki trakt\u00f6r\u00fcn arkas\u0131nda tak\u0131l\u0131 bulunan saban\u0131n bak\u0131m\u0131n\u0131 yapmak i\u00e7in, yerde bulundu\u011fu s\u0131rada trakt\u00f6r\u00fc \u00e7al\u0131\u015ft\u0131rmas\u0131 sonucu, trakt\u00f6r\u00fcn ileri hareket etmesi ile a\u011f\u0131r \u015fekilde yaralanm\u0131\u015ft\u0131r. Tamer ZEDEN, Gazima\u011fusa Devlet Hastanesine kald\u0131r\u0131ld\u0131\u011f\u0131 s\u0131rada yap\u0131lan t\u00fcm m\u00fcdahalelere ra\u011fmen kurtar\u0131lamayarak [&hellip;]<\/p>\n","protected":false},"author":908,"featured_media":13283,"comment_status":"open","ping_status":"open","sticky":false,"template":"","format":"standard","meta":{"_jetpack_memberships_contains_paid_content":false,"footnotes":"","jetpack_publicize_message":"","jetpack_publicize_feature_enabled":true,"jetpack_social_post_already_shared":true,"jetpack_social_options":{"image_generator_settings":{"template":"highway","default_image_id":0,"font":"","enabled":false},"version":2}},"categories":[253],"tags":[],"class_list":["post-16689","post","type-post","status-publish","format-standard","has-post-thumbnail","hentry","category-gundem"],"jetpack_publicize_connections":[],"jetpack_featured_media_url":"https:\/\/kibrisayna.com\/wp-content\/uploads\/2024\/12\/olum324.jpg","jetpack_sharing_enabled":true,"_links":{"self":[{"href":"https:\/\/kibrisayna.com\/index.php\/wp-json\/wp\/v2\/posts\/16689","targetHints":{"allow":["GET"]}}],"collection":[{"href":"https:\/\/kibrisayna.com\/index.php\/wp-json\/wp\/v2\/posts"}],"about":[{"href":"https:\/\/kibrisayna.com\/index.php\/wp-json\/wp\/v2\/types\/post"}],"author":[{"embeddable":true,"href":"https:\/\/kibrisayna.com\/index.php\/wp-json\/wp\/v2\/users\/908"}],"replies":[{"embeddable":true,"href":"https:\/\/kibrisayna.com\/index.php\/wp-json\/wp\/v2\/comments?post=16689"}],"version-history":[{"count":0,"href":"https:\/\/kibrisayna.com\/index.php\/wp-json\/wp\/v2\/posts\/16689\/revisions"}],"wp:featuredmedia":[{"embeddable":true,"href":"https:\/\/kibrisayna.com\/index.php\/wp-json\/wp\/v2\/media\/13283"}],"wp:attachment":[{"href":"https:\/\/kibrisayna.com\/index.php\/wp-json\/wp\/v2\/media?parent=16689"}],"wp:term":[{"taxonomy":"category","embeddable":true,"href":"https:\/\/kibrisayna.com\/index.php\/wp-json\/wp\/v2\/categories?post=16689"},{"taxonomy":"post_tag","embeddable":true,"href":"https:\/\/kibrisayna.com\/index.php\/wp-json\/wp\/v2\/tags?post=16689"}],"curies":[{"name":"wp","href":"https:\/\/api.w.org\/{rel}","templated":true}]}}