{"id":16687,"date":"2025-01-16T12:11:36","date_gmt":"2025-01-16T09:11:36","guid":{"rendered":"https:\/\/kibrisayna.com\/index.php\/2025\/01\/16\/trump-tiktoku-kurtaracak-mi-son-dakika-teknoloji-haberleri\/"},"modified":"2025-01-16T12:11:36","modified_gmt":"2025-01-16T09:11:36","slug":"trump-tiktoku-kurtaracak-mi-son-dakika-teknoloji-haberleri","status":"publish","type":"post","link":"https:\/\/kibrisayna.com\/index.php\/2025\/01\/16\/trump-tiktoku-kurtaracak-mi-son-dakika-teknoloji-haberleri\/","title":{"rendered":"Trump, TikTok&#8217;u kurtaracak m\u0131? &#8211; Son Dakika Teknoloji Haberleri"},"content":{"rendered":"<p> <br \/>\n<\/p>\n<div>\n<p><a href=\"https:\/\/www.ntv.com.tr\/abd\" target=\"_blank\" rel=\"tag noopener\">ABD<\/a>&#8216;de sosyal medya platformu TikTok&#8217;un yasaklanmas\u0131 i\u00e7in geri say\u0131m ba\u015flad\u0131. Amerikal\u0131 al\u0131c\u0131 bulamamas\u0131 halinde TikTok, 19 Ocak&#8217;ta kapanacak.<\/p>\n<p>G\u00f6revi devralmaya haz\u0131rlanan ba\u015fkan Donal Trump&#8217;\u0131n TikTok i\u00e7in farkl\u0131 se\u00e7enekleri ara\u015ft\u0131rd\u0131\u011f\u0131 belirtildi.<\/p>\n<p>Trump&#8217;\u0131n ulusal g\u00fcvenlik dan\u0131\u015fmanl\u0131\u011f\u0131na aday g\u00f6sterdi\u011fi Mike Waltz, 20 Ocak&#8217;taki yemin t\u00f6reni sonras\u0131 Trump&#8217;\u0131n TikTok&#8217;u kurtarmak i\u00e7in se\u00e7enekleri ara\u015ft\u0131rd\u0131\u011f\u0131n\u0131 a\u00e7\u0131klad\u0131.<\/p>\n<p>Washington Post&#8217;un haberine g\u00f6re Trump, TikTok yasaklama veya sat\u0131\u015f yasas\u0131n\u0131n uygulanmas\u0131n\u0131 60 ila 90 g\u00fcn ask\u0131ya alacak bir y\u00fcr\u00fctme emri \u00e7\u0131karabilir.<\/p>\n<p>\u00c7in merkezli teknolji devi ByteDance&#8217;in uygulamay\u0131 19 Ocak&#8217;a kadar satmas\u0131 gerekiyor.<\/p>\n<p>Waltz, TikTok&#8217;un Amerikal\u0131n\u0131n kulland\u0131\u011f\u0131 ve ba\u015fkan\u0131n kampanyas\u0131n\u0131 iletmek i\u00e7in harika bir ugulama oldu\u011funu dile getirdi. Verilerin korunmas\u0131 gerekti\u011fine de vurgu yapan Waltz, &#8221; Ba\u015fkan Trump harika bir arabulucu, alan yarataca\u011f\u0131z&#8221; dedi.<\/p>\n<p>Trump, ba\u015fkanl\u0131k kampanyas\u0131nda gen\u00e7 se\u00e7menleri etkilemek i\u00e7in TikTok&#8217;u aktif bir \u015fekilde kullanm\u0131\u015ft\u0131.<\/p>\n<\/div>\n<p><br \/>\n<br \/><a href=\"https:\/\/www.ntv.com.tr\/teknoloji\/trump-tiktoku-kurtaracak-mi,k9gn4cm_o0O87SQwilVjzA\"><\/a><\/p>\n","protected":false},"excerpt":{"rendered":"<p>ABD&#8216;de sosyal medya platformu TikTok&#8217;un yasaklanmas\u0131 i\u00e7in geri say\u0131m ba\u015flad\u0131. Amerikal\u0131 al\u0131c\u0131 bulamamas\u0131 halinde TikTok, 19 Ocak&#8217;ta kapanacak. G\u00f6revi devralmaya haz\u0131rlanan ba\u015fkan Donal Trump&#8217;\u0131n TikTok i\u00e7in farkl\u0131 se\u00e7enekleri ara\u015ft\u0131rd\u0131\u011f\u0131 belirtildi. Trump&#8217;\u0131n ulusal g\u00fcvenlik dan\u0131\u015fmanl\u0131\u011f\u0131na aday g\u00f6sterdi\u011fi Mike Waltz, 20 Ocak&#8217;taki yemin t\u00f6reni sonras\u0131 Trump&#8217;\u0131n TikTok&#8217;u kurtarmak i\u00e7in se\u00e7enekleri ara\u015ft\u0131rd\u0131\u011f\u0131n\u0131 a\u00e7\u0131klad\u0131. Washington Post&#8217;un haberine g\u00f6re Trump, [&hellip;]<\/p>\n","protected":false},"author":908,"featured_media":16688,"comment_status":"open","ping_status":"open","sticky":false,"template":"","format":"standard","meta":{"_jetpack_memberships_contains_paid_content":false,"footnotes":"","jetpack_publicize_message":"","jetpack_publicize_feature_enabled":true,"jetpack_social_post_already_shared":true,"jetpack_social_options":{"image_generator_settings":{"template":"highway","default_image_id":0,"font":"","enabled":false},"version":2}},"categories":[12],"tags":[],"class_list":["post-16687","post","type-post","status-publish","format-standard","has-post-thumbnail","hentry","category-teknoloji"],"jetpack_publicize_connections":[],"jetpack_featured_media_url":"https:\/\/kibrisayna.com\/wp-content\/uploads\/2025\/01\/fX5ck4X9mkeT2zJ3qLNsUQ.jpg","jetpack_sharing_enabled":true,"_links":{"self":[{"href":"https:\/\/kibrisayna.com\/index.php\/wp-json\/wp\/v2\/posts\/16687","targetHints":{"allow":["GET"]}}],"collection":[{"href":"https:\/\/kibrisayna.com\/index.php\/wp-json\/wp\/v2\/posts"}],"about":[{"href":"https:\/\/kibrisayna.com\/index.php\/wp-json\/wp\/v2\/types\/post"}],"author":[{"embeddable":true,"href":"https:\/\/kibrisayna.com\/index.php\/wp-json\/wp\/v2\/users\/908"}],"replies":[{"embeddable":true,"href":"https:\/\/kibrisayna.com\/index.php\/wp-json\/wp\/v2\/comments?post=16687"}],"version-history":[{"count":0,"href":"https:\/\/kibrisayna.com\/index.php\/wp-json\/wp\/v2\/posts\/16687\/revisions"}],"wp:featuredmedia":[{"embeddable":true,"href":"https:\/\/kibrisayna.com\/index.php\/wp-json\/wp\/v2\/media\/16688"}],"wp:attachment":[{"href":"https:\/\/kibrisayna.com\/index.php\/wp-json\/wp\/v2\/media?parent=16687"}],"wp:term":[{"taxonomy":"category","embeddable":true,"href":"https:\/\/kibrisayna.com\/index.php\/wp-json\/wp\/v2\/categories?post=16687"},{"taxonomy":"post_tag","embeddable":true,"href":"https:\/\/kibrisayna.com\/index.php\/wp-json\/wp\/v2\/tags?post=16687"}],"curies":[{"name":"wp","href":"https:\/\/api.w.org\/{rel}","templated":true}]}}