{"id":16679,"date":"2025-01-16T11:50:11","date_gmt":"2025-01-16T08:50:11","guid":{"rendered":"https:\/\/kibrisayna.com\/index.php\/2025\/01\/16\/tt-devlete-454-milyon-416-bin-tllik-odeme-yaptigini-acikladi-brtk\/"},"modified":"2025-01-16T11:50:11","modified_gmt":"2025-01-16T08:50:11","slug":"tt-devlete-454-milyon-416-bin-tllik-odeme-yaptigini-acikladi-brtk","status":"publish","type":"post","link":"https:\/\/kibrisayna.com\/index.php\/2025\/01\/16\/tt-devlete-454-milyon-416-bin-tllik-odeme-yaptigini-acikladi-brtk\/","title":{"rendered":"T&#038;T, devlete 454 milyon 416 bin TL\u2019lik \u00f6deme yapt\u0131\u011f\u0131n\u0131 a\u00e7\u0131klad\u0131 \u2013 BRTK"},"content":{"rendered":"<p> <br \/>\n<\/p>\n<div>\n<div class=\"mariselle-image-container none\">\n                <img loading=\"lazy\" decoding=\"async\" width=\"930\" height=\"418\" class=\"lazy-image\" alt=\"\" sizes=\"auto, (max-width: 930px) 100vw, 930px\" src=\"https:\/\/brtk.net\/wp-content\/uploads\/2025\/01\/16\/Ercan-Havalimani-1.jpg?ver=71157b4f3d0615a47fdb421f491f6837\" srcset=\"https:\/\/brtk.net\/wp-content\/uploads\/2025\/01\/16\/Ercan-Havalimani-1.jpg?ver=71157b4f3d0615a47fdb421f491f6837 930w, https:\/\/brtk.net\/wp-content\/uploads\/2025\/01\/16\/Ercan-Havalimani-1-300x135.jpg?ver=aab335d3b8954931e39619652f53ee5d 300w, https:\/\/brtk.net\/wp-content\/uploads\/2025\/01\/16\/Ercan-Havalimani-1-768x345.jpg?ver=aab335d3b8954931e39619652f53ee5d 768w\"\/>                            <\/div>\n<p>T&amp;T Ercan Havaliman\u0131 \u0130\u015fletmecili\u011fi, 2024 y\u0131l\u0131 d\u00f6rd\u00fcnc\u00fc d\u00f6nem (ekim- kas\u0131m- aral\u0131k) \u00fc\u00e7 ayl\u0131k KDV dahil ciro pay\u0131 olarak Maliye Bakanl\u0131\u011f\u0131\u2019na 454 milyon 416 bin 54 TL\u2019lik \u00f6deme yapt\u0131\u011f\u0131n\u0131 bildirdi.<\/p>\n<p>Ercan Havaliman\u0131\u2019n\u0131n i\u015fletmecisi T&amp;T \u0130n\u015faat Sanayi ve Ticaret \u015eirketi Limited\u2019den yap\u0131lan a\u00e7\u0131klamaya g\u00f6re, Y\u00f6netim Kurulu Ba\u015fkan\u0131 Emrullah Turanl\u0131, KKTC devleti ve maliyesine y\u00fck\u00fcml\u00fcl\u00fckleri olan ciro \u00f6demelerini kesintisiz olarak \u00f6demeye devam ettiklerini ifade etti.<\/p>\n<p>Turanl\u0131, yeni Ercan Havaliman\u0131\u2019n\u0131n modern yap\u0131s\u0131yla K\u0131br\u0131s T\u00fcrk halk\u0131na yara\u015f\u0131r \u015fekilde yolculara en iyi hizmeti vermeye devam edece\u011fini kaydetti.<\/p>\n<p>Ercan\u2019a herkesin sahip \u00e7\u0131kmas\u0131 gerekti\u011fini belirten Turanl\u0131, hizmet kalitesinden asla taviz vermeyecekleri de belirtti.<\/p>\n<\/p><\/div>\n<p><script async\n                    defer\n                    crossorigin=\"anonymous\"\n                    src=\"https:\/\/connect.facebook.net\/tr_TR\/sdk.js#xfbml=1&#038;version=v3.3\"\n            ><\/script><br \/>\n<br \/><br \/>\n<br \/><a href=\"https:\/\/brtk.net\/tt-devlete-454-milyon-416-bin-tllik-odeme-yaptigini-acikladi\/\">Kaynak BRT <\/a><\/p>\n","protected":false},"excerpt":{"rendered":"<p>T&amp;T Ercan Havaliman\u0131 \u0130\u015fletmecili\u011fi, 2024 y\u0131l\u0131 d\u00f6rd\u00fcnc\u00fc d\u00f6nem (ekim- kas\u0131m- aral\u0131k) \u00fc\u00e7 ayl\u0131k KDV dahil ciro pay\u0131 olarak Maliye Bakanl\u0131\u011f\u0131\u2019na 454 milyon 416 bin 54 TL\u2019lik \u00f6deme yapt\u0131\u011f\u0131n\u0131 bildirdi. Ercan Havaliman\u0131\u2019n\u0131n i\u015fletmecisi T&amp;T \u0130n\u015faat Sanayi ve Ticaret \u015eirketi Limited\u2019den yap\u0131lan a\u00e7\u0131klamaya g\u00f6re, Y\u00f6netim Kurulu Ba\u015fkan\u0131 Emrullah Turanl\u0131, KKTC devleti ve maliyesine y\u00fck\u00fcml\u00fcl\u00fckleri olan ciro \u00f6demelerini [&hellip;]<\/p>\n","protected":false},"author":908,"featured_media":16680,"comment_status":"open","ping_status":"open","sticky":false,"template":"","format":"standard","meta":{"_jetpack_memberships_contains_paid_content":false,"footnotes":"","jetpack_publicize_message":"","jetpack_publicize_feature_enabled":true,"jetpack_social_post_already_shared":true,"jetpack_social_options":{"image_generator_settings":{"template":"highway","default_image_id":0,"font":"","enabled":false},"version":2}},"categories":[253],"tags":[],"class_list":["post-16679","post","type-post","status-publish","format-standard","has-post-thumbnail","hentry","category-gundem"],"jetpack_publicize_connections":[],"jetpack_featured_media_url":"https:\/\/kibrisayna.com\/wp-content\/uploads\/2025\/01\/Ercan-Havalimani-1.jpg","jetpack_sharing_enabled":true,"_links":{"self":[{"href":"https:\/\/kibrisayna.com\/index.php\/wp-json\/wp\/v2\/posts\/16679","targetHints":{"allow":["GET"]}}],"collection":[{"href":"https:\/\/kibrisayna.com\/index.php\/wp-json\/wp\/v2\/posts"}],"about":[{"href":"https:\/\/kibrisayna.com\/index.php\/wp-json\/wp\/v2\/types\/post"}],"author":[{"embeddable":true,"href":"https:\/\/kibrisayna.com\/index.php\/wp-json\/wp\/v2\/users\/908"}],"replies":[{"embeddable":true,"href":"https:\/\/kibrisayna.com\/index.php\/wp-json\/wp\/v2\/comments?post=16679"}],"version-history":[{"count":0,"href":"https:\/\/kibrisayna.com\/index.php\/wp-json\/wp\/v2\/posts\/16679\/revisions"}],"wp:featuredmedia":[{"embeddable":true,"href":"https:\/\/kibrisayna.com\/index.php\/wp-json\/wp\/v2\/media\/16680"}],"wp:attachment":[{"href":"https:\/\/kibrisayna.com\/index.php\/wp-json\/wp\/v2\/media?parent=16679"}],"wp:term":[{"taxonomy":"category","embeddable":true,"href":"https:\/\/kibrisayna.com\/index.php\/wp-json\/wp\/v2\/categories?post=16679"},{"taxonomy":"post_tag","embeddable":true,"href":"https:\/\/kibrisayna.com\/index.php\/wp-json\/wp\/v2\/tags?post=16679"}],"curies":[{"name":"wp","href":"https:\/\/api.w.org\/{rel}","templated":true}]}}