{"id":16675,"date":"2025-01-16T11:38:16","date_gmt":"2025-01-16T08:38:16","guid":{"rendered":"https:\/\/kibrisayna.com\/index.php\/2025\/01\/16\/tipioglu-turk-baris-kuvvetleri-gaziler-dernegi-ni-ziyaret-ederek-gazilerle-bulustu-brtk\/"},"modified":"2025-01-16T11:38:16","modified_gmt":"2025-01-16T08:38:16","slug":"tipioglu-turk-baris-kuvvetleri-gaziler-dernegi-ni-ziyaret-ederek-gazilerle-bulustu-brtk","status":"publish","type":"post","link":"https:\/\/kibrisayna.com\/index.php\/2025\/01\/16\/tipioglu-turk-baris-kuvvetleri-gaziler-dernegi-ni-ziyaret-ederek-gazilerle-bulustu-brtk\/","title":{"rendered":"Tipio\u011flu, T\u00fcrk Bar\u0131\u015f Kuvvetleri Gaziler Derne\u011fi \u2019ni ziyaret ederek gazilerle bulu\u015ftu \u2013 BRTK"},"content":{"rendered":"<p> <br \/>\n<\/p>\n<div>\n<div class=\"mariselle-image-container center\">\n                <img loading=\"lazy\" decoding=\"async\" width=\"2048\" height=\"1185\" class=\"lazy-image\" alt=\"\" sizes=\"auto, (max-width: 2048px) 100vw, 2048px\" src=\"https:\/\/brtk.net\/wp-content\/uploads\/2025\/01\/16\/GhVVVwrXcAAYV43.jpg?ver=3bfac2e0b8136a19e402c466c22b6416\" srcset=\"https:\/\/brtk.net\/wp-content\/uploads\/2025\/01\/16\/GhVVVwrXcAAYV43.jpg?ver=3bfac2e0b8136a19e402c466c22b6416 2048w, https:\/\/brtk.net\/wp-content\/uploads\/2025\/01\/16\/GhVVVwrXcAAYV43-300x174.jpg?ver=5b061033ba172e3219c88bdb98fabcb1 300w, https:\/\/brtk.net\/wp-content\/uploads\/2025\/01\/16\/GhVVVwrXcAAYV43-1024x593.jpg?ver=5b061033ba172e3219c88bdb98fabcb1 1024w, https:\/\/brtk.net\/wp-content\/uploads\/2025\/01\/16\/GhVVVwrXcAAYV43-768x444.jpg?ver=5b061033ba172e3219c88bdb98fabcb1 768w, https:\/\/brtk.net\/wp-content\/uploads\/2025\/01\/16\/GhVVVwrXcAAYV43-1536x889.jpg?ver=7cc3b6a6cb3ac25d3115b9f7117a3d8b 1536w\"\/>                            <\/div>\n<p>T\u00fcrkiye B\u00fcy\u00fck Millet Meclisi G\u00fcvenlik ve \u0130stihbarat Komisyonu Ba\u015fkan\u0131 Veysal Tipio\u011flu ve heyeti T\u00fcrk Bar\u0131\u015f Kuvvetleri Gaziler Derne\u011fi\u2019ni ziyaret etti. <\/p>\n<p>   T\u00fcrk Bar\u0131\u015f Kuvvetleri Gaziler Derne\u011fi Genel Ba\u015fkan\u0131 Nusrettin Yuca, ziyaretten duydu\u011fu memnuniyeti dile getirerek Tipio\u011flu\u2019na an\u0131 plaketi takdim etti. <\/p>\n<div class=\"mariselle-image-container center\">\n                <img loading=\"lazy\" decoding=\"async\" width=\"1600\" height=\"924\" class=\"lazy-image\" alt=\"\" sizes=\"auto, (max-width: 1600px) 100vw, 1600px\" src=\"https:\/\/brtk.net\/wp-content\/uploads\/2025\/01\/16\/GhVVVwpXwAAbfLk.jpg?ver=d7ef461c99b8391fb1696a18cc08e3f0\" srcset=\"https:\/\/brtk.net\/wp-content\/uploads\/2025\/01\/16\/GhVVVwpXwAAbfLk.jpg?ver=d7ef461c99b8391fb1696a18cc08e3f0 1600w, https:\/\/brtk.net\/wp-content\/uploads\/2025\/01\/16\/GhVVVwpXwAAbfLk-300x173.jpg?ver=a3e0a67b3d19c84f84c35d1a867f2d56 300w, https:\/\/brtk.net\/wp-content\/uploads\/2025\/01\/16\/GhVVVwpXwAAbfLk-1024x591.jpg?ver=a277c32b4af1d33dbf8bd048128dd12b 1024w, https:\/\/brtk.net\/wp-content\/uploads\/2025\/01\/16\/GhVVVwpXwAAbfLk-768x444.jpg?ver=a277c32b4af1d33dbf8bd048128dd12b 768w, https:\/\/brtk.net\/wp-content\/uploads\/2025\/01\/16\/GhVVVwpXwAAbfLk-1536x887.jpg?ver=4800f8e645c9f120e6edafbea70a78bb 1536w\"\/>                            <\/div>\n<p>   TBMM G\u00fcvenlik ve \u0130stihbarat Komisyonu Ba\u015fkan\u0131 Veysal Tipio\u011flu da, gazilere minnettarl\u0131\u011f\u0131n\u0131 ifade etmek \u00fczere ziyareti ger\u00e7ekle\u015ftirildi\u011fini s\u00f6yledi. <\/p>\n<p>  T\u00fcrkiye Cumhuriyeti\u2019nin Kuzey K\u0131br\u0131s\u2019\u0131n hakl\u0131 m\u00fccadelesinde ge\u00e7mi\u015fte oldu\u011fu gibi bug\u00fcn de yan\u0131nda oldu\u011funu ifade eden Tipio\u011flu, gazilerin T\u00fcrk milletinin t\u00f6reninde ya\u015fayan kahramanlar oldu\u011funu da s\u00f6zlerine ekledi.<\/p>\n<\/p><\/div>\n<p><script async\n                    defer\n                    crossorigin=\"anonymous\"\n                    src=\"https:\/\/connect.facebook.net\/tr_TR\/sdk.js#xfbml=1&#038;version=v3.3\"\n            ><\/script><br \/>\n<br \/><br \/>\n<br \/><a href=\"https:\/\/brtk.net\/tipioglu-turk-baris-kuvvetleri-gaziler-dernegi-ni-ziyaret-ederek-gazilerle-bulustu\/\">Kaynak BRT <\/a><\/p>\n","protected":false},"excerpt":{"rendered":"<p>T\u00fcrkiye B\u00fcy\u00fck Millet Meclisi G\u00fcvenlik ve \u0130stihbarat Komisyonu Ba\u015fkan\u0131 Veysal Tipio\u011flu ve heyeti T\u00fcrk Bar\u0131\u015f Kuvvetleri Gaziler Derne\u011fi\u2019ni ziyaret etti. T\u00fcrk Bar\u0131\u015f Kuvvetleri Gaziler Derne\u011fi Genel Ba\u015fkan\u0131 Nusrettin Yuca, ziyaretten duydu\u011fu memnuniyeti dile getirerek Tipio\u011flu\u2019na an\u0131 plaketi takdim etti. TBMM G\u00fcvenlik ve \u0130stihbarat Komisyonu Ba\u015fkan\u0131 Veysal Tipio\u011flu da, gazilere minnettarl\u0131\u011f\u0131n\u0131 ifade etmek \u00fczere ziyareti ger\u00e7ekle\u015ftirildi\u011fini [&hellip;]<\/p>\n","protected":false},"author":908,"featured_media":16676,"comment_status":"open","ping_status":"open","sticky":false,"template":"","format":"standard","meta":{"_jetpack_memberships_contains_paid_content":false,"footnotes":"","jetpack_publicize_message":"","jetpack_publicize_feature_enabled":true,"jetpack_social_post_already_shared":true,"jetpack_social_options":{"image_generator_settings":{"template":"highway","default_image_id":0,"font":"","enabled":false},"version":2}},"categories":[253],"tags":[],"class_list":["post-16675","post","type-post","status-publish","format-standard","has-post-thumbnail","hentry","category-gundem"],"jetpack_publicize_connections":[],"jetpack_featured_media_url":"https:\/\/kibrisayna.com\/wp-content\/uploads\/2025\/01\/GhVVVwrXcAAYV43.jpg","jetpack_sharing_enabled":true,"_links":{"self":[{"href":"https:\/\/kibrisayna.com\/index.php\/wp-json\/wp\/v2\/posts\/16675","targetHints":{"allow":["GET"]}}],"collection":[{"href":"https:\/\/kibrisayna.com\/index.php\/wp-json\/wp\/v2\/posts"}],"about":[{"href":"https:\/\/kibrisayna.com\/index.php\/wp-json\/wp\/v2\/types\/post"}],"author":[{"embeddable":true,"href":"https:\/\/kibrisayna.com\/index.php\/wp-json\/wp\/v2\/users\/908"}],"replies":[{"embeddable":true,"href":"https:\/\/kibrisayna.com\/index.php\/wp-json\/wp\/v2\/comments?post=16675"}],"version-history":[{"count":0,"href":"https:\/\/kibrisayna.com\/index.php\/wp-json\/wp\/v2\/posts\/16675\/revisions"}],"wp:featuredmedia":[{"embeddable":true,"href":"https:\/\/kibrisayna.com\/index.php\/wp-json\/wp\/v2\/media\/16676"}],"wp:attachment":[{"href":"https:\/\/kibrisayna.com\/index.php\/wp-json\/wp\/v2\/media?parent=16675"}],"wp:term":[{"taxonomy":"category","embeddable":true,"href":"https:\/\/kibrisayna.com\/index.php\/wp-json\/wp\/v2\/categories?post=16675"},{"taxonomy":"post_tag","embeddable":true,"href":"https:\/\/kibrisayna.com\/index.php\/wp-json\/wp\/v2\/tags?post=16675"}],"curies":[{"name":"wp","href":"https:\/\/api.w.org\/{rel}","templated":true}]}}