{"id":16653,"date":"2025-01-15T19:45:58","date_gmt":"2025-01-15T16:45:58","guid":{"rendered":"https:\/\/kibrisayna.com\/index.php\/2025\/01\/15\/tangul-unal-caginer-sevgi-evleri-hizmete-girdi-brtk\/"},"modified":"2025-01-15T19:45:58","modified_gmt":"2025-01-15T16:45:58","slug":"tangul-unal-caginer-sevgi-evleri-hizmete-girdi-brtk","status":"publish","type":"post","link":"https:\/\/kibrisayna.com\/index.php\/2025\/01\/15\/tangul-unal-caginer-sevgi-evleri-hizmete-girdi-brtk\/","title":{"rendered":"Tang\u00fcl \u00dcnal \u00c7a\u011f\u0131ner Sevgi Evleri hizmete girdi \u2013 BRTK"},"content":{"rendered":"<p> <br \/>\n<\/p>\n<div>\n<div class=\"mariselle-image-container center\">\n                <img loading=\"lazy\" decoding=\"async\" width=\"2480\" height=\"1656\" class=\"lazy-image\" alt=\"\" sizes=\"auto, (max-width: 2480px) 100vw, 2480px\" src=\"https:\/\/brtk.net\/wp-content\/uploads\/2025\/01\/15\/qirpq.jpg?ver=17b763845d3f18b4d406768f993e1f4e\" srcset=\"https:\/\/brtk.net\/wp-content\/uploads\/2025\/01\/15\/qirpq.jpg?ver=17b763845d3f18b4d406768f993e1f4e 2480w, https:\/\/brtk.net\/wp-content\/uploads\/2025\/01\/15\/qirpq-300x200.jpg?ver=edfd6360ba124dde6de95d09ea79c117 300w, https:\/\/brtk.net\/wp-content\/uploads\/2025\/01\/15\/qirpq-1024x684.jpg?ver=edfd6360ba124dde6de95d09ea79c117 1024w, https:\/\/brtk.net\/wp-content\/uploads\/2025\/01\/15\/qirpq-768x513.jpg?ver=eda3a4cd0a36025700b6ca8d1b53dfb2 768w, https:\/\/brtk.net\/wp-content\/uploads\/2025\/01\/15\/qirpq-1536x1026.jpg?ver=427aadabadeb4b2082cc2fdfe2c85630 1536w, https:\/\/brtk.net\/wp-content\/uploads\/2025\/01\/15\/qirpq-2048x1368.jpg?ver=5c7111bf397878a2656e45e0027c8e9b 2048w\"\/>                            <\/div>\n<p>\u00c7al\u0131\u015fma ve Sosyal G\u00fcvenlik Bakanl\u0131\u011f\u0131 ile Tang\u00fcl \u00dcnal \u00c7a\u011f\u0131ner \u00c7ocuklara Yard\u0131m Vakf\u0131 i\u015fbirli\u011finde hayata ge\u00e7irilen \u201cTang\u00fcl \u00dcnal \u00c7a\u011f\u0131ner Vakf\u0131 Sevgi Evleri\u201d projesinin a\u00e7\u0131l\u0131\u015f t\u00f6reni, T\u00fcrkiye Aile ve Sosyal Hizmetler Bakan\u0131 Mahinur \u00d6zdemir G\u00f6kta\u015f\u2019\u0131n da kat\u0131l\u0131m\u0131 ile Haspolat\u2019ta ger\u00e7ekle\u015ftirildi.<\/p>\n<p>T\u00f6rende konu\u015fan Tang\u00fcl \u00dcnal \u00c7a\u011f\u0131ner \u00c7ocuklara Yard\u0131m Vakf\u0131 M\u00fctevelli Heyeti Ba\u015fkan\u0131 \u0130\u00e7im \u00c7a\u011f\u0131ner Kavuklu, vak\u0131f olarak daha \u00e7ok \u00e7ocuklara y\u00f6nelik \u00e7al\u0131\u015fmalar yap\u0131ld\u0131\u011f\u0131n\u0131 anlatt\u0131.<\/p>\n<p>\t\u201cVakf\u0131n kuruldu\u011fu g\u00fcnden buyana bir \u00e7ok projeye imza att\u0131k, vakf\u0131n en gururlu g\u00fcn\u00fc olan bug\u00fcn ise devlet korumas\u0131 alt\u0131ndaki \u00e7ocuklar\u0131n mutlu, \u015fefkatli yuvalarda ya\u015famas\u0131n\u0131 sa\u011flayacak olan sevgi evleri projesinin a\u00e7\u0131l\u0131\u015f\u0131n\u0131 yap\u0131yoruz\u201d \u201c\u00c7ocuklar Mutlu Bizler Mutlu\u201d slogan\u0131 ile yola \u00e7\u0131kt\u0131klar\u0131n\u0131 ve sevgi evlerinin \u00e7ocuklara sadece bir yuva de\u011fil, e\u011fitim ve geli\u015fimlerine katk\u0131da bulunaca\u011f\u0131n\u0131 vurgulayan Kavuklu, \u00c7al\u0131\u015fma ve Sosyal G\u00fcvenlik Bakanl\u0131\u011f\u0131\u2019na katk\u0131lar\u0131ndan dolay\u0131 te\u015fekk\u00fcr etti.  <\/p>\n<p>\u00c7al\u0131\u015fma ve Sosyal G\u00fcvenlik Bakan Sad\u0131k Gardiyano\u011flu da, \u201cbu tesis bakanl\u0131\u011f\u0131m\u0131z\u0131n hedefledi\u011fi mega 4 projeden amiral gemisi oland\u0131r\u201d dedi.<\/p>\n<p>Ba\u015fbakan \u00dcnal \u00dcstel\u2019in talimatlar\u0131 ile her b\u00f6lgede yap\u0131lan rehabilitasyon merkezlerinin ve 12 y\u0131ld\u0131r a\u00e7\u0131lmas\u0131\u0131 beklenen Demirhan Engelsiz Ya\u015fam Evi\u2019nin de Eyl\u00fcl ay\u0131nda hizmete girdi\u011fini s\u00f6yleyen Bakan Gardiyano\u011flu, Sosyal hizmetler anlam\u0131nda ilerlemeye devam edeceklerini kaydetti.<\/p>\n<p>Gardiyano\u011flu, mevcut yasalar\u0131 yenileyerek, eksik yasalar da tamamlayarak yollar\u0131na devam edeceklerini s\u00f6yledi.<\/p>\n<p>Gardiyano\u011flu, Yenierenk\u00f6y Dipkarpaz b\u00f6lgesinede ya\u015fl\u0131 bak\u0131m evi ve 18 ya\u015f \u00fcst\u00fc enlelli gen\u00e7lere rehabilitasyon merkezlerinin de protokollerinin imzaland\u0131\u011f\u0131n\u0131 s\u00f6yledi. <\/p>\n<p>Devlet korumas\u0131ndaki \u00e7ocuklar\u0131 ve gen\u00e7leri de, \u201cTang\u00fcl \u00dcnal \u00c7a\u011f\u0131ner Vakf\u0131 Sevgi Evleri\u201d ne yerle\u015ftireceklerini s\u00f6yleyen Gardiyano\u011flu, \u00fclkede otistik \u00e7ocuklar i\u00e7in bir otizim merkezi yap\u0131m\u0131na ba\u015flanaca\u011f\u0131 m\u00fcjdesini verdi. <\/p>\n<div class=\"mariselle-image-container center\">\n                <img loading=\"lazy\" decoding=\"async\" width=\"2480\" height=\"1656\" class=\"lazy-image\" alt=\"\" sizes=\"auto, (max-width: 2480px) 100vw, 2480px\" src=\"https:\/\/brtk.net\/wp-content\/uploads\/2025\/01\/15\/qporipq.jpg?ver=cf7d40c42fdf137534ea774f0116ad8b\" srcset=\"https:\/\/brtk.net\/wp-content\/uploads\/2025\/01\/15\/qporipq.jpg?ver=cf7d40c42fdf137534ea774f0116ad8b 2480w, https:\/\/brtk.net\/wp-content\/uploads\/2025\/01\/15\/qporipq-300x200.jpg?ver=09e750f18b37c6410c86e82c50607a22 300w, https:\/\/brtk.net\/wp-content\/uploads\/2025\/01\/15\/qporipq-1024x684.jpg?ver=09e750f18b37c6410c86e82c50607a22 1024w, https:\/\/brtk.net\/wp-content\/uploads\/2025\/01\/15\/qporipq-768x513.jpg?ver=10cc2f0888aa97f828f89bfb4ffb3f85 768w, https:\/\/brtk.net\/wp-content\/uploads\/2025\/01\/15\/qporipq-1536x1026.jpg?ver=32198a72819705c5e2de71d5b2a6a5a8 1536w, https:\/\/brtk.net\/wp-content\/uploads\/2025\/01\/15\/qporipq-2048x1368.jpg?ver=09a40721f34b924c1a933fad2724f7e0 2048w\"\/>                            <\/div>\n<p> T\u00fcrkiye Aile ve Sosyal Hizmetler Bakan\u0131 Mahinur \u00d6zdemir G\u00f6kta\u015f da, a\u00e7\u0131l\u0131\u015f\u0131 ger\u00e7ekle\u015ftirilen projenin \u00e7ocuklara sevgi dolu bir yuva olaca\u011f\u0131n\u0131 belirterek, hay\u0131rl\u0131 olmas\u0131n\u0131 diledi.<\/p>\n<p>KKTC ve T\u00fcrkiye\u2019nin sars\u0131lmaz dayan\u0131\u015fma ve birbirine kilitlenen can yolda\u015f\u0131 oldu\u011funu kaydeden Bakan G\u00f6kta\u015f, K\u0131br\u0131s\u2019\u0131n g\u00fczel y\u00fcrekli \u00e7ocuklar\u0131na bu yuvan\u0131n hay\u0131rl\u0131 olmas\u0131n\u0131 diledi.<\/p>\n<p>\tBa\u015fbakan \u00dcnal \u00dcstel de, \u00e7ok de\u011ferli bir i\u015f insan\u0131 olan \u0130\u00e7im \u00c7a\u011f\u0131ner Kavuklu ve Dima \u00c7a\u011f\u0131ner\u2019in anne ve babas\u0131n\u0131n vefat\u0131ndan sonra kurulan vak\u0131fla \u00e7ok g\u00fczel i\u015flere imza att\u0131klar\u0131n\u0131 kaydetti.<\/p>\n<p>Ba\u015fbakan, \u201cBug\u00fcn yine bir ilke imza at\u0131yoruz. Biz h\u00fck\u00fcmete geldi\u011fimiz g\u00fcn \u00fclkenin ihtiyac\u0131 ne ise ona \u00f6ncelik verece\u011fiz. Ge\u00e7mi\u015fte istikrara sa\u011flanamad\u0131\u011f\u0131 i\u00e7in o zaman ba\u015flat\u0131lan projeler yar\u0131m kald\u0131. Biz hem yar\u0131m kalanlar\u0131 hem de ihtiya\u00e7 duyulan projeleri tamamlad\u0131k ve tamamlamaya da devam ediyoruz\u201d dedi.<\/p>\n<p>\tT\u00fcrkiye Cumhurba\u015fkan\u0131 Recep Tayyip Erdo\u011fan\u2019\u0131n katk\u0131lar\u0131 ile tamamlanan Yeni Ercan Havaliman\u0131\u2019n\u0131n da kendi h\u00fckumetleri d\u00f6neminde bitirildi\u011fini s\u00f6yleyen \u00dcstel, T\u00fcrkiye ile imzalanan iktisadi ve Mali i\u015fbirli\u011fi protokol\u00fc ile bu yat\u0131r\u0131mlar\u0131n devam edece\u011finin alt\u0131n\u0131 \u00e7izdi. <\/p>\n<p>Ba\u015fbakan, \u201c2025 y\u0131l\u0131 gen\u00e7lerin y\u0131l\u0131 olacak, sa\u011fl\u0131kta dev ad\u0131mlar\u0131n at\u0131laca\u011f\u0131 bir y\u0131l olacak, gen\u00e7lere yeni yuvalar yapatrken, e\u011fitimlerini \u00e7a\u011fda\u015f yerlerle tamamlamalar\u0131n\u0131 sa\u011flarken, \u00e7a\u011fda\u015f binalarla \u00e7a\u011fda\u015f yap\u0131larla onlar\u0131 korumak ve \u00fclkenin gelece\u011fini sa\u011flam temellere oturtmak i\u00e7in \u00e7al\u0131\u015fmalar\u0131m\u0131z devam ediyor\u201d dedi.<\/p>\n<p>Cumhurba\u015fkan\u0131 Ersin Tatar ise konu\u015fmas\u0131nda, Cumartesi g\u00fcn\u00fc \u00dcnal \u00c7a\u011f\u0131ner\u2019i sayg\u0131 ile and\u0131klar\u0131n\u0131 s\u00f6yleyerek, \u00e7ocuklar i\u00e7in yap\u0131lan bu b\u00fcy\u00fck organizasyon i\u00e7in eme\u011fi ge\u00e7en herkese te\u015fekk\u00fcr etti.<\/p>\n<p>Tatar, \u201cKKTC Do\u011fu Akdeniz\u2019de ba\u011f\u0131ms\u0131z bir T\u00fcrk devleti olarak, \u00e7ok cefalar \u00e7ekmi\u015f K\u0131br\u0131s T\u00fcrk\u00fc\u2019n\u00fcn \u00e7a\u011fda\u015f de\u011ferlerle ya\u015fayabildi\u011fi bir yurttur KKTC\u2019de y\u0131llar itibar\u0131 ile ba\u015far\u0131lar\u0131m\u0131z vard\u0131r. bu ba\u015far\u0131larda i\u015f insanlar\u0131m\u0131z da vard\u0131r. Temennim bu projenin \u00f6rnek al\u0131narak di\u011fer i\u015f insanlar\u0131n\u0131n da KKTC ad\u0131na bu g\u00fczel ad\u0131mlar\u0131 atmalar\u0131d\u0131r. Anavatan T\u00fcrkiye\u2019nin de deste\u011fi ile aile de\u011ferlerimize sahip \u00e7\u0131karak bu g\u00fcnlere geldik\u201d dedi. <\/p>\n<p>Cumhurba\u015fkan\u0131 Tatar, T\u00fcrkiye Cumhuriyeti\u2019nde bu y\u0131l\u0131n aile y\u0131l\u0131 olarak belirlendi\u011fini s\u00f6yleyerek, KKTC\u2019de de buy\u0131l\u0131n aile y\u0131l\u0131 olaca\u011f\u0131n\u0131 ve g\u00fczel projeler i\u00e7in \u00e7al\u0131\u015fmalar\u0131n devam edece\u011fini kaydetti. <\/p>\n<div class=\"mariselle-image-container center\">\n                <img loading=\"lazy\" decoding=\"async\" width=\"2480\" height=\"1656\" class=\"lazy-image\" alt=\"\" sizes=\"auto, (max-width: 2480px) 100vw, 2480px\" src=\"https:\/\/brtk.net\/wp-content\/uploads\/2025\/01\/15\/qpaoiqpriq.jpg?ver=ad9f304399f1ea46f5b8b49f996c0fb1\" srcset=\"https:\/\/brtk.net\/wp-content\/uploads\/2025\/01\/15\/qpaoiqpriq.jpg?ver=ad9f304399f1ea46f5b8b49f996c0fb1 2480w, https:\/\/brtk.net\/wp-content\/uploads\/2025\/01\/15\/qpaoiqpriq-300x200.jpg?ver=ecea170066fffe1daa1eb7bc976afc2a 300w, https:\/\/brtk.net\/wp-content\/uploads\/2025\/01\/15\/qpaoiqpriq-1024x684.jpg?ver=ecea170066fffe1daa1eb7bc976afc2a 1024w, https:\/\/brtk.net\/wp-content\/uploads\/2025\/01\/15\/qpaoiqpriq-768x513.jpg?ver=0d5298c37019196f1c6a660af6f2f739 768w, https:\/\/brtk.net\/wp-content\/uploads\/2025\/01\/15\/qpaoiqpriq-1536x1026.jpg?ver=c7e4ac539ea65c3ded06e365cc99199e 1536w, https:\/\/brtk.net\/wp-content\/uploads\/2025\/01\/15\/qpaoiqpriq-2048x1368.jpg?ver=509ea3858d32a03fb6fd25787b085940 2048w\"\/>                            <\/div>\n<p>Konu\u015fmalar\u0131n ard\u0131ndan \u201cTang\u00fcl \u00dcnal \u00c7a\u011f\u0131ner Vakf\u0131 Sevgi Evleri\u201d projesinin a\u00e7\u0131l\u0131\u015f\u0131 ger\u00e7ekle\u015ftirildi.<\/p>\n<\/p><\/div>\n<p><script async\n                    defer\n                    crossorigin=\"anonymous\"\n                    src=\"https:\/\/connect.facebook.net\/tr_TR\/sdk.js#xfbml=1&#038;version=v3.3\"\n            ><\/script><br \/>\n<br \/><br \/>\n<br \/><a href=\"https:\/\/brtk.net\/tangul-unal-caginer-sevgi-evleri-hizmete-girdi\/\">Kaynak BRT <\/a><\/p>\n","protected":false},"excerpt":{"rendered":"<p>\u00c7al\u0131\u015fma ve Sosyal G\u00fcvenlik Bakanl\u0131\u011f\u0131 ile Tang\u00fcl \u00dcnal \u00c7a\u011f\u0131ner \u00c7ocuklara Yard\u0131m Vakf\u0131 i\u015fbirli\u011finde hayata ge\u00e7irilen \u201cTang\u00fcl \u00dcnal \u00c7a\u011f\u0131ner Vakf\u0131 Sevgi Evleri\u201d projesinin a\u00e7\u0131l\u0131\u015f t\u00f6reni, T\u00fcrkiye Aile ve Sosyal Hizmetler Bakan\u0131 Mahinur \u00d6zdemir G\u00f6kta\u015f\u2019\u0131n da kat\u0131l\u0131m\u0131 ile Haspolat\u2019ta ger\u00e7ekle\u015ftirildi. T\u00f6rende konu\u015fan Tang\u00fcl \u00dcnal \u00c7a\u011f\u0131ner \u00c7ocuklara Yard\u0131m Vakf\u0131 M\u00fctevelli Heyeti Ba\u015fkan\u0131 \u0130\u00e7im \u00c7a\u011f\u0131ner Kavuklu, vak\u0131f olarak daha [&hellip;]<\/p>\n","protected":false},"author":908,"featured_media":16654,"comment_status":"open","ping_status":"open","sticky":false,"template":"","format":"standard","meta":{"_jetpack_memberships_contains_paid_content":false,"footnotes":"","jetpack_publicize_message":"","jetpack_publicize_feature_enabled":true,"jetpack_social_post_already_shared":true,"jetpack_social_options":{"image_generator_settings":{"template":"highway","default_image_id":0,"font":"","enabled":false},"version":2}},"categories":[253],"tags":[],"class_list":["post-16653","post","type-post","status-publish","format-standard","has-post-thumbnail","hentry","category-gundem"],"jetpack_publicize_connections":[],"jetpack_featured_media_url":"https:\/\/kibrisayna.com\/wp-content\/uploads\/2025\/01\/qirpq.jpg","jetpack_sharing_enabled":true,"_links":{"self":[{"href":"https:\/\/kibrisayna.com\/index.php\/wp-json\/wp\/v2\/posts\/16653","targetHints":{"allow":["GET"]}}],"collection":[{"href":"https:\/\/kibrisayna.com\/index.php\/wp-json\/wp\/v2\/posts"}],"about":[{"href":"https:\/\/kibrisayna.com\/index.php\/wp-json\/wp\/v2\/types\/post"}],"author":[{"embeddable":true,"href":"https:\/\/kibrisayna.com\/index.php\/wp-json\/wp\/v2\/users\/908"}],"replies":[{"embeddable":true,"href":"https:\/\/kibrisayna.com\/index.php\/wp-json\/wp\/v2\/comments?post=16653"}],"version-history":[{"count":0,"href":"https:\/\/kibrisayna.com\/index.php\/wp-json\/wp\/v2\/posts\/16653\/revisions"}],"wp:featuredmedia":[{"embeddable":true,"href":"https:\/\/kibrisayna.com\/index.php\/wp-json\/wp\/v2\/media\/16654"}],"wp:attachment":[{"href":"https:\/\/kibrisayna.com\/index.php\/wp-json\/wp\/v2\/media?parent=16653"}],"wp:term":[{"taxonomy":"category","embeddable":true,"href":"https:\/\/kibrisayna.com\/index.php\/wp-json\/wp\/v2\/categories?post=16653"},{"taxonomy":"post_tag","embeddable":true,"href":"https:\/\/kibrisayna.com\/index.php\/wp-json\/wp\/v2\/tags?post=16653"}],"curies":[{"name":"wp","href":"https:\/\/api.w.org\/{rel}","templated":true}]}}