{"id":16646,"date":"2025-01-15T19:22:25","date_gmt":"2025-01-15T16:22:25","guid":{"rendered":"https:\/\/kibrisayna.com\/index.php\/2025\/01\/15\/calismalarin-nisan-ayinda-tamamlanmasi-bekleniyor-brtk\/"},"modified":"2025-01-15T19:22:25","modified_gmt":"2025-01-15T16:22:25","slug":"calismalarin-nisan-ayinda-tamamlanmasi-bekleniyor-brtk","status":"publish","type":"post","link":"https:\/\/kibrisayna.com\/index.php\/2025\/01\/15\/calismalarin-nisan-ayinda-tamamlanmasi-bekleniyor-brtk\/","title":{"rendered":"\u00c7al\u0131\u015fmalar\u0131n Nisan ay\u0131nda tamamlanmas\u0131 bekleniyor \u2013 BRTK"},"content":{"rendered":"<p> <br \/>\n<\/p>\n<div>\n<div class=\"mariselle-image-container center\">\n                <img loading=\"lazy\" decoding=\"async\" width=\"1600\" height=\"778\" class=\"lazy-image\" alt=\"\" sizes=\"auto, (max-width: 1600px) 100vw, 1600px\" src=\"https:\/\/brtk.net\/wp-content\/uploads\/2025\/01\/15\/c173779d-47f9-411a-8b05-682167a460ef.jpg?ver=cf18e359c484876ab15ed8a19a2cb71c\" srcset=\"https:\/\/brtk.net\/wp-content\/uploads\/2025\/01\/15\/c173779d-47f9-411a-8b05-682167a460ef.jpg?ver=cf18e359c484876ab15ed8a19a2cb71c 1600w, https:\/\/brtk.net\/wp-content\/uploads\/2025\/01\/15\/c173779d-47f9-411a-8b05-682167a460ef-300x146.jpg?ver=cf18e359c484876ab15ed8a19a2cb71c 300w, https:\/\/brtk.net\/wp-content\/uploads\/2025\/01\/15\/c173779d-47f9-411a-8b05-682167a460ef-1024x498.jpg?ver=cf18e359c484876ab15ed8a19a2cb71c 1024w, https:\/\/brtk.net\/wp-content\/uploads\/2025\/01\/15\/c173779d-47f9-411a-8b05-682167a460ef-768x373.jpg?ver=5e49356859d55809f5bb2df5024b4baf 768w, https:\/\/brtk.net\/wp-content\/uploads\/2025\/01\/15\/c173779d-47f9-411a-8b05-682167a460ef-1536x747.jpg?ver=5e49356859d55809f5bb2df5024b4baf 1536w\"\/>                            <\/div>\n<p>Bay\u0131nd\u0131rl\u0131k ve Ula\u015ft\u0131rma Bakan\u0131 Erhan Ar\u0131kl\u0131, \u00c7ay\u00f6n\u00fc- G\u00fcvercinlik yol yap\u0131m \u00e7al\u0131\u015fmalar\u0131n\u0131 yerinde inceledi.<br \/>Bakan Ar\u0131kl\u0131, yol yap\u0131m \u00e7al\u0131\u015fmalar\u0131n\u0131n Nisan ay\u0131nda tamamlanmas\u0131n\u0131n beklendi\u011fini s\u00f6yledi.<br \/>Ar\u0131kl\u0131, toplam 17 bu\u00e7uk kilometrelik yolun T\u00fcrkiye Cumhuriyeti ile imzalanan karayollar\u0131 yap\u0131m anla\u015fmas\u0131 \u00e7er\u00e7evesinde, 320 kilometrelik k\u00f6y yollar\u0131n\u0131n yenileme projesi kapsam\u0131nda hayata ge\u00e7ti\u011fini anlatt\u0131.<br \/>Proje kapsam\u0131nda yenilenmesi hedeflenen yollar\u0131n neredeyse yar\u0131s\u0131n\u0131n tamamland\u0131\u011f\u0131n\u0131 ifade eden Ar\u0131kl\u0131, \u00c7ay\u00f6n\u00fc- G\u00fcvercinlik yolunun tamamlanmas\u0131n\u0131n ard\u0131ndan i\u015f ara\u00e7lar\u0131n\u0131n Karpaz Manast\u0131r yolunda \u00e7al\u0131\u015fmalara ba\u015flayaca\u011f\u0131n\u0131 belirtti.<\/p>\n<div class=\"mariselle-image-container center\">\n                <img loading=\"lazy\" decoding=\"async\" width=\"1600\" height=\"841\" class=\"lazy-image\" alt=\"\" sizes=\"auto, (max-width: 1600px) 100vw, 1600px\" src=\"https:\/\/brtk.net\/wp-content\/uploads\/2025\/01\/15\/87046973-235a-49a7-a7ca-9d9439bff698.jpg?ver=e7f47e942794e85bf6de17db800d11df\" srcset=\"https:\/\/brtk.net\/wp-content\/uploads\/2025\/01\/15\/87046973-235a-49a7-a7ca-9d9439bff698.jpg?ver=e7f47e942794e85bf6de17db800d11df 1600w, https:\/\/brtk.net\/wp-content\/uploads\/2025\/01\/15\/87046973-235a-49a7-a7ca-9d9439bff698-300x158.jpg?ver=e7f47e942794e85bf6de17db800d11df 300w, https:\/\/brtk.net\/wp-content\/uploads\/2025\/01\/15\/87046973-235a-49a7-a7ca-9d9439bff698-1024x538.jpg?ver=e7f47e942794e85bf6de17db800d11df 1024w, https:\/\/brtk.net\/wp-content\/uploads\/2025\/01\/15\/87046973-235a-49a7-a7ca-9d9439bff698-768x404.jpg?ver=3a47dcabbb7267ff73e81e88ed69d81e 768w, https:\/\/brtk.net\/wp-content\/uploads\/2025\/01\/15\/87046973-235a-49a7-a7ca-9d9439bff698-1536x807.jpg?ver=3a47dcabbb7267ff73e81e88ed69d81e 1536w\"\/>                            <\/div>\n<p>\u00c7al\u0131\u015fmalar \u00e7er\u00e7evesinde 17 bu\u00e7uk kilometrelik yolun baz\u0131 k\u0131s\u0131mlar\u0131nda yolun geni\u015fletilece\u011fini, su tutan yerlerde ise gerekli altyap\u0131 \u00e7al\u0131\u015fmalar\u0131n\u0131n yap\u0131laca\u011f\u0131n\u0131 s\u00f6zlerine ekledi.<br \/>Beyarmudu Belediye Ba\u015fkan\u0131 B\u00fclent Bebek de, yol yap\u0131m \u00e7al\u0131\u015fmas\u0131n\u0131n ba\u015flamas\u0131ndan dolay\u0131 duydu\u011fu memnuniyeti dile getirdi.<br \/>\u00c7ay\u00f6n\u00fc Muhtar\u0131 Ferdi Alasyal\u0131 da, yolun yap\u0131m\u0131n\u0131n y\u0131llard\u0131r beklendi\u011fini kaydetti ve Bakan Ar\u0131kl\u0131\u2019ya te\u015fekk\u00fcr etti.<\/p>\n<\/p><\/div>\n<p><script async\n                    defer\n                    crossorigin=\"anonymous\"\n                    src=\"https:\/\/connect.facebook.net\/tr_TR\/sdk.js#xfbml=1&#038;version=v3.3\"\n            ><\/script><br \/>\n<br \/><br \/>\n<br \/><a href=\"https:\/\/brtk.net\/cayonu-guvercinlik-yol-yapim-calismalari-basladi-arikli-calismalarin-nisan-ayinda-tamamlanmasi-bekleniyor\/\">Kaynak BRT <\/a><\/p>\n","protected":false},"excerpt":{"rendered":"<p>Bay\u0131nd\u0131rl\u0131k ve Ula\u015ft\u0131rma Bakan\u0131 Erhan Ar\u0131kl\u0131, \u00c7ay\u00f6n\u00fc- G\u00fcvercinlik yol yap\u0131m \u00e7al\u0131\u015fmalar\u0131n\u0131 yerinde inceledi.Bakan Ar\u0131kl\u0131, yol yap\u0131m \u00e7al\u0131\u015fmalar\u0131n\u0131n Nisan ay\u0131nda tamamlanmas\u0131n\u0131n beklendi\u011fini s\u00f6yledi.Ar\u0131kl\u0131, toplam 17 bu\u00e7uk kilometrelik yolun T\u00fcrkiye Cumhuriyeti ile imzalanan karayollar\u0131 yap\u0131m anla\u015fmas\u0131 \u00e7er\u00e7evesinde, 320 kilometrelik k\u00f6y yollar\u0131n\u0131n yenileme projesi kapsam\u0131nda hayata ge\u00e7ti\u011fini anlatt\u0131.Proje kapsam\u0131nda yenilenmesi hedeflenen yollar\u0131n neredeyse yar\u0131s\u0131n\u0131n tamamland\u0131\u011f\u0131n\u0131 ifade eden Ar\u0131kl\u0131, [&hellip;]<\/p>\n","protected":false},"author":908,"featured_media":16647,"comment_status":"open","ping_status":"open","sticky":false,"template":"","format":"standard","meta":{"_jetpack_memberships_contains_paid_content":false,"footnotes":"","jetpack_publicize_message":"","jetpack_publicize_feature_enabled":true,"jetpack_social_post_already_shared":true,"jetpack_social_options":{"image_generator_settings":{"template":"highway","default_image_id":0,"font":"","enabled":false},"version":2}},"categories":[253],"tags":[],"class_list":["post-16646","post","type-post","status-publish","format-standard","has-post-thumbnail","hentry","category-gundem"],"jetpack_publicize_connections":[],"jetpack_featured_media_url":"https:\/\/kibrisayna.com\/wp-content\/uploads\/2025\/01\/c173779d-47f9-411a-8b05-682167a460ef.jpg","jetpack_sharing_enabled":true,"_links":{"self":[{"href":"https:\/\/kibrisayna.com\/index.php\/wp-json\/wp\/v2\/posts\/16646","targetHints":{"allow":["GET"]}}],"collection":[{"href":"https:\/\/kibrisayna.com\/index.php\/wp-json\/wp\/v2\/posts"}],"about":[{"href":"https:\/\/kibrisayna.com\/index.php\/wp-json\/wp\/v2\/types\/post"}],"author":[{"embeddable":true,"href":"https:\/\/kibrisayna.com\/index.php\/wp-json\/wp\/v2\/users\/908"}],"replies":[{"embeddable":true,"href":"https:\/\/kibrisayna.com\/index.php\/wp-json\/wp\/v2\/comments?post=16646"}],"version-history":[{"count":0,"href":"https:\/\/kibrisayna.com\/index.php\/wp-json\/wp\/v2\/posts\/16646\/revisions"}],"wp:featuredmedia":[{"embeddable":true,"href":"https:\/\/kibrisayna.com\/index.php\/wp-json\/wp\/v2\/media\/16647"}],"wp:attachment":[{"href":"https:\/\/kibrisayna.com\/index.php\/wp-json\/wp\/v2\/media?parent=16646"}],"wp:term":[{"taxonomy":"category","embeddable":true,"href":"https:\/\/kibrisayna.com\/index.php\/wp-json\/wp\/v2\/categories?post=16646"},{"taxonomy":"post_tag","embeddable":true,"href":"https:\/\/kibrisayna.com\/index.php\/wp-json\/wp\/v2\/tags?post=16646"}],"curies":[{"name":"wp","href":"https:\/\/api.w.org\/{rel}","templated":true}]}}