{"id":16644,"date":"2025-01-15T19:06:04","date_gmt":"2025-01-15T16:06:04","guid":{"rendered":"https:\/\/kibrisayna.com\/index.php\/2025\/01\/15\/ozturkler-goktas-ve-heyetini-kabul-etti-brtk\/"},"modified":"2025-01-15T19:06:04","modified_gmt":"2025-01-15T16:06:04","slug":"ozturkler-goktas-ve-heyetini-kabul-etti-brtk","status":"publish","type":"post","link":"https:\/\/kibrisayna.com\/index.php\/2025\/01\/15\/ozturkler-goktas-ve-heyetini-kabul-etti-brtk\/","title":{"rendered":"\u00d6zt\u00fcrkler, G\u00f6kta\u015f ve heyetini kabul etti \u2013 BRTK"},"content":{"rendered":"<p> <br \/>\n<\/p>\n<div>\n<div class=\"mariselle-image-container center\">\n                <img loading=\"lazy\" decoding=\"async\" width=\"1800\" height=\"1200\" class=\"lazy-image\" alt=\"\" sizes=\"auto, (max-width: 1800px) 100vw, 1800px\" src=\"https:\/\/brtk.net\/wp-content\/uploads\/2025\/01\/15\/rpqirpqirq.jpg?ver=325a4393a62e90d1fa51ba933fc1cd99\" srcset=\"https:\/\/brtk.net\/wp-content\/uploads\/2025\/01\/15\/rpqirpqirq.jpg?ver=325a4393a62e90d1fa51ba933fc1cd99 1800w, https:\/\/brtk.net\/wp-content\/uploads\/2025\/01\/15\/rpqirpqirq-300x200.jpg?ver=e79e01c119855d16c44a888462a31e94 300w, https:\/\/brtk.net\/wp-content\/uploads\/2025\/01\/15\/rpqirpqirq-1024x683.jpg?ver=e79e01c119855d16c44a888462a31e94 1024w, https:\/\/brtk.net\/wp-content\/uploads\/2025\/01\/15\/rpqirpqirq-768x512.jpg?ver=e79e01c119855d16c44a888462a31e94 768w, https:\/\/brtk.net\/wp-content\/uploads\/2025\/01\/15\/rpqirpqirq-1536x1024.jpg?ver=60c7542486bafde7fe78d91852211d76 1536w\"\/>                            <\/div>\n<p>Cumhuriyet Meclisi Ba\u015fkan\u0131 Ziya \u00d6zt\u00fcrkler, KKTC\u2019de temaslarda bulunan TC Aile ve Sosyal Hizmetler Bakan\u0131 Mahinur \u00d6zdemir G\u00f6kta\u015f ve beraberindeki heyeti kabul etti.<\/p>\n<p>Meclis Ba\u015fkan\u0131 \u00d6zt\u00fcrkler ve konuk bakan G\u00f6kta\u015f, bir s\u00fcre ba\u015f ba\u015fa g\u00f6r\u00fc\u015ft\u00fc. Sonras\u0131nda heyetlerle g\u00f6r\u00fc\u015fmeye ge\u00e7ildi.<\/p>\n<p>Meclis \u015eeref Salonu\u2019ndaki g\u00f6r\u00fc\u015fmede, G\u00f6kta\u015f\u2019a, bakanl\u0131k yetkilerinden olu\u015fan heyet e\u015flik ederken,  T\u00fcrkiye Cumhuriyeti Lefko\u015fa B\u00fcy\u00fckel\u00e7isi Yasin Ekrem Serim, \u00c7al\u0131\u015fma ve Sosyal G\u00fcvenlik Bakan\u0131 Sad\u0131k Gardiyano\u011flu, Meclis Ba\u015fkan Yard\u0131mc\u0131s\u0131 Fazilet \u00d6zdenefe ve Meclis Ba\u015fkanl\u0131k Divan\u0131 \u00fcyesi milletvekilleri de haz\u0131r bulundu.<\/p>\n<p> Kabulde yapt\u0131\u011f\u0131 konu\u015fmada, ziyaret ve yapt\u0131\u011f\u0131 katk\u0131lar i\u00e7in G\u00f6kta\u015f\u2019a te\u015fekk\u00fcr eden Cumhuriyet Meclisi Ba\u015fkan\u0131 Ziya \u00d6zt\u00fcrkler, \u201cKKTC ile T\u00fcrkiye Cumhuriyeti\u2019nin hem tarihten gelen hem de manevi anlamda \u00e7ok ciddi ve kopar\u0131lamaz ba\u011flar\u0131 vard\u0131r. Anavatan sevgisi bizler i\u00e7in \u00e7ok \u00f6nemlidir.\u201d  dedi.<\/p>\n<p>\u00d6zt\u00fcrkler, G\u00f6kta\u015f\u2019\u0131n \u00c7al\u0131\u015fma ve Sosyal G\u00fcvenlik Bakan\u0131 Sad\u0131k Gardiyano\u011flu ile birlikte yapt\u0131\u011f\u0131 \u00e7al\u0131\u015fmalara dikkat \u00e7ekerek, bu \u00e7al\u0131\u015fmalar\u0131 T\u00fcrkiye Cumhuriyeti\u2019nin bilgi birikimiyle ileriye ta\u015f\u0131man\u0131n \u00f6nemini vurgulad\u0131.<\/p>\n<p>Kad\u0131n, \u00e7ocuk ve ya\u015fl\u0131 haklar\u0131n\u0131n daha ileriye ta\u015f\u0131nmas\u0131 a\u00e7\u0131s\u0131ndan KKTC\u2019deki \u00e7al\u0131\u015fmalar\u0131n ciddi bir \u015fekilde devam etti\u011fini belirten \u00d6zt\u00fcrkler, \u201cMeclis olarak bu \u00e7al\u0131\u015fmalara katk\u0131 sa\u011fl\u0131yoruz ve ileriye ta\u015f\u0131nmas\u0131 ad\u0131na gereken yasama faaliyetlerinde destek olmaya devam edece\u011fiz.\u201d ifadelerini kulland\u0131.<\/p>\n<p>TC Aile ve Sosyal Hizmetler Bakan\u0131 Mahinur \u00d6zdemir G\u00f6kta\u015f da, kabulden duydu\u011fu memnuniyeti dile getirdi.<\/p>\n<p>KKTC ile T\u00fcrkiye\u2019nin sars\u0131lmaz ba\u011flar\u0131ndan do\u011fan birlik ve beraberlik ruhunu her alanda geli\u015ftirmeye devam edeceklerini s\u00f6yleyen G\u00f6kta\u015f, \u00c7al\u0131\u015fma ve Sosyal G\u00fcvenlik Bakan\u0131 Gardiyano\u011flu ile daha \u00f6nce birka\u00e7 kez bir araya geldiklerini an\u0131msatt\u0131.<\/p>\n<p>Bug\u00fcnk\u00fc resmi ziyaret kapsam\u0131nda Engelsiz Ya\u015fam Merkezine ziyaret ger\u00e7ekle\u015ftirdiklerini, di\u011fer \u00e7al\u0131\u015fmalar hakk\u0131nda detayl\u0131 bilgiler ald\u0131klar\u0131n\u0131 ve bir Sevgi Evi a\u00e7\u0131l\u0131\u015f\u0131 ger\u00e7ekle\u015ftireceklerini belirten G\u00f6kta\u015f, ileriki d\u00f6nemde de \u00f6zellikle Sosyal Hizmet Merkezi ve Aile Destek Merkezi a\u00e7\u0131lmas\u0131 konusunda bilgi birikim ve tecr\u00fcbe aktar\u0131m\u0131na devam edeceklerini s\u00f6yledi.<\/p>\n<p>Ge\u00e7en g\u00fcnlerde T\u00fcrkiye\u2019de \u201cAile Y\u0131l\u0131\u201d ilan edildi\u011fini hat\u0131rlatan G\u00f6kta\u015f, \u201caile kurumu ciddi tehlike alt\u0131ndad\u0131r\u201d diyerek, \u201cAile Y\u0131l\u0131\u201d kapsam\u0131nda yap\u0131lacak aile odakl\u0131 \u00e7al\u0131\u015fmalar\u0131 \u00c7al\u0131\u015fma ve Sosyal G\u00fcvenlik Bakan\u0131 Gardiyano\u011flu ile payla\u015ft\u0131klar\u0131n\u0131 ifade etti.<\/p>\n<p> Konu\u015fmalar\u0131n ard\u0131ndan kar\u015f\u0131l\u0131kl\u0131 hediye takdimi yap\u0131ld\u0131.<\/p>\n<\/p><\/div>\n<p><script async\n                    defer\n                    crossorigin=\"anonymous\"\n                    src=\"https:\/\/connect.facebook.net\/tr_TR\/sdk.js#xfbml=1&#038;version=v3.3\"\n            ><\/script><br \/>\n<br \/><br \/>\n<br \/><a href=\"https:\/\/brtk.net\/ozturkler-goktas-ve-heyetini-kabul-etti\/\">Kaynak BRT <\/a><\/p>\n","protected":false},"excerpt":{"rendered":"<p>Cumhuriyet Meclisi Ba\u015fkan\u0131 Ziya \u00d6zt\u00fcrkler, KKTC\u2019de temaslarda bulunan TC Aile ve Sosyal Hizmetler Bakan\u0131 Mahinur \u00d6zdemir G\u00f6kta\u015f ve beraberindeki heyeti kabul etti. Meclis Ba\u015fkan\u0131 \u00d6zt\u00fcrkler ve konuk bakan G\u00f6kta\u015f, bir s\u00fcre ba\u015f ba\u015fa g\u00f6r\u00fc\u015ft\u00fc. Sonras\u0131nda heyetlerle g\u00f6r\u00fc\u015fmeye ge\u00e7ildi. Meclis \u015eeref Salonu\u2019ndaki g\u00f6r\u00fc\u015fmede, G\u00f6kta\u015f\u2019a, bakanl\u0131k yetkilerinden olu\u015fan heyet e\u015flik ederken, T\u00fcrkiye Cumhuriyeti Lefko\u015fa B\u00fcy\u00fckel\u00e7isi Yasin Ekrem [&hellip;]<\/p>\n","protected":false},"author":908,"featured_media":16645,"comment_status":"open","ping_status":"open","sticky":false,"template":"","format":"standard","meta":{"_jetpack_memberships_contains_paid_content":false,"footnotes":"","jetpack_publicize_message":"","jetpack_publicize_feature_enabled":true,"jetpack_social_post_already_shared":true,"jetpack_social_options":{"image_generator_settings":{"template":"highway","default_image_id":0,"font":"","enabled":false},"version":2}},"categories":[253],"tags":[],"class_list":["post-16644","post","type-post","status-publish","format-standard","has-post-thumbnail","hentry","category-gundem"],"jetpack_publicize_connections":[],"jetpack_featured_media_url":"https:\/\/kibrisayna.com\/wp-content\/uploads\/2025\/01\/rpqirpqirq.jpg","jetpack_sharing_enabled":true,"_links":{"self":[{"href":"https:\/\/kibrisayna.com\/index.php\/wp-json\/wp\/v2\/posts\/16644","targetHints":{"allow":["GET"]}}],"collection":[{"href":"https:\/\/kibrisayna.com\/index.php\/wp-json\/wp\/v2\/posts"}],"about":[{"href":"https:\/\/kibrisayna.com\/index.php\/wp-json\/wp\/v2\/types\/post"}],"author":[{"embeddable":true,"href":"https:\/\/kibrisayna.com\/index.php\/wp-json\/wp\/v2\/users\/908"}],"replies":[{"embeddable":true,"href":"https:\/\/kibrisayna.com\/index.php\/wp-json\/wp\/v2\/comments?post=16644"}],"version-history":[{"count":0,"href":"https:\/\/kibrisayna.com\/index.php\/wp-json\/wp\/v2\/posts\/16644\/revisions"}],"wp:featuredmedia":[{"embeddable":true,"href":"https:\/\/kibrisayna.com\/index.php\/wp-json\/wp\/v2\/media\/16645"}],"wp:attachment":[{"href":"https:\/\/kibrisayna.com\/index.php\/wp-json\/wp\/v2\/media?parent=16644"}],"wp:term":[{"taxonomy":"category","embeddable":true,"href":"https:\/\/kibrisayna.com\/index.php\/wp-json\/wp\/v2\/categories?post=16644"},{"taxonomy":"post_tag","embeddable":true,"href":"https:\/\/kibrisayna.com\/index.php\/wp-json\/wp\/v2\/tags?post=16644"}],"curies":[{"name":"wp","href":"https:\/\/api.w.org\/{rel}","templated":true}]}}