{"id":16634,"date":"2025-01-15T17:44:49","date_gmt":"2025-01-15T14:44:49","guid":{"rendered":"https:\/\/kibrisayna.com\/index.php\/2025\/01\/15\/kanunsuz-avlanma-2-kisiye-para-cezasi-2-kisi-de-tutuklandi-brtk\/"},"modified":"2025-01-15T17:44:49","modified_gmt":"2025-01-15T14:44:49","slug":"kanunsuz-avlanma-2-kisiye-para-cezasi-2-kisi-de-tutuklandi-brtk","status":"publish","type":"post","link":"https:\/\/kibrisayna.com\/index.php\/2025\/01\/15\/kanunsuz-avlanma-2-kisiye-para-cezasi-2-kisi-de-tutuklandi-brtk\/","title":{"rendered":"Kanunsuz avlanma\u2026 2 ki\u015fiye para cezas\u0131, 2 ki\u015fi de tutukland\u0131 \u2013 BRTK"},"content":{"rendered":"<p> <br \/>\n<\/p>\n<div>\n<div class=\"mariselle-image-container center\">\n                <img loading=\"lazy\" decoding=\"async\" width=\"512\" height=\"237\" class=\"lazy-image\" alt=\"\" sizes=\"auto, (max-width: 512px) 100vw, 512px\" src=\"https:\/\/brtk.net\/wp-content\/uploads\/2023\/09\/23\/renkli-polis.jpg?ver=199d3cf933ae1a46494e351be04c2f76\" srcset=\"https:\/\/brtk.net\/wp-content\/uploads\/2023\/09\/23\/renkli-polis.jpg?ver=199d3cf933ae1a46494e351be04c2f76 512w, https:\/\/brtk.net\/wp-content\/uploads\/2023\/09\/23\/renkli-polis-300x139.jpg?ver=199d3cf933ae1a46494e351be04c2f76 300w\"\/>                            <\/div>\n<p>Birinci Av Mevsimi dolay\u0131s\u0131yla polis taraf\u0131ndan \u00fclke genelinde yap\u0131lan kontrollerde yasak y\u00f6ntemle ve kanunsuz avlanma su\u00e7lar\u0131ndan 2 ki\u015fiye para cezas\u0131 verilirken, 2 ki\u015fi hakk\u0131nda da i\u015flem yap\u0131ld\u0131.<\/p>\n<p>Polis b\u00fcltenine g\u00f6re,  Mehmet\u00e7ik\u2019te 9 numaral\u0131 av b\u00f6lgesi i\u00e7erisinde S.C\u2019nin (E-71) avlanmada yasaklanm\u0131\u015f y\u00f6ntem olan cep telefonuyla cikla sesi \u00e7\u0131karmak suretiyle ve \u00d6.K\u2019nin (E-49) ise yine avlanmada yasak y\u00f6ntem olan ara\u00e7 i\u00e7erisinden kanunsuz olarak avland\u0131klar\u0131 tespit edildi. Bahse konu \u015fah\u0131slar\u0131n her birine, i\u015flemi\u015f olduklar\u0131 su\u00e7lara istinaden asgari \u00fccretin iki kat\u0131 (80 bin 872 TL) tutar\u0131nda idari para cezas\u0131 kesildi.<\/p>\n<p>\u00d6te yandan, Mehmet\u00e7ik\u2019te bu sabah 11 numaral\u0131 av b\u00f6lgesi i\u00e7erisinde, ava a\u00e7\u0131k bir g\u00fcnde, B.H.(E-23) ad\u0131na kay\u0131tl\u0131 av t\u00fcfe\u011fiyle birlikte 34 adet muhtelif markalardaki canl\u0131 av t\u00fcfe\u011fi fi\u015fe\u011fini, avlanmas\u0131 i\u00e7in K.\u00d6\u2019ye (E-19) verip konu \u015fahs\u0131n ad\u0131na kay\u0131ts\u0131z ate\u015fli silahla patlay\u0131c\u0131 madde tasarruf edip ta\u015f\u0131yarak, kanunsuz olarak avlanmas\u0131na m\u00fcsaade etti\u011fi tespit edildi.<\/p>\n<p>Bahse konu \u015fah\u0131slar\u0131 tutuklayan polisin soru\u015fturmas\u0131 s\u00fcr\u00fcyor.<\/p>\n<\/p><\/div>\n<p><script async\n                    defer\n                    crossorigin=\"anonymous\"\n                    src=\"https:\/\/connect.facebook.net\/tr_TR\/sdk.js#xfbml=1&#038;version=v3.3\"\n            ><\/script><br \/>\n<br \/><br \/>\n<br \/><a href=\"https:\/\/brtk.net\/kanunsuz-avlanma-2-kisiye-para-cezasi-2-kisi-de-tutuklandi\/\"> <\/a><\/p>\n","protected":false},"excerpt":{"rendered":"<p>Birinci Av Mevsimi dolay\u0131s\u0131yla polis taraf\u0131ndan \u00fclke genelinde yap\u0131lan kontrollerde yasak y\u00f6ntemle ve kanunsuz avlanma su\u00e7lar\u0131ndan 2 ki\u015fiye para cezas\u0131 verilirken, 2 ki\u015fi hakk\u0131nda da i\u015flem yap\u0131ld\u0131. Polis b\u00fcltenine g\u00f6re, Mehmet\u00e7ik\u2019te 9 numaral\u0131 av b\u00f6lgesi i\u00e7erisinde S.C\u2019nin (E-71) avlanmada yasaklanm\u0131\u015f y\u00f6ntem olan cep telefonuyla cikla sesi \u00e7\u0131karmak suretiyle ve \u00d6.K\u2019nin (E-49) ise yine avlanmada yasak [&hellip;]<\/p>\n","protected":false},"author":908,"featured_media":1550,"comment_status":"open","ping_status":"open","sticky":false,"template":"","format":"standard","meta":{"_jetpack_memberships_contains_paid_content":false,"footnotes":"","jetpack_publicize_message":"","jetpack_publicize_feature_enabled":true,"jetpack_social_post_already_shared":true,"jetpack_social_options":{"image_generator_settings":{"template":"highway","default_image_id":0,"font":"","enabled":false},"version":2}},"categories":[253,19],"tags":[],"class_list":["post-16634","post","type-post","status-publish","format-standard","has-post-thumbnail","hentry","category-gundem","category-manset"],"jetpack_publicize_connections":[],"jetpack_featured_media_url":"https:\/\/kibrisayna.com\/wp-content\/uploads\/2024\/08\/renkli-polis.jpg","jetpack_sharing_enabled":true,"_links":{"self":[{"href":"https:\/\/kibrisayna.com\/index.php\/wp-json\/wp\/v2\/posts\/16634","targetHints":{"allow":["GET"]}}],"collection":[{"href":"https:\/\/kibrisayna.com\/index.php\/wp-json\/wp\/v2\/posts"}],"about":[{"href":"https:\/\/kibrisayna.com\/index.php\/wp-json\/wp\/v2\/types\/post"}],"author":[{"embeddable":true,"href":"https:\/\/kibrisayna.com\/index.php\/wp-json\/wp\/v2\/users\/908"}],"replies":[{"embeddable":true,"href":"https:\/\/kibrisayna.com\/index.php\/wp-json\/wp\/v2\/comments?post=16634"}],"version-history":[{"count":0,"href":"https:\/\/kibrisayna.com\/index.php\/wp-json\/wp\/v2\/posts\/16634\/revisions"}],"wp:featuredmedia":[{"embeddable":true,"href":"https:\/\/kibrisayna.com\/index.php\/wp-json\/wp\/v2\/media\/1550"}],"wp:attachment":[{"href":"https:\/\/kibrisayna.com\/index.php\/wp-json\/wp\/v2\/media?parent=16634"}],"wp:term":[{"taxonomy":"category","embeddable":true,"href":"https:\/\/kibrisayna.com\/index.php\/wp-json\/wp\/v2\/categories?post=16634"},{"taxonomy":"post_tag","embeddable":true,"href":"https:\/\/kibrisayna.com\/index.php\/wp-json\/wp\/v2\/tags?post=16634"}],"curies":[{"name":"wp","href":"https:\/\/api.w.org\/{rel}","templated":true}]}}