{"id":16623,"date":"2025-01-15T17:29:20","date_gmt":"2025-01-15T14:29:20","guid":{"rendered":"https:\/\/kibrisayna.com\/index.php\/2025\/01\/15\/turizm-master-plani-icin-degirmenlik-akincilarda-kitle-toplantisi-yapildi-brtk\/"},"modified":"2025-01-15T17:29:20","modified_gmt":"2025-01-15T14:29:20","slug":"turizm-master-plani-icin-degirmenlik-akincilarda-kitle-toplantisi-yapildi-brtk","status":"publish","type":"post","link":"https:\/\/kibrisayna.com\/index.php\/2025\/01\/15\/turizm-master-plani-icin-degirmenlik-akincilarda-kitle-toplantisi-yapildi-brtk\/","title":{"rendered":"Turizm Master Plan\u0131 i\u00e7in De\u011firmenlik-Ak\u0131nc\u0131lar\u2019da kitle toplant\u0131s\u0131 yap\u0131ld\u0131 \u2013 BRTK"},"content":{"rendered":"<p> <br \/>\n<\/p>\n<div>\n<div class=\"mariselle-image-container center\">\n                <img loading=\"lazy\" decoding=\"async\" width=\"2560\" height=\"876\" class=\"lazy-image\" alt=\"\" sizes=\"auto, (max-width: 2560px) 100vw, 2560px\" src=\"https:\/\/brtk.net\/wp-content\/uploads\/2025\/01\/15\/65464-scaled.jpg?ver=953f28768640ee94c6a1af1fbd684d4a\" srcset=\"https:\/\/brtk.net\/wp-content\/uploads\/2025\/01\/15\/65464-scaled.jpg?ver=953f28768640ee94c6a1af1fbd684d4a 2560w, https:\/\/brtk.net\/wp-content\/uploads\/2025\/01\/15\/65464-300x103.jpg?ver=953f28768640ee94c6a1af1fbd684d4a 300w, https:\/\/brtk.net\/wp-content\/uploads\/2025\/01\/15\/65464-1024x351.jpg?ver=21313eb5cbeadb851135388b29973fdd 1024w, https:\/\/brtk.net\/wp-content\/uploads\/2025\/01\/15\/65464-768x263.jpg?ver=c30007d5b1b2e58fc8a855080e64152e 768w, https:\/\/brtk.net\/wp-content\/uploads\/2025\/01\/15\/65464-1536x526.jpg?ver=c30007d5b1b2e58fc8a855080e64152e 1536w, https:\/\/brtk.net\/wp-content\/uploads\/2025\/01\/15\/65464-2048x701.jpg?ver=1da59636881f0de8e8319f6efd26f6ee 2048w\"\/>                            <\/div>\n<p>De\u011firmenlik-Ak\u0131nc\u0131lar Belediyesi, KKTC 2025-2034 y\u0131llar\u0131n\u0131 kapsayacak Turizm Master Plan\u0131 \u00e7al\u0131\u015fmas\u0131n\u0131 y\u00fcr\u00fcten Ba\u015fbakan Yard\u0131mc\u0131l\u0131\u011f\u0131, Turizm, K\u00fclt\u00fcr, Gen\u00e7lik ve \u00c7evre Bakanl\u0131\u011f\u0131 temsilcileri ile Turizm Master Plan\u0131\u2019n\u0131 haz\u0131rlayan uzmanlar\u0131n kat\u0131ld\u0131\u011f\u0131 kitle toplant\u0131s\u0131na ev sahipli\u011fi yapt\u0131.<\/p>\n<p>Belediyeden yap\u0131lan a\u00e7\u0131klamaya g\u00f6re, \u00d6zle T\u00fcrkel Sosyal Aktivite Merkezi\u2019nde (SAM) d\u00fczenlenen toplant\u0131da konu\u015fan De\u011firmenlik Ak\u0131nc\u0131lar Belediye Ba\u015fkan\u0131 Ali Karavezirler, beldeyle ilgili detayl\u0131 bilgileri payla\u015farak, b\u00f6lgenin turizm potansiyelinin y\u00fcksek oldu\u011funu vurgulad\u0131.<\/p>\n<p>Karavezirler, belde s\u0131n\u0131rlar\u0131 i\u00e7erisinde turizme kazand\u0131r\u0131labilecek yerel \u00fcretimler, el sanatlar\u0131, festivaller, tarihi ve k\u00fclt\u00fcrel yerler oldu\u011funu \u00f6rneklerle anlatt\u0131.<\/p>\n<p>Turizm Planlama Dairesi M\u00fcd\u00fcr\u00fc Mazlum Korta\u015f ile KKTC Turizm Master Plan Y\u00fcr\u00fct\u00fcc\u00fcs\u00fc Muharrem Tuna da, Turizm Master Plan\u0131\u2019yla ilgili \u00e7al\u0131\u015fmalar\u0131n detaylar\u0131n\u0131 payla\u015farak, yerel turizm potansiyelini geli\u015ftirmeyi ama\u00e7lad\u0131klar\u0131n\u0131 belirtti.<\/p>\n<p>Bu ama\u00e7la belediyeler b\u00fcnyesinde kitle toplant\u0131lar\u0131 ger\u00e7ekle\u015ftirdiklerini ifade eden Korta\u015f, beldeyi en iyi tan\u0131yan ki\u015filerden b\u00f6lgelerin do\u011fal, k\u00fclt\u00fcrel ve ekonomik zenginliklerini \u00f6ne \u00e7\u0131karacak, alternatif turizm yakla\u015f\u0131mlar\u0131n\u0131 dinlediklerini kaydetti.<\/p>\n<p>Konu\u015fmalar\u0131n ard\u0131ndan g\u00f6r\u00fc\u015f ve \u00f6neriler al\u0131nd\u0131.<\/p>\n<p>Toplant\u0131ya, De\u011firmenlik-Ak\u0131nc\u0131lar Belediye Ba\u015fkan\u0131 Ali Karavezirler, Turizm Planlama Dairesi M\u00fcd\u00fcr\u00fc Mazlum Korta\u015f ve ekibinden Do\u011fan \u00d6z\u00e7elik, Recep \u00c7a\u011fla\u015f, KKTC Turizm Master Plan Y\u00fcr\u00fct\u00fcc\u00fcs\u00fc Muharrem Tuna ile ara\u015ft\u0131rmac\u0131lar Demet A\u011fao\u011flu ve Dr. Asena Albayrak Aydemir, De\u011firmenlik-Ak\u0131nc\u0131lar Belediyesi\u2019nin baz\u0131 belediye meclis \u00fcyeleri, b\u00f6lge muhtarlar\u0131, okul m\u00fcd\u00fcrleri, sivil toplum \u00f6rg\u00fct\u00fc temsilcileri ve halk kat\u0131ld\u0131.<\/p>\n<p>Konuklar toplant\u0131n\u0131n ard\u0131ndan, \u00d6zle T\u00fcrkel Sosyal Aktivite Merkezi\u2019ndeki seramik at\u00f6lyesi ile robotik kodlama e\u011fitimi verilen s\u0131n\u0131f\u0131 ziyaret ederek, bilgiler ald\u0131. Ekip, De\u011firmenlik-Ak\u0131nc\u0131lar Belediyesi\u2019nde de konuk edildi.<\/p>\n<\/p><\/div>\n<p><script async\n                    defer\n                    crossorigin=\"anonymous\"\n                    src=\"https:\/\/connect.facebook.net\/tr_TR\/sdk.js#xfbml=1&#038;version=v3.3\"\n            ><\/script><br \/>\n<br \/><br \/>\n<br \/><a href=\"https:\/\/brtk.net\/turizm-master-plani-icin-degirmenlik-akincilarda-kitle-toplantisi-yapildi\/\">Kaynak BRT <\/a><\/p>\n","protected":false},"excerpt":{"rendered":"<p>De\u011firmenlik-Ak\u0131nc\u0131lar Belediyesi, KKTC 2025-2034 y\u0131llar\u0131n\u0131 kapsayacak Turizm Master Plan\u0131 \u00e7al\u0131\u015fmas\u0131n\u0131 y\u00fcr\u00fcten Ba\u015fbakan Yard\u0131mc\u0131l\u0131\u011f\u0131, Turizm, K\u00fclt\u00fcr, Gen\u00e7lik ve \u00c7evre Bakanl\u0131\u011f\u0131 temsilcileri ile Turizm Master Plan\u0131\u2019n\u0131 haz\u0131rlayan uzmanlar\u0131n kat\u0131ld\u0131\u011f\u0131 kitle toplant\u0131s\u0131na ev sahipli\u011fi yapt\u0131. Belediyeden yap\u0131lan a\u00e7\u0131klamaya g\u00f6re, \u00d6zle T\u00fcrkel Sosyal Aktivite Merkezi\u2019nde (SAM) d\u00fczenlenen toplant\u0131da konu\u015fan De\u011firmenlik Ak\u0131nc\u0131lar Belediye Ba\u015fkan\u0131 Ali Karavezirler, beldeyle ilgili detayl\u0131 bilgileri [&hellip;]<\/p>\n","protected":false},"author":908,"featured_media":16624,"comment_status":"open","ping_status":"open","sticky":false,"template":"","format":"standard","meta":{"_jetpack_memberships_contains_paid_content":false,"footnotes":"","jetpack_publicize_message":"","jetpack_publicize_feature_enabled":true,"jetpack_social_post_already_shared":true,"jetpack_social_options":{"image_generator_settings":{"template":"highway","default_image_id":0,"font":"","enabled":false},"version":2}},"categories":[253],"tags":[],"class_list":["post-16623","post","type-post","status-publish","format-standard","has-post-thumbnail","hentry","category-gundem"],"jetpack_publicize_connections":[],"jetpack_featured_media_url":"https:\/\/kibrisayna.com\/wp-content\/uploads\/2025\/01\/65464-scaled.jpg","jetpack_sharing_enabled":true,"_links":{"self":[{"href":"https:\/\/kibrisayna.com\/index.php\/wp-json\/wp\/v2\/posts\/16623","targetHints":{"allow":["GET"]}}],"collection":[{"href":"https:\/\/kibrisayna.com\/index.php\/wp-json\/wp\/v2\/posts"}],"about":[{"href":"https:\/\/kibrisayna.com\/index.php\/wp-json\/wp\/v2\/types\/post"}],"author":[{"embeddable":true,"href":"https:\/\/kibrisayna.com\/index.php\/wp-json\/wp\/v2\/users\/908"}],"replies":[{"embeddable":true,"href":"https:\/\/kibrisayna.com\/index.php\/wp-json\/wp\/v2\/comments?post=16623"}],"version-history":[{"count":0,"href":"https:\/\/kibrisayna.com\/index.php\/wp-json\/wp\/v2\/posts\/16623\/revisions"}],"wp:featuredmedia":[{"embeddable":true,"href":"https:\/\/kibrisayna.com\/index.php\/wp-json\/wp\/v2\/media\/16624"}],"wp:attachment":[{"href":"https:\/\/kibrisayna.com\/index.php\/wp-json\/wp\/v2\/media?parent=16623"}],"wp:term":[{"taxonomy":"category","embeddable":true,"href":"https:\/\/kibrisayna.com\/index.php\/wp-json\/wp\/v2\/categories?post=16623"},{"taxonomy":"post_tag","embeddable":true,"href":"https:\/\/kibrisayna.com\/index.php\/wp-json\/wp\/v2\/tags?post=16623"}],"curies":[{"name":"wp","href":"https:\/\/api.w.org\/{rel}","templated":true}]}}