{"id":16621,"date":"2025-01-15T17:23:45","date_gmt":"2025-01-15T14:23:45","guid":{"rendered":"https:\/\/kibrisayna.com\/index.php\/2025\/01\/15\/saglik-hizmetleri-dairesi-yasa-tasarisi-komitede-ele-aliniyor-brtk\/"},"modified":"2025-01-15T17:23:45","modified_gmt":"2025-01-15T14:23:45","slug":"saglik-hizmetleri-dairesi-yasa-tasarisi-komitede-ele-aliniyor-brtk","status":"publish","type":"post","link":"https:\/\/kibrisayna.com\/index.php\/2025\/01\/15\/saglik-hizmetleri-dairesi-yasa-tasarisi-komitede-ele-aliniyor-brtk\/","title":{"rendered":"Sa\u011fl\u0131k Hizmetleri Dairesi Yasa Tasar\u0131s\u0131 komitede ele al\u0131n\u0131yor \u2013 BRTK"},"content":{"rendered":"<p> <br \/>\n<\/p>\n<div>\n<div class=\"mariselle-image-container center\">\n                <img loading=\"lazy\" decoding=\"async\" width=\"1800\" height=\"1200\" class=\"lazy-image\" alt=\"\" sizes=\"auto, (max-width: 1800px) 100vw, 1800px\" src=\"https:\/\/brtk.net\/wp-content\/uploads\/2025\/01\/15\/SALSKDSA.jpg?ver=9d472565768b59e60b9a6ddae9a17654\" srcset=\"https:\/\/brtk.net\/wp-content\/uploads\/2025\/01\/15\/SALSKDSA.jpg?ver=9d472565768b59e60b9a6ddae9a17654 1800w, https:\/\/brtk.net\/wp-content\/uploads\/2025\/01\/15\/SALSKDSA-300x200.jpg?ver=e77306e2e5ca848eb57272e49d9306c5 300w, https:\/\/brtk.net\/wp-content\/uploads\/2025\/01\/15\/SALSKDSA-1024x683.jpg?ver=e77306e2e5ca848eb57272e49d9306c5 1024w, https:\/\/brtk.net\/wp-content\/uploads\/2025\/01\/15\/SALSKDSA-768x512.jpg?ver=e77306e2e5ca848eb57272e49d9306c5 768w, https:\/\/brtk.net\/wp-content\/uploads\/2025\/01\/15\/SALSKDSA-1536x1024.jpg?ver=246fb3f80d17d5be22b5003a0059b995 1536w\"\/>                            <\/div>\n<p>Cumhuriyet Meclisi \u0130dari, Kamu ve Sa\u011fl\u0131k \u0130\u015fleri Komitesi\u2019nde bug\u00fcn \u201cSa\u011fl\u0131k Hizmetleri Dairesi (Kurulu\u015f, G\u00f6rev ve \u00c7al\u0131\u015fma Esaslar\u0131) Yasa Tasar\u0131s\u0131\u201d ele al\u0131nd\u0131. Komite, yasa tasar\u0131s\u0131 ile ilgili \u00e7al\u0131\u015fmalar\u0131na bir sonraki toplant\u0131s\u0131nda devam edecek.<\/p>\n<p>Cumhuriyet Meclisi\u2019nden yap\u0131lan a\u00e7\u0131klamaya g\u00f6re, \u0130dari, Kamu ve Sa\u011fl\u0131k \u0130\u015fleri Komitesi bug\u00fcn UBP Milletvekili Sunat Atun ba\u015fkanl\u0131\u011f\u0131nda topland\u0131. Komite toplant\u0131s\u0131na, Komite Ba\u015fkan Vekili, CTP Milletvekili Filiz Besim, komite \u00fcyeleri UBP Milletvekili \u0130zlem G\u00fcr\u00e7a\u011f Altu\u011fra, CTP Milletvekili Devrim Bar\u00e7\u0131n ve UBP Milletvekili Ahmet Sava\u015fan kat\u0131ld\u0131. Komite toplant\u0131s\u0131nda ayr\u0131ca Ba\u011f\u0131ms\u0131z Milletvekili Jale Refik Rogers da yer ald\u0131.<\/p>\n<p>Toplant\u0131ya davetli olarak Sa\u011fl\u0131k Bakanl\u0131\u011f\u0131, Kamu Y\u00f6netimi ve \u0130nsan Kaynaklar\u0131 Ba\u015fkanl\u0131\u011f\u0131, K\u0131br\u0131s T\u00fcrk Tabipleri Birli\u011fi, KTAMS, KAMUSEN, KAMU-\u0130\u015e, TIP-\u0130\u015e, K\u0131br\u0131s T\u00fcrk Hem\u015fireler ve Ebeler Sendikas\u0131, Trafik Kazalar\u0131n\u0131 \u00d6nleme Derne\u011fi ve 112 Komuta Kontrol Merkezi\u2019nden de yetkililer kat\u0131larak, konuyla ilgili g\u00f6r\u00fc\u015flerini payla\u015ft\u0131.<\/p>\n<\/p><\/div>\n<p><script async\n                    defer\n                    crossorigin=\"anonymous\"\n                    src=\"https:\/\/connect.facebook.net\/tr_TR\/sdk.js#xfbml=1&#038;version=v3.3\"\n            ><\/script><br \/>\n<br \/><br \/>\n<br \/><a href=\"https:\/\/brtk.net\/saglik-hizmetleri-dairesi-yasa-tasarisi-komitede-ele-aliniyor\/\">Kaynak BRT <\/a><\/p>\n","protected":false},"excerpt":{"rendered":"<p>Cumhuriyet Meclisi \u0130dari, Kamu ve Sa\u011fl\u0131k \u0130\u015fleri Komitesi\u2019nde bug\u00fcn \u201cSa\u011fl\u0131k Hizmetleri Dairesi (Kurulu\u015f, G\u00f6rev ve \u00c7al\u0131\u015fma Esaslar\u0131) Yasa Tasar\u0131s\u0131\u201d ele al\u0131nd\u0131. Komite, yasa tasar\u0131s\u0131 ile ilgili \u00e7al\u0131\u015fmalar\u0131na bir sonraki toplant\u0131s\u0131nda devam edecek. Cumhuriyet Meclisi\u2019nden yap\u0131lan a\u00e7\u0131klamaya g\u00f6re, \u0130dari, Kamu ve Sa\u011fl\u0131k \u0130\u015fleri Komitesi bug\u00fcn UBP Milletvekili Sunat Atun ba\u015fkanl\u0131\u011f\u0131nda topland\u0131. Komite toplant\u0131s\u0131na, Komite Ba\u015fkan Vekili, [&hellip;]<\/p>\n","protected":false},"author":908,"featured_media":16622,"comment_status":"open","ping_status":"open","sticky":false,"template":"","format":"standard","meta":{"_jetpack_memberships_contains_paid_content":false,"footnotes":"","jetpack_publicize_message":"","jetpack_publicize_feature_enabled":true,"jetpack_social_post_already_shared":true,"jetpack_social_options":{"image_generator_settings":{"template":"highway","default_image_id":0,"font":"","enabled":false},"version":2}},"categories":[253],"tags":[],"class_list":["post-16621","post","type-post","status-publish","format-standard","has-post-thumbnail","hentry","category-gundem"],"jetpack_publicize_connections":[],"jetpack_featured_media_url":"https:\/\/kibrisayna.com\/wp-content\/uploads\/2025\/01\/SALSKDSA.jpg","jetpack_sharing_enabled":true,"_links":{"self":[{"href":"https:\/\/kibrisayna.com\/index.php\/wp-json\/wp\/v2\/posts\/16621","targetHints":{"allow":["GET"]}}],"collection":[{"href":"https:\/\/kibrisayna.com\/index.php\/wp-json\/wp\/v2\/posts"}],"about":[{"href":"https:\/\/kibrisayna.com\/index.php\/wp-json\/wp\/v2\/types\/post"}],"author":[{"embeddable":true,"href":"https:\/\/kibrisayna.com\/index.php\/wp-json\/wp\/v2\/users\/908"}],"replies":[{"embeddable":true,"href":"https:\/\/kibrisayna.com\/index.php\/wp-json\/wp\/v2\/comments?post=16621"}],"version-history":[{"count":0,"href":"https:\/\/kibrisayna.com\/index.php\/wp-json\/wp\/v2\/posts\/16621\/revisions"}],"wp:featuredmedia":[{"embeddable":true,"href":"https:\/\/kibrisayna.com\/index.php\/wp-json\/wp\/v2\/media\/16622"}],"wp:attachment":[{"href":"https:\/\/kibrisayna.com\/index.php\/wp-json\/wp\/v2\/media?parent=16621"}],"wp:term":[{"taxonomy":"category","embeddable":true,"href":"https:\/\/kibrisayna.com\/index.php\/wp-json\/wp\/v2\/categories?post=16621"},{"taxonomy":"post_tag","embeddable":true,"href":"https:\/\/kibrisayna.com\/index.php\/wp-json\/wp\/v2\/tags?post=16621"}],"curies":[{"name":"wp","href":"https:\/\/api.w.org\/{rel}","templated":true}]}}