{"id":16612,"date":"2025-01-15T16:31:36","date_gmt":"2025-01-15T13:31:36","guid":{"rendered":"https:\/\/kibrisayna.com\/index.php\/2025\/01\/15\/suleyman-goktas-dogum-gununde-anilacak-brtk\/"},"modified":"2025-01-15T16:31:36","modified_gmt":"2025-01-15T13:31:36","slug":"suleyman-goktas-dogum-gununde-anilacak-brtk","status":"publish","type":"post","link":"https:\/\/kibrisayna.com\/index.php\/2025\/01\/15\/suleyman-goktas-dogum-gununde-anilacak-brtk\/","title":{"rendered":"S\u00fcleyman G\u00f6kta\u015f, do\u011fum g\u00fcn\u00fcnde an\u0131lacak\u2026 \u2013 BRTK"},"content":{"rendered":"<p> <br \/>\n<\/p>\n<div>\n<div class=\"mariselle-image-container center\">\n                <img loading=\"lazy\" decoding=\"async\" width=\"526\" height=\"780\" class=\"lazy-image\" alt=\"\" sizes=\"auto, (max-width: 526px) 100vw, 526px\" src=\"https:\/\/brtk.net\/wp-content\/uploads\/2025\/01\/15\/SULEYMAN-GOKTAS.jpg?ver=abe085329b18c8bffa1aa442c4c3aa58\" srcset=\"https:\/\/brtk.net\/wp-content\/uploads\/2025\/01\/15\/SULEYMAN-GOKTAS.jpg?ver=abe085329b18c8bffa1aa442c4c3aa58 526w, https:\/\/brtk.net\/wp-content\/uploads\/2025\/01\/15\/SULEYMAN-GOKTAS-202x300.jpg?ver=14ce516d07d934679629d72e63497856 202w\"\/>                            <\/div>\n<p>Spor camias\u0131na uzun y\u0131llar hizmet eden Kuzey K\u0131br\u0131s T\u00fcrk Futbol Antren\u00f6rleri Derne\u011fi\u2019nin merhum Onursal Ba\u015fkan\u0131 S\u00fcleyman G\u00f6kta\u015f, do\u011fum g\u00fcn\u00fcnde d\u00fczenlenecek \u00f6zel bir etkinlikle an\u0131lacak.<br \/>S\u00fcleyman G\u00f6kta\u015f\u2019\u0131n e\u015fi Ay\u015fe Fevzi G\u00f6kta\u015f, sosyal medya hesab\u0131ndan yapt\u0131\u011f\u0131 a\u00e7\u0131klamada G\u00f6kta\u015f\u2019\u0131n aile, spor \u00e7evresi ve sevenlerinin kat\u0131laca\u011f\u0131 etkinli\u011fin 19 Ocak Pazar g\u00fcn\u00fc Paradise Park\u2019ta yap\u0131laca\u011f\u0131n\u0131 duyurdu. An\u0131 organizasyonu saat 17:30\u2019da ba\u015flayacak.<\/p>\n<\/p><\/div>\n<p><script async\n                    defer\n                    crossorigin=\"anonymous\"\n                    src=\"https:\/\/connect.facebook.net\/tr_TR\/sdk.js#xfbml=1&#038;version=v3.3\"\n            ><\/script><br \/>\n<br \/><br \/>\n<br \/><a href=\"https:\/\/brtk.net\/suleyman-goktas-dogum-gununde-anilacak\/\">Kaynak BRT <\/a><\/p>\n","protected":false},"excerpt":{"rendered":"<p>Spor camias\u0131na uzun y\u0131llar hizmet eden Kuzey K\u0131br\u0131s T\u00fcrk Futbol Antren\u00f6rleri Derne\u011fi\u2019nin merhum Onursal Ba\u015fkan\u0131 S\u00fcleyman G\u00f6kta\u015f, do\u011fum g\u00fcn\u00fcnde d\u00fczenlenecek \u00f6zel bir etkinlikle an\u0131lacak.S\u00fcleyman G\u00f6kta\u015f\u2019\u0131n e\u015fi Ay\u015fe Fevzi G\u00f6kta\u015f, sosyal medya hesab\u0131ndan yapt\u0131\u011f\u0131 a\u00e7\u0131klamada G\u00f6kta\u015f\u2019\u0131n aile, spor \u00e7evresi ve sevenlerinin kat\u0131laca\u011f\u0131 etkinli\u011fin 19 Ocak Pazar g\u00fcn\u00fc Paradise Park\u2019ta yap\u0131laca\u011f\u0131n\u0131 duyurdu. An\u0131 organizasyonu saat 17:30\u2019da ba\u015flayacak. [&hellip;]<\/p>\n","protected":false},"author":908,"featured_media":16613,"comment_status":"open","ping_status":"open","sticky":false,"template":"","format":"standard","meta":{"_jetpack_memberships_contains_paid_content":false,"footnotes":"","jetpack_publicize_message":"","jetpack_publicize_feature_enabled":true,"jetpack_social_post_already_shared":true,"jetpack_social_options":{"image_generator_settings":{"template":"highway","default_image_id":0,"font":"","enabled":false},"version":2}},"categories":[9],"tags":[],"class_list":["post-16612","post","type-post","status-publish","format-standard","has-post-thumbnail","hentry","category-spor"],"jetpack_publicize_connections":[],"jetpack_featured_media_url":"https:\/\/kibrisayna.com\/wp-content\/uploads\/2025\/01\/SULEYMAN-GOKTAS.jpg","jetpack_sharing_enabled":true,"_links":{"self":[{"href":"https:\/\/kibrisayna.com\/index.php\/wp-json\/wp\/v2\/posts\/16612","targetHints":{"allow":["GET"]}}],"collection":[{"href":"https:\/\/kibrisayna.com\/index.php\/wp-json\/wp\/v2\/posts"}],"about":[{"href":"https:\/\/kibrisayna.com\/index.php\/wp-json\/wp\/v2\/types\/post"}],"author":[{"embeddable":true,"href":"https:\/\/kibrisayna.com\/index.php\/wp-json\/wp\/v2\/users\/908"}],"replies":[{"embeddable":true,"href":"https:\/\/kibrisayna.com\/index.php\/wp-json\/wp\/v2\/comments?post=16612"}],"version-history":[{"count":0,"href":"https:\/\/kibrisayna.com\/index.php\/wp-json\/wp\/v2\/posts\/16612\/revisions"}],"wp:featuredmedia":[{"embeddable":true,"href":"https:\/\/kibrisayna.com\/index.php\/wp-json\/wp\/v2\/media\/16613"}],"wp:attachment":[{"href":"https:\/\/kibrisayna.com\/index.php\/wp-json\/wp\/v2\/media?parent=16612"}],"wp:term":[{"taxonomy":"category","embeddable":true,"href":"https:\/\/kibrisayna.com\/index.php\/wp-json\/wp\/v2\/categories?post=16612"},{"taxonomy":"post_tag","embeddable":true,"href":"https:\/\/kibrisayna.com\/index.php\/wp-json\/wp\/v2\/tags?post=16612"}],"curies":[{"name":"wp","href":"https:\/\/api.w.org\/{rel}","templated":true}]}}