{"id":16606,"date":"2025-01-15T15:29:19","date_gmt":"2025-01-15T12:29:19","guid":{"rendered":"https:\/\/kibrisayna.com\/index.php\/2025\/01\/15\/taekwondoculardr-kucuk-anisina-yaristi-brtk\/"},"modified":"2025-01-15T15:29:19","modified_gmt":"2025-01-15T12:29:19","slug":"taekwondoculardr-kucuk-anisina-yaristi-brtk","status":"publish","type":"post","link":"https:\/\/kibrisayna.com\/index.php\/2025\/01\/15\/taekwondoculardr-kucuk-anisina-yaristi-brtk\/","title":{"rendered":"TaekwondocularDr. K\u00fc\u00e7\u00fck an\u0131s\u0131na yar\u0131\u015ft\u0131 \u2013 BRTK"},"content":{"rendered":"<p> <br \/>\n<\/p>\n<div>\n<div class=\"mariselle-image-container center\">\n                <img loading=\"lazy\" decoding=\"async\" width=\"1600\" height=\"664\" class=\"lazy-image\" alt=\"\" sizes=\"auto, (max-width: 1600px) 100vw, 1600px\" src=\"https:\/\/brtk.net\/wp-content\/uploads\/2025\/01\/15\/TAEKWONDO.jpeg?ver=4d8d595961220bec6492169bdb3f11d0\" srcset=\"https:\/\/brtk.net\/wp-content\/uploads\/2025\/01\/15\/TAEKWONDO.jpeg?ver=4d8d595961220bec6492169bdb3f11d0 1600w, https:\/\/brtk.net\/wp-content\/uploads\/2025\/01\/15\/TAEKWONDO-300x125.jpeg?ver=959aee8466f65653af04d541261b4b94 300w, https:\/\/brtk.net\/wp-content\/uploads\/2025\/01\/15\/TAEKWONDO-1024x425.jpeg?ver=959aee8466f65653af04d541261b4b94 1024w, https:\/\/brtk.net\/wp-content\/uploads\/2025\/01\/15\/TAEKWONDO-768x319.jpeg?ver=959aee8466f65653af04d541261b4b94 768w, https:\/\/brtk.net\/wp-content\/uploads\/2025\/01\/15\/TAEKWONDO-1536x637.jpeg?ver=25388fd3a624a781bf69891768e5520b 1536w\"\/>                            <\/div>\n<p>Taekwondocular \u201cDr. K\u00fc\u00e7\u00fck \u00c7iftler Kar\u0131\u015f\u0131k Hyong\u015eampiyonas\u0131\u201dnda m\u00fccadele verdi.<br \/>Girne Avrasya Taekwondo Merkezi\u2019nde ger\u00e7ekle\u015ftirilen turnuvaya t\u00fcm b\u00f6lgelerden sporcular kat\u0131ld\u0131.<br \/>M\u00fcsabakalarda dereceye giren sporculara \u00f6d\u00fclleri,Senior Grand Master Ey\u00fcp Zafer G\u00f6kbilen ve Kul\u00fcp temsilcileri taraf\u0131ndan verildi.<\/p>\n<\/p><\/div>\n<p><script async\n                    defer\n                    crossorigin=\"anonymous\"\n                    src=\"https:\/\/connect.facebook.net\/tr_TR\/sdk.js#xfbml=1&#038;version=v3.3\"\n            ><\/script><br \/>\n<br \/><br \/>\n<br \/><a href=\"https:\/\/brtk.net\/taekwondoculardr-kucuk-anisina-yaristi\/\">Kaynak BRT <\/a><\/p>\n","protected":false},"excerpt":{"rendered":"<p>Taekwondocular \u201cDr. K\u00fc\u00e7\u00fck \u00c7iftler Kar\u0131\u015f\u0131k Hyong\u015eampiyonas\u0131\u201dnda m\u00fccadele verdi.Girne Avrasya Taekwondo Merkezi\u2019nde ger\u00e7ekle\u015ftirilen turnuvaya t\u00fcm b\u00f6lgelerden sporcular kat\u0131ld\u0131.M\u00fcsabakalarda dereceye giren sporculara \u00f6d\u00fclleri,Senior Grand Master Ey\u00fcp Zafer G\u00f6kbilen ve Kul\u00fcp temsilcileri taraf\u0131ndan verildi. Kaynak BRT<\/p>\n","protected":false},"author":908,"featured_media":16607,"comment_status":"open","ping_status":"open","sticky":false,"template":"","format":"standard","meta":{"_jetpack_memberships_contains_paid_content":false,"footnotes":"","jetpack_publicize_message":"","jetpack_publicize_feature_enabled":true,"jetpack_social_post_already_shared":true,"jetpack_social_options":{"image_generator_settings":{"template":"highway","default_image_id":0,"font":"","enabled":false},"version":2}},"categories":[9],"tags":[],"class_list":["post-16606","post","type-post","status-publish","format-standard","has-post-thumbnail","hentry","category-spor"],"jetpack_publicize_connections":[],"jetpack_featured_media_url":"https:\/\/kibrisayna.com\/wp-content\/uploads\/2025\/01\/1736944170_TAEKWONDO.jpeg","jetpack_sharing_enabled":true,"_links":{"self":[{"href":"https:\/\/kibrisayna.com\/index.php\/wp-json\/wp\/v2\/posts\/16606","targetHints":{"allow":["GET"]}}],"collection":[{"href":"https:\/\/kibrisayna.com\/index.php\/wp-json\/wp\/v2\/posts"}],"about":[{"href":"https:\/\/kibrisayna.com\/index.php\/wp-json\/wp\/v2\/types\/post"}],"author":[{"embeddable":true,"href":"https:\/\/kibrisayna.com\/index.php\/wp-json\/wp\/v2\/users\/908"}],"replies":[{"embeddable":true,"href":"https:\/\/kibrisayna.com\/index.php\/wp-json\/wp\/v2\/comments?post=16606"}],"version-history":[{"count":0,"href":"https:\/\/kibrisayna.com\/index.php\/wp-json\/wp\/v2\/posts\/16606\/revisions"}],"wp:featuredmedia":[{"embeddable":true,"href":"https:\/\/kibrisayna.com\/index.php\/wp-json\/wp\/v2\/media\/16607"}],"wp:attachment":[{"href":"https:\/\/kibrisayna.com\/index.php\/wp-json\/wp\/v2\/media?parent=16606"}],"wp:term":[{"taxonomy":"category","embeddable":true,"href":"https:\/\/kibrisayna.com\/index.php\/wp-json\/wp\/v2\/categories?post=16606"},{"taxonomy":"post_tag","embeddable":true,"href":"https:\/\/kibrisayna.com\/index.php\/wp-json\/wp\/v2\/tags?post=16606"}],"curies":[{"name":"wp","href":"https:\/\/api.w.org\/{rel}","templated":true}]}}