{"id":16596,"date":"2025-01-15T14:24:23","date_gmt":"2025-01-15T11:24:23","guid":{"rendered":"https:\/\/kibrisayna.com\/index.php\/2025\/01\/15\/ktffden-aday-hakem-kursu-brtk\/"},"modified":"2025-01-15T14:24:23","modified_gmt":"2025-01-15T11:24:23","slug":"ktffden-aday-hakem-kursu-brtk","status":"publish","type":"post","link":"https:\/\/kibrisayna.com\/index.php\/2025\/01\/15\/ktffden-aday-hakem-kursu-brtk\/","title":{"rendered":"KTFF\u2019den aday hakem kursu \u2013 BRTK"},"content":{"rendered":"<p> <br \/>\n<\/p>\n<div>\n<div class=\"mariselle-image-container center\">\n                <img loading=\"lazy\" decoding=\"async\" width=\"1993\" height=\"1341\" class=\"lazy-image\" alt=\"\" sizes=\"auto, (max-width: 1993px) 100vw, 1993px\" src=\"https:\/\/brtk.net\/wp-content\/uploads\/2025\/01\/15\/HAKEM.jpg?ver=49d44a95e2ca34fdfde794ba6c8e587f\" srcset=\"https:\/\/brtk.net\/wp-content\/uploads\/2025\/01\/15\/HAKEM.jpg?ver=49d44a95e2ca34fdfde794ba6c8e587f 1993w, https:\/\/brtk.net\/wp-content\/uploads\/2025\/01\/15\/HAKEM-300x202.jpg?ver=4991c4ec9b5a5b645c06ebb6a9450020 300w, https:\/\/brtk.net\/wp-content\/uploads\/2025\/01\/15\/HAKEM-1024x689.jpg?ver=6cbf8dcb57d2c1a6b659c51e72386f5c 1024w, https:\/\/brtk.net\/wp-content\/uploads\/2025\/01\/15\/HAKEM-768x517.jpg?ver=6cbf8dcb57d2c1a6b659c51e72386f5c 768w, https:\/\/brtk.net\/wp-content\/uploads\/2025\/01\/15\/HAKEM-1536x1034.jpg?ver=ef377fdd3664bf9da861e173f2713015 1536w\"\/>                            <\/div>\n<p>K\u0131br\u0131s T\u00fcrk Futbol Federasyonu Merkez Hakem Kurulu d\u00fczenlenecek \u201cAday Hakem Kursu\u201d i\u00e7in ba\u015fvuru kabul ediyor.<br \/>Federasyondan yap\u0131lan a\u00e7\u0131klamada, kursa kat\u0131lmak isteyenlerin; 14-17 Ocak tarihlerinde KTFF Genel Sekreterli\u011fi\u2019ne k\u0131sa \u00f6z ge\u00e7mi\u015f ve ki\u015fisel bilgileri i\u00e7eren dilek\u00e7e ile ba\u015fvuru yap\u0131labilece\u011fi belirtildi.<br \/>Kurs program\u0131n\u0131n,ba\u015fvurular\u0131n ard\u0131ndan planlanaca\u011f\u0131n\u0131 da a\u00e7\u0131klayan Federasyon, resmi internet sitesinden yapt\u0131\u011f\u0131 duyuruda hakemli\u011fe giri\u015fte aranacak \u015fartlara da i\u015faret etti.<\/p>\n<\/p><\/div>\n<p><script async\n                    defer\n                    crossorigin=\"anonymous\"\n                    src=\"https:\/\/connect.facebook.net\/tr_TR\/sdk.js#xfbml=1&#038;version=v3.3\"\n            ><\/script><br \/>\n<br \/><br \/>\n<br \/><a href=\"https:\/\/brtk.net\/ktffden-aday-hakem-kursu\/\">Kaynak BRT <\/a><\/p>\n","protected":false},"excerpt":{"rendered":"<p>K\u0131br\u0131s T\u00fcrk Futbol Federasyonu Merkez Hakem Kurulu d\u00fczenlenecek \u201cAday Hakem Kursu\u201d i\u00e7in ba\u015fvuru kabul ediyor.Federasyondan yap\u0131lan a\u00e7\u0131klamada, kursa kat\u0131lmak isteyenlerin; 14-17 Ocak tarihlerinde KTFF Genel Sekreterli\u011fi\u2019ne k\u0131sa \u00f6z ge\u00e7mi\u015f ve ki\u015fisel bilgileri i\u00e7eren dilek\u00e7e ile ba\u015fvuru yap\u0131labilece\u011fi belirtildi.Kurs program\u0131n\u0131n,ba\u015fvurular\u0131n ard\u0131ndan planlanaca\u011f\u0131n\u0131 da a\u00e7\u0131klayan Federasyon, resmi internet sitesinden yapt\u0131\u011f\u0131 duyuruda hakemli\u011fe giri\u015fte aranacak \u015fartlara da i\u015faret [&hellip;]<\/p>\n","protected":false},"author":908,"featured_media":16597,"comment_status":"open","ping_status":"open","sticky":false,"template":"","format":"standard","meta":{"_jetpack_memberships_contains_paid_content":false,"footnotes":"","jetpack_publicize_message":"","jetpack_publicize_feature_enabled":true,"jetpack_social_post_already_shared":true,"jetpack_social_options":{"image_generator_settings":{"template":"highway","default_image_id":0,"font":"","enabled":false},"version":2}},"categories":[9],"tags":[],"class_list":["post-16596","post","type-post","status-publish","format-standard","has-post-thumbnail","hentry","category-spor"],"jetpack_publicize_connections":[],"jetpack_featured_media_url":"https:\/\/kibrisayna.com\/wp-content\/uploads\/2025\/01\/HAKEM.jpg","jetpack_sharing_enabled":true,"_links":{"self":[{"href":"https:\/\/kibrisayna.com\/index.php\/wp-json\/wp\/v2\/posts\/16596","targetHints":{"allow":["GET"]}}],"collection":[{"href":"https:\/\/kibrisayna.com\/index.php\/wp-json\/wp\/v2\/posts"}],"about":[{"href":"https:\/\/kibrisayna.com\/index.php\/wp-json\/wp\/v2\/types\/post"}],"author":[{"embeddable":true,"href":"https:\/\/kibrisayna.com\/index.php\/wp-json\/wp\/v2\/users\/908"}],"replies":[{"embeddable":true,"href":"https:\/\/kibrisayna.com\/index.php\/wp-json\/wp\/v2\/comments?post=16596"}],"version-history":[{"count":0,"href":"https:\/\/kibrisayna.com\/index.php\/wp-json\/wp\/v2\/posts\/16596\/revisions"}],"wp:featuredmedia":[{"embeddable":true,"href":"https:\/\/kibrisayna.com\/index.php\/wp-json\/wp\/v2\/media\/16597"}],"wp:attachment":[{"href":"https:\/\/kibrisayna.com\/index.php\/wp-json\/wp\/v2\/media?parent=16596"}],"wp:term":[{"taxonomy":"category","embeddable":true,"href":"https:\/\/kibrisayna.com\/index.php\/wp-json\/wp\/v2\/categories?post=16596"},{"taxonomy":"post_tag","embeddable":true,"href":"https:\/\/kibrisayna.com\/index.php\/wp-json\/wp\/v2\/tags?post=16596"}],"curies":[{"name":"wp","href":"https:\/\/api.w.org\/{rel}","templated":true}]}}