{"id":16592,"date":"2025-01-15T13:27:44","date_gmt":"2025-01-15T10:27:44","guid":{"rendered":"https:\/\/kibrisayna.com\/index.php\/2025\/01\/15\/milli-uyduya-adini-veren-fergani-kimdir-ferganin-hayat-hikayesi-son-dakika-turkiye-haberleri\/"},"modified":"2025-01-15T13:27:44","modified_gmt":"2025-01-15T10:27:44","slug":"milli-uyduya-adini-veren-fergani-kimdir-ferganin-hayat-hikayesi-son-dakika-turkiye-haberleri","status":"publish","type":"post","link":"https:\/\/kibrisayna.com\/index.php\/2025\/01\/15\/milli-uyduya-adini-veren-fergani-kimdir-ferganin-hayat-hikayesi-son-dakika-turkiye-haberleri\/","title":{"rendered":"Milli uyduya ad\u0131n\u0131 veren Fergani kimdir? (Ferga&#8217;nin hayat hikayesi) &#8211; Son Dakika T\u00fcrkiye Haberleri"},"content":{"rendered":"<p> <br \/>\n<\/p>\n<div>\n<p>Ferghani veya Fergani, tam ad\u0131yla Ahmed el-Fergani, 9. y\u00fczy\u0131lda ya\u015fam\u0131\u015f olan \u00f6nemli bir Orta \u00c7a\u011f \u0130slam astronomu, matematik\u00e7i ve co\u011frafyac\u0131d\u0131r. Bat\u0131&#8217;da Alfraganus olarak da bilinir. Fergana Vadisi&#8217;nde do\u011fdu\u011fu d\u00fc\u015f\u00fcn\u00fclen Fergani, Abbasi Halifesi Memun d\u00f6neminde Ba\u011fdat&#8217;ta \u00f6nemli \u00e7al\u0131\u015fmalar yapm\u0131\u015ft\u0131r.<\/p>\n<p>\u0130lim tahsilini zaman\u0131n k\u00fclt\u00fcr merkezi olan Fergana&#8217;da yapt\u0131. Sonra, Ba\u011fdat&#8217;a gitti. K\u0131sa s\u00fcrede kendisini tan\u0131tan Fergani, astronomi ve matematik alan\u0131nda kendisini kabul ettirdi. Abbasi halifeleri Memun, Mutas\u0131m, el-Vas\u0131k ve el-M\u00fctevekkil devirlerinde \u00f6nemli ilmi ara\u015ft\u0131rmalar yapt\u0131 ve bir\u00e7ok eser yazd\u0131. Halife M\u00fctevekkil, konusunda s\u00f6z sahibi olan Fergani&#8217;yi 861 y\u0131l\u0131nda Nil k\u0131y\u0131s\u0131ndaki \u00f6l\u00e7\u00fcmleri yapabilmek i\u00e7in, Ravda adas\u0131nda bulunan nilometrenin in\u015fas\u0131n\u0131 y\u00f6netmesi ve yap\u0131lan \u00f6l\u00e7\u00fcm i\u015flerine nezaret etmesi i\u00e7in M\u0131s\u0131r&#8217;a g\u00f6nderdi.<\/p>\n<p>Fergani, fizik ve mekanik alanlar\u0131nda da \u00e7al\u0131\u015fmalarda bulunmu\u015ftur. \u00c7izimini kendi haz\u0131rlad\u0131\u011f\u0131 ve yap\u0131m\u0131na nezaret etti\u011fi Nil nehri sular\u0131n\u0131n h\u0131z\u0131n\u0131 ve seviyesini \u00f6l\u00e7en Mikyas \u00fcl-Cedid ad\u0131nda bir alet yapm\u0131\u015ft\u0131r.<\/p>\n<\/div>\n<p><br \/>\n<br \/><a href=\"https:\/\/www.ntv.com.tr\/turkiye\/milli-uyduya-adini-veren-fergani-kimdir-ferganin-hayat-hikayesi,gvB4RQQC8kmCD-jc5Sn_LA\"><\/a><\/p>\n","protected":false},"excerpt":{"rendered":"<p>Ferghani veya Fergani, tam ad\u0131yla Ahmed el-Fergani, 9. y\u00fczy\u0131lda ya\u015fam\u0131\u015f olan \u00f6nemli bir Orta \u00c7a\u011f \u0130slam astronomu, matematik\u00e7i ve co\u011frafyac\u0131d\u0131r. Bat\u0131&#8217;da Alfraganus olarak da bilinir. Fergana Vadisi&#8217;nde do\u011fdu\u011fu d\u00fc\u015f\u00fcn\u00fclen Fergani, Abbasi Halifesi Memun d\u00f6neminde Ba\u011fdat&#8217;ta \u00f6nemli \u00e7al\u0131\u015fmalar yapm\u0131\u015ft\u0131r. \u0130lim tahsilini zaman\u0131n k\u00fclt\u00fcr merkezi olan Fergana&#8217;da yapt\u0131. Sonra, Ba\u011fdat&#8217;a gitti. K\u0131sa s\u00fcrede kendisini tan\u0131tan Fergani, astronomi [&hellip;]<\/p>\n","protected":false},"author":908,"featured_media":16593,"comment_status":"open","ping_status":"open","sticky":false,"template":"","format":"standard","meta":{"_jetpack_memberships_contains_paid_content":false,"footnotes":"","jetpack_publicize_message":"","jetpack_publicize_feature_enabled":true,"jetpack_social_post_already_shared":true,"jetpack_social_options":{"image_generator_settings":{"template":"highway","default_image_id":0,"font":"","enabled":false},"version":2}},"categories":[12],"tags":[],"class_list":["post-16592","post","type-post","status-publish","format-standard","has-post-thumbnail","hentry","category-teknoloji"],"jetpack_publicize_connections":[],"jetpack_featured_media_url":"https:\/\/kibrisayna.com\/wp-content\/uploads\/2025\/01\/W6p4OGhz6EqWXsZjr76ipw.jpg","jetpack_sharing_enabled":true,"_links":{"self":[{"href":"https:\/\/kibrisayna.com\/index.php\/wp-json\/wp\/v2\/posts\/16592","targetHints":{"allow":["GET"]}}],"collection":[{"href":"https:\/\/kibrisayna.com\/index.php\/wp-json\/wp\/v2\/posts"}],"about":[{"href":"https:\/\/kibrisayna.com\/index.php\/wp-json\/wp\/v2\/types\/post"}],"author":[{"embeddable":true,"href":"https:\/\/kibrisayna.com\/index.php\/wp-json\/wp\/v2\/users\/908"}],"replies":[{"embeddable":true,"href":"https:\/\/kibrisayna.com\/index.php\/wp-json\/wp\/v2\/comments?post=16592"}],"version-history":[{"count":0,"href":"https:\/\/kibrisayna.com\/index.php\/wp-json\/wp\/v2\/posts\/16592\/revisions"}],"wp:featuredmedia":[{"embeddable":true,"href":"https:\/\/kibrisayna.com\/index.php\/wp-json\/wp\/v2\/media\/16593"}],"wp:attachment":[{"href":"https:\/\/kibrisayna.com\/index.php\/wp-json\/wp\/v2\/media?parent=16592"}],"wp:term":[{"taxonomy":"category","embeddable":true,"href":"https:\/\/kibrisayna.com\/index.php\/wp-json\/wp\/v2\/categories?post=16592"},{"taxonomy":"post_tag","embeddable":true,"href":"https:\/\/kibrisayna.com\/index.php\/wp-json\/wp\/v2\/tags?post=16592"}],"curies":[{"name":"wp","href":"https:\/\/api.w.org\/{rel}","templated":true}]}}