{"id":16584,"date":"2025-01-15T12:40:57","date_gmt":"2025-01-15T09:40:57","guid":{"rendered":"https:\/\/kibrisayna.com\/index.php\/2025\/01\/15\/el-senden-grev-uyarisi-brtk\/"},"modified":"2025-01-15T12:40:57","modified_gmt":"2025-01-15T09:40:57","slug":"el-senden-grev-uyarisi-brtk","status":"publish","type":"post","link":"https:\/\/kibrisayna.com\/index.php\/2025\/01\/15\/el-senden-grev-uyarisi-brtk\/","title":{"rendered":"El-Sen\u2019den grev uyar\u0131s\u0131 \u2013 BRTK"},"content":{"rendered":"<p> <br \/>\n<\/p>\n<div>\n<div class=\"mariselle-image-container center\">\n                <img loading=\"lazy\" decoding=\"async\" width=\"706\" height=\"311\" class=\"lazy-image\" alt=\"\" sizes=\"auto, (max-width: 706px) 100vw, 706px\" src=\"https:\/\/brtk.net\/wp-content\/uploads\/2023\/03\/09\/ELSEN.jpg?ver=fbbe044b6a66ef69754df14722812387\" srcset=\"https:\/\/brtk.net\/wp-content\/uploads\/2023\/03\/09\/ELSEN.jpg?ver=fbbe044b6a66ef69754df14722812387 706w, https:\/\/brtk.net\/wp-content\/uploads\/2023\/03\/09\/ELSEN-300x132.jpg?ver=fbbe044b6a66ef69754df14722812387 300w\"\/>                            <\/div>\n<p>K\u0131br\u0131s T\u00fcrk Elektrik Kurumu \u00c7al\u0131\u015fanlar\u0131 Sendikas\u0131, sorunlar\u0131n \u00e7\u00f6z\u00fcm\u00fc ad\u0131na Ba\u015fbakan \u00dcnal \u00dcstel ile g\u00f6r\u00fc\u015fme talebinde bulunduklar\u0131n\u0131 a\u00e7\u0131klad\u0131.<\/p>\n<p>Sendika Ba\u015fkan\u0131 Ahmet Tu\u011fcu, yar\u0131na kadar g\u00f6r\u00fc\u015fme taleplerine yan\u0131t gelmemesi durumunda Cuma g\u00fcn\u00fc s\u00fcresiz greve gidebileceklerini a\u00e7\u0131klad\u0131.   <\/p>\n<p>\tK\u0131br\u0131s T\u00fcrk Elektrik Kurumu \u00c7al\u0131\u015fanlar\u0131 Sendikas\u0131, K\u0131br\u0131s T\u00fcrk Elektrik Kurumu ile bir araya gelerek, \u00f6nceden ifade edilen taleplerin yerine getirilmemesi ve \u00fczerinde anla\u015fmaya var\u0131lan takvimlendirmeye uyulmamas\u0131 konular\u0131n\u0131 g\u00f6r\u00fc\u015ft\u00fc.<\/p>\n<p>\tSendika ad\u0131na a\u00e7\u0131klama yapan Genel Ba\u015fkan Ahmet Tu\u011fcu,  baz\u0131 kararlar i\u00e7in Ba\u015fbakan \u00dcnal \u00dcstel\u2019in onay\u0131 gerekti\u011fini \u00f6\u011frendiklerini kaydederek, Ba\u015fbakan\u2019dan randevu talep etti.<\/p>\n<p>Tu\u011fcu, yapt\u0131\u011f\u0131 a\u00e7\u0131klamada, s\u00f6z konusu g\u00f6r\u00fc\u015fme talebinin g\u00f6rmezden gelinmesi yar\u0131na kadar taleplerine yan\u0131t gelmemesi durumunda cuma g\u00fcn\u00fc s\u00fcresiz grev dahil t\u00fcm yasal haklar\u0131n kullan\u0131labilece\u011fini ifade etti<\/p>\n<\/p><\/div>\n<p><script async\n                    defer\n                    crossorigin=\"anonymous\"\n                    src=\"https:\/\/connect.facebook.net\/tr_TR\/sdk.js#xfbml=1&#038;version=v3.3\"\n            ><\/script><br \/>\n<br \/><br \/>\n<br \/><a href=\"https:\/\/brtk.net\/el-senden-grev-uyarisi\/\">Kaynak BRT <\/a><\/p>\n","protected":false},"excerpt":{"rendered":"<p>K\u0131br\u0131s T\u00fcrk Elektrik Kurumu \u00c7al\u0131\u015fanlar\u0131 Sendikas\u0131, sorunlar\u0131n \u00e7\u00f6z\u00fcm\u00fc ad\u0131na Ba\u015fbakan \u00dcnal \u00dcstel ile g\u00f6r\u00fc\u015fme talebinde bulunduklar\u0131n\u0131 a\u00e7\u0131klad\u0131. Sendika Ba\u015fkan\u0131 Ahmet Tu\u011fcu, yar\u0131na kadar g\u00f6r\u00fc\u015fme taleplerine yan\u0131t gelmemesi durumunda Cuma g\u00fcn\u00fc s\u00fcresiz greve gidebileceklerini a\u00e7\u0131klad\u0131. K\u0131br\u0131s T\u00fcrk Elektrik Kurumu \u00c7al\u0131\u015fanlar\u0131 Sendikas\u0131, K\u0131br\u0131s T\u00fcrk Elektrik Kurumu ile bir araya gelerek, \u00f6nceden ifade edilen taleplerin yerine getirilmemesi ve [&hellip;]<\/p>\n","protected":false},"author":908,"featured_media":16585,"comment_status":"open","ping_status":"open","sticky":false,"template":"","format":"standard","meta":{"_jetpack_memberships_contains_paid_content":false,"footnotes":"","jetpack_publicize_message":"","jetpack_publicize_feature_enabled":true,"jetpack_social_post_already_shared":true,"jetpack_social_options":{"image_generator_settings":{"template":"highway","default_image_id":0,"font":"","enabled":false},"version":2}},"categories":[253],"tags":[],"class_list":["post-16584","post","type-post","status-publish","format-standard","has-post-thumbnail","hentry","category-gundem"],"jetpack_publicize_connections":[],"jetpack_featured_media_url":"https:\/\/kibrisayna.com\/wp-content\/uploads\/2025\/01\/elsen5.jpg","jetpack_sharing_enabled":true,"_links":{"self":[{"href":"https:\/\/kibrisayna.com\/index.php\/wp-json\/wp\/v2\/posts\/16584","targetHints":{"allow":["GET"]}}],"collection":[{"href":"https:\/\/kibrisayna.com\/index.php\/wp-json\/wp\/v2\/posts"}],"about":[{"href":"https:\/\/kibrisayna.com\/index.php\/wp-json\/wp\/v2\/types\/post"}],"author":[{"embeddable":true,"href":"https:\/\/kibrisayna.com\/index.php\/wp-json\/wp\/v2\/users\/908"}],"replies":[{"embeddable":true,"href":"https:\/\/kibrisayna.com\/index.php\/wp-json\/wp\/v2\/comments?post=16584"}],"version-history":[{"count":0,"href":"https:\/\/kibrisayna.com\/index.php\/wp-json\/wp\/v2\/posts\/16584\/revisions"}],"wp:featuredmedia":[{"embeddable":true,"href":"https:\/\/kibrisayna.com\/index.php\/wp-json\/wp\/v2\/media\/16585"}],"wp:attachment":[{"href":"https:\/\/kibrisayna.com\/index.php\/wp-json\/wp\/v2\/media?parent=16584"}],"wp:term":[{"taxonomy":"category","embeddable":true,"href":"https:\/\/kibrisayna.com\/index.php\/wp-json\/wp\/v2\/categories?post=16584"},{"taxonomy":"post_tag","embeddable":true,"href":"https:\/\/kibrisayna.com\/index.php\/wp-json\/wp\/v2\/tags?post=16584"}],"curies":[{"name":"wp","href":"https:\/\/api.w.org\/{rel}","templated":true}]}}